{"id":717,"date":"2017-11-21T15:39:52","date_gmt":"2017-11-21T15:39:52","guid":{"rendered":"http:\/\/noti-america.com\/site\/panama\/?p=717"},"modified":"2017-11-21T15:39:52","modified_gmt":"2017-11-21T15:39:52","slug":"panama-apuesta-por-la-receptividad-de-turistas-de-china","status":"publish","type":"post","link":"https:\/\/noti-america.com\/site\/panama\/2017\/11\/21\/panama-apuesta-por-la-receptividad-de-turistas-de-china\/","title":{"rendered":"Panam\u00e1 apuesta por la receptividad de turistas de China."},"content":{"rendered":"<p><em><strong>La gira de Estado, de Panam\u00e1, a la Rep\u00fablica Popular China sigue generando acciones por lo que, luego de la designaci\u00f3n del pa\u00eds como \u00abDestino Tur\u00edstico Aprobado\u00bb, la delegaci\u00f3n inaugur\u00f3 \u00abPanam\u00e1 Fest\u00bb en la ciudad de Shangh\u00e1i.<\/strong><\/em><\/p>\n<p>Con esta actividad, se espera que Panam\u00e1 incentive el ingreso de viajeros procedentes de la Rep\u00fablica Popular China -el mayor pa\u00eds emisor de turistas del mundo y el quinto con m\u00e1s gasto tur\u00edstico-.<\/p>\n<p>\u201cPanam\u00e1 es un destino \u00fanico, no solo para turistas y personas retiradas, sino tambi\u00e9n para aventureros, cient\u00edficos e historiadores\u201d, indic\u00f3 el presidente paname\u00f1o, Juan Carlos Varela, quien destac\u00f3 que Panam\u00e1 mantiene una campa\u00f1a internacional que la promueve como destino a nivel internacional.<\/p>\n<p>En este \u00abPanam\u00e1 Fest\u00bb, los participantes conocieron destinos como el Casco Antiguo, el conjunto monumental de Panam\u00e1 Viejo, el Canal ampliado, la abundante naturaleza, el folclor paname\u00f1o, los pueblos ind\u00edgenas, im\u00e1genes del Centro de Convenciones de Amador, entre otros.<br \/>\nAdem\u00e1s, ante una cocina en vivo, los invitados degustaron platos t\u00edpicos paname\u00f1o como torrejitas de bacalao, tamal de olla, ceviche, sancocho, saos y otros platos que forman parte de su gastronom\u00eda.<\/p>\n<p>El ministro de Turismo, Gustavo Him, destaca que, \u00abla idea de llevar a China el &#8216;Panam\u00e1 Fest\u00b4 es mostrar la riqueza cultural, hist\u00f3rica, gastron\u00f3mica y comercial que tiene el pa\u00eds, enfocado en las preferencias de los habitantes de China\u201d.<br \/>\nAgreg\u00f3 que el 20% de la poblaci\u00f3n China, que viaja todos los a\u00f1os por el mundo, gusta de los buenos hoteles, de lugares ex\u00f3ticos, emocionantes y conocer la historia de los pa\u00edses y Panam\u00e1 cuenta con el recurso tur\u00edstico y de infraestructura hotelera para satisfacer y atender la demanda de esta clase de turistas.<\/p>\n<p>Este festival es parte de la visita oficial que lleva a cabo el presidente Varela en China, que incluy\u00f3 la firma de 19 acuerdos. Entre ellos, adem\u00e1s de la designaci\u00f3n del pa\u00eds como un \u00abDestino Tur\u00edstico Aprobado\u00bb, se sentaron las bases para conexiones \u00e1reas directas, una de ellas ya confirmada por Air China, que iniciar\u00e1 vuelos directos a Panam\u00e1 a partir de marzo de 2018. Adem\u00e1s de la reciente flexibilizaci\u00f3n de las visas para ciudadanos chinos, estos acuerdos potenciar\u00e1n el turismo en el pa\u00eds.<\/p>\n<p><strong>Fotos<\/strong>: Autoridad de Turismo de panam\u00e1.<\/p>\n<p><img loading=\"lazy\" decoding=\"async\" class=\"wp-image-719 size-large aligncenter\" src=\"http:\/\/noti-america.com\/site\/panama\/wp-content\/uploads\/sites\/10\/2017\/11\/Turismo-Panama-China-4-682x1024.jpg\" alt=\"\" width=\"682\" height=\"1024\" srcset=\"https:\/\/noti-america.com\/site\/panama\/wp-content\/uploads\/sites\/10\/2017\/11\/Turismo-Panama-China-4-682x1024.jpg 682w, https:\/\/noti-america.com\/site\/panama\/wp-content\/uploads\/sites\/10\/2017\/11\/Turismo-Panama-China-4-200x300.jpg 200w, https:\/\/noti-america.com\/site\/panama\/wp-content\/uploads\/sites\/10\/2017\/11\/Turismo-Panama-China-4-768x1152.jpg 768w, https:\/\/noti-america.com\/site\/panama\/wp-content\/uploads\/sites\/10\/2017\/11\/Turismo-Panama-China-4.jpg 853w\" sizes=\"auto, (max-width: 682px) 100vw, 682px\" \/><\/p>\n<p><img loading=\"lazy\" decoding=\"async\" class=\"aligncenter wp-image-720 size-large\" src=\"http:\/\/noti-america.com\/site\/panama\/wp-content\/uploads\/sites\/10\/2017\/11\/Turismo-Panama-China-2-1024x682.jpg\" alt=\"\" width=\"1024\" height=\"682\" srcset=\"https:\/\/noti-america.com\/site\/panama\/wp-content\/uploads\/sites\/10\/2017\/11\/Turismo-Panama-China-2-1024x682.jpg 1024w, https:\/\/noti-america.com\/site\/panama\/wp-content\/uploads\/sites\/10\/2017\/11\/Turismo-Panama-China-2-300x200.jpg 300w, https:\/\/noti-america.com\/site\/panama\/wp-content\/uploads\/sites\/10\/2017\/11\/Turismo-Panama-China-2-768x512.jpg 768w, https:\/\/noti-america.com\/site\/panama\/wp-content\/uploads\/sites\/10\/2017\/11\/Turismo-Panama-China-2-272x182.jpg 272w, https:\/\/noti-america.com\/site\/panama\/wp-content\/uploads\/sites\/10\/2017\/11\/Turismo-Panama-China-2.jpg 1280w\" sizes=\"auto, (max-width: 1024px) 100vw, 1024px\" \/><\/p>\n","protected":false},"excerpt":{"rendered":"<p>La gira de Estado, de Panam\u00e1, a la Rep\u00fablica Popular China sigue generando acciones por lo que, luego de la designaci\u00f3n del pa\u00eds como \u00abDestino Tur\u00edstico Aprobado\u00bb, la delegaci\u00f3n inaugur\u00f3 \u00abPanam\u00e1 Fest\u00bb en la&#46;&#46;&#46;<\/p>\n","protected":false},"author":19,"featured_media":718,"comment_status":"open","ping_status":"open","sticky":false,"template":"","format":"standard","meta":{"footnotes":""},"categories":[5,4],"tags":[],"class_list":["post-717","post","type-post","status-publish","format-standard","has-post-thumbnail","hentry","category-economia","category-internacionales"],"_links":{"self":[{"href":"https:\/\/noti-america.com\/site\/panama\/wp-json\/wp\/v2\/posts\/717","targetHints":{"allow":["GET"]}}],"collection":[{"href":"https:\/\/noti-america.com\/site\/panama\/wp-json\/wp\/v2\/posts"}],"about":[{"href":"https:\/\/noti-america.com\/site\/panama\/wp-json\/wp\/v2\/types\/post"}],"author":[{"embeddable":true,"href":"https:\/\/noti-america.com\/site\/panama\/wp-json\/wp\/v2\/users\/19"}],"replies":[{"embeddable":true,"href":"https:\/\/noti-america.com\/site\/panama\/wp-json\/wp\/v2\/comments?post=717"}],"version-history":[{"count":2,"href":"https:\/\/noti-america.com\/site\/panama\/wp-json\/wp\/v2\/posts\/717\/revisions"}],"predecessor-version":[{"id":722,"href":"https:\/\/noti-america.com\/site\/panama\/wp-json\/wp\/v2\/posts\/717\/revisions\/722"}],"wp:featuredmedia":[{"embeddable":true,"href":"https:\/\/noti-america.com\/site\/panama\/wp-json\/wp\/v2\/media\/718"}],"wp:attachment":[{"href":"https:\/\/noti-america.com\/site\/panama\/wp-json\/wp\/v2\/media?parent=717"}],"wp:term":[{"taxonomy":"category","embeddable":true,"href":"https:\/\/noti-america.com\/site\/panama\/wp-json\/wp\/v2\/categories?post=717"},{"taxonomy":"post_tag","embeddable":true,"href":"https:\/\/noti-america.com\/site\/panama\/wp-json\/wp\/v2\/tags?post=717"}],"curies":[{"name":"wp","href":"https:\/\/api.w.org\/{rel}","templated":true}]}}