{"id":713,"date":"2017-11-21T02:35:29","date_gmt":"2017-11-21T02:35:29","guid":{"rendered":"http:\/\/noti-america.com\/site\/panama\/?p=713"},"modified":"2017-11-21T02:35:29","modified_gmt":"2017-11-21T02:35:29","slug":"diputado-panameno-lidera-comision-de-pueblos-indigenas-en-el-parlacen","status":"publish","type":"post","link":"https:\/\/noti-america.com\/site\/panama\/2017\/11\/21\/diputado-panameno-lidera-comision-de-pueblos-indigenas-en-el-parlacen\/","title":{"rendered":"Diputado paname\u00f1o lidera Comisi\u00f3n de Pueblos Ind\u00edgenas, en el PARLACEN"},"content":{"rendered":"<p><em><strong>La bancada de Panam\u00e1 ratific\u00f3, este lunes, al Diputado Lizandro Hern\u00e1ndez M., como presidente de la Comisi\u00f3n de Pueblos Ind\u00edgenas y Afrodescendientes del Parlamento Centroamericano, PARLACEN.<\/strong><\/em><\/p>\n<p>Adem\u00e1s, fueron electos otros tres diputados, que presidir\u00e1n las tres Comisiones correspondientes a Panam\u00e1, para el periodo 2017-2018.<\/p>\n<p>El HD, Lizandro Hern\u00e1ndez M.\u00a0es miembro activo del Partido Cambio Democr\u00e1tico y primer Diputado Ind\u00edgena, Paname\u00f1o, en este Organismo centroamericano.<\/p>\n<p>&nbsp;<\/p>\n<p>&nbsp;<\/p>\n","protected":false},"excerpt":{"rendered":"<p>La bancada de Panam\u00e1 ratific\u00f3, este lunes, al Diputado Lizandro Hern\u00e1ndez M., como presidente de la Comisi\u00f3n de Pueblos Ind\u00edgenas y Afrodescendientes del Parlamento Centroamericano, PARLACEN. Adem\u00e1s, fueron electos otros tres diputados, que presidir\u00e1n&#46;&#46;&#46;<\/p>\n","protected":false},"author":19,"featured_media":714,"comment_status":"open","ping_status":"open","sticky":false,"template":"","format":"standard","meta":{"footnotes":""},"categories":[3],"tags":[],"class_list":["post-713","post","type-post","status-publish","format-standard","has-post-thumbnail","hentry","category-politica"],"_links":{"self":[{"href":"https:\/\/noti-america.com\/site\/panama\/wp-json\/wp\/v2\/posts\/713","targetHints":{"allow":["GET"]}}],"collection":[{"href":"https:\/\/noti-america.com\/site\/panama\/wp-json\/wp\/v2\/posts"}],"about":[{"href":"https:\/\/noti-america.com\/site\/panama\/wp-json\/wp\/v2\/types\/post"}],"author":[{"embeddable":true,"href":"https:\/\/noti-america.com\/site\/panama\/wp-json\/wp\/v2\/users\/19"}],"replies":[{"embeddable":true,"href":"https:\/\/noti-america.com\/site\/panama\/wp-json\/wp\/v2\/comments?post=713"}],"version-history":[{"count":1,"href":"https:\/\/noti-america.com\/site\/panama\/wp-json\/wp\/v2\/posts\/713\/revisions"}],"predecessor-version":[{"id":715,"href":"https:\/\/noti-america.com\/site\/panama\/wp-json\/wp\/v2\/posts\/713\/revisions\/715"}],"wp:featuredmedia":[{"embeddable":true,"href":"https:\/\/noti-america.com\/site\/panama\/wp-json\/wp\/v2\/media\/714"}],"wp:attachment":[{"href":"https:\/\/noti-america.com\/site\/panama\/wp-json\/wp\/v2\/media?parent=713"}],"wp:term":[{"taxonomy":"category","embeddable":true,"href":"https:\/\/noti-america.com\/site\/panama\/wp-json\/wp\/v2\/categories?post=713"},{"taxonomy":"post_tag","embeddable":true,"href":"https:\/\/noti-america.com\/site\/panama\/wp-json\/wp\/v2\/tags?post=713"}],"curies":[{"name":"wp","href":"https:\/\/api.w.org\/{rel}","templated":true}]}}