{"id":701,"date":"2017-11-19T15:53:38","date_gmt":"2017-11-19T15:53:38","guid":{"rendered":"http:\/\/noti-america.com\/site\/panama\/?p=701"},"modified":"2017-11-19T15:56:06","modified_gmt":"2017-11-19T15:56:06","slug":"en-marzo-de-2018-inician-vuelos-directos-china-panama","status":"publish","type":"post","link":"https:\/\/noti-america.com\/site\/panama\/2017\/11\/19\/en-marzo-de-2018-inician-vuelos-directos-china-panama\/","title":{"rendered":"En marzo de 2018 inician vuelos China-Panam\u00e1"},"content":{"rendered":"<p>La l\u00ednea de transporte a\u00e9reo, Air China, estar\u00e1 iniciando vuelos hacia Panam\u00e1 para marzo de 2018, seg\u00fan ha anunciado el Presidente de la Compa\u00f1\u00eda Nacional de Aviaci\u00f3n de China, Cai JianJiang, al presidente paname\u00f1o, Juan Carlos Varela, quien se mantiene en una visita de Estado en la Rep\u00fablica Popular China.<\/p>\n<p>Seg\u00fan se indica, ser\u00e1n\u00a0dos frecuencias semanales desde la ciudad de Beijing que conectar\u00e1 con Panam\u00e1, v\u00eda Houston. Con esto se concreta el acuerdo de Transporte A\u00e9reo Civil en el marco del encuentro entre el Presidente Varela y el mandatario chino Xi Jinping, se confirma el primer vuelo directo a Panam\u00e1 por parte de una de las principales aerol\u00edneas chinas, que adem\u00e1s ha informado sobre el pr\u00f3ximo establecimiento de oficinas regionales en Panam\u00e1.<\/p>\n<p>Este convenio de aviaci\u00f3n fue firmado por la Vicepresidenta y Canciller de Panam\u00e1, Isabel de Saint Malo de Alvarado y el Administrador Aviaci\u00f3n Civil de China, Feng Zhenglin, y el mismo concede los derechos de tr\u00e1fico para abrir vuelos desde y hacia Panam\u00e1 o la Rep\u00fablica Popular China.<\/p>\n<p>La canciller\u00eda paname\u00f1a inform\u00f3 que en el encuentro, que busc\u00f3 coordinar la estrategia de ejecuci\u00f3n del acuerdo, participaron representantes de las 4 aerol\u00edneas m\u00e1s importantes de China: Air China, China Eastern, China Southern Air y Grupo Hainan Airlines.<\/p>\n<p>Por la parte paname\u00f1a particip\u00f3 la Vicepresidenta de Saint Malo de Alvarado, los Ministros de las carteras de Comercio, Augusto Arosemena, y Turismo, Gustavo Him; el Ministro Consejero Francisco Sierra, el Embajador de Panam\u00e1 Francisco Escobar, el Secretario de Metas Jorge Gonz\u00e1lez, la Directora de Pol\u00edtica Exterior, Nicole Wong, as\u00ed como el Presidente de Copa Airlines, Stanley Motta.<\/p>\n<p>Panam\u00e1, que cuenta con el hub a\u00e9reo m\u00e1s importante de Am\u00e9rica Latina, ahora podr\u00e1 acercar a uno de los mercados m\u00e1s importantes del mundo, el asi\u00e1tico, con toda la regi\u00f3n. Adem\u00e1s, se potenciar\u00e1 el intercambio comercial y tur\u00edstico que ambas naciones se proponen.<\/p>\n<p>Air China opera 395 rutas para pasajeros, incluyendo 102 rutas internacionales, 14 rutas regionales y 279 rutas nacionales, que sirven a 180 ciudades en 39 pa\u00edses (regiones). Cada semana Air China ofrece m\u00e1s de 8,500 vuelos y m\u00e1s de 1,66 millones de asientos.<\/p>\n<p><strong>Fotos:<\/strong> Canciller\u00eda de Panam\u00e1 y Twitter de Air China.<\/p>\n<p><img loading=\"lazy\" decoding=\"async\" class=\"wp-image-702 size-large aligncenter\" src=\"http:\/\/noti-america.com\/site\/panama\/wp-content\/uploads\/sites\/10\/2017\/11\/Air-China-Panam\u00e1-1024x682.jpg\" alt=\"\" width=\"1024\" height=\"682\" srcset=\"https:\/\/noti-america.com\/site\/panama\/wp-content\/uploads\/sites\/10\/2017\/11\/Air-China-Panam\u00e1-1024x682.jpg 1024w, https:\/\/noti-america.com\/site\/panama\/wp-content\/uploads\/sites\/10\/2017\/11\/Air-China-Panam\u00e1-300x200.jpg 300w, https:\/\/noti-america.com\/site\/panama\/wp-content\/uploads\/sites\/10\/2017\/11\/Air-China-Panam\u00e1-768x512.jpg 768w, https:\/\/noti-america.com\/site\/panama\/wp-content\/uploads\/sites\/10\/2017\/11\/Air-China-Panam\u00e1-272x182.jpg 272w, https:\/\/noti-america.com\/site\/panama\/wp-content\/uploads\/sites\/10\/2017\/11\/Air-China-Panam\u00e1.jpg 1280w\" sizes=\"auto, (max-width: 1024px) 100vw, 1024px\" \/><\/p>\n","protected":false},"excerpt":{"rendered":"<p>La l\u00ednea de transporte a\u00e9reo, Air China, estar\u00e1 iniciando vuelos hacia Panam\u00e1 para marzo de 2018, seg\u00fan ha anunciado el Presidente de la Compa\u00f1\u00eda Nacional de Aviaci\u00f3n de China, Cai JianJiang, al presidente paname\u00f1o,&#46;&#46;&#46;<\/p>\n","protected":false},"author":19,"featured_media":703,"comment_status":"open","ping_status":"open","sticky":false,"template":"","format":"standard","meta":{"footnotes":""},"categories":[5,4],"tags":[205,119,70,30,67,76,206],"class_list":["post-701","post","type-post","status-publish","format-standard","has-post-thumbnail","hentry","category-economia","category-internacionales","tag-air-china","tag-china","tag-juan-carlos-varela","tag-panama","tag-transporte","tag-turismo","tag-vuelos"],"_links":{"self":[{"href":"https:\/\/noti-america.com\/site\/panama\/wp-json\/wp\/v2\/posts\/701","targetHints":{"allow":["GET"]}}],"collection":[{"href":"https:\/\/noti-america.com\/site\/panama\/wp-json\/wp\/v2\/posts"}],"about":[{"href":"https:\/\/noti-america.com\/site\/panama\/wp-json\/wp\/v2\/types\/post"}],"author":[{"embeddable":true,"href":"https:\/\/noti-america.com\/site\/panama\/wp-json\/wp\/v2\/users\/19"}],"replies":[{"embeddable":true,"href":"https:\/\/noti-america.com\/site\/panama\/wp-json\/wp\/v2\/comments?post=701"}],"version-history":[{"count":2,"href":"https:\/\/noti-america.com\/site\/panama\/wp-json\/wp\/v2\/posts\/701\/revisions"}],"predecessor-version":[{"id":705,"href":"https:\/\/noti-america.com\/site\/panama\/wp-json\/wp\/v2\/posts\/701\/revisions\/705"}],"wp:featuredmedia":[{"embeddable":true,"href":"https:\/\/noti-america.com\/site\/panama\/wp-json\/wp\/v2\/media\/703"}],"wp:attachment":[{"href":"https:\/\/noti-america.com\/site\/panama\/wp-json\/wp\/v2\/media?parent=701"}],"wp:term":[{"taxonomy":"category","embeddable":true,"href":"https:\/\/noti-america.com\/site\/panama\/wp-json\/wp\/v2\/categories?post=701"},{"taxonomy":"post_tag","embeddable":true,"href":"https:\/\/noti-america.com\/site\/panama\/wp-json\/wp\/v2\/tags?post=701"}],"curies":[{"name":"wp","href":"https:\/\/api.w.org\/{rel}","templated":true}]}}