{"id":668,"date":"2017-11-17T01:34:44","date_gmt":"2017-11-17T01:34:44","guid":{"rendered":"http:\/\/noti-america.com\/site\/panama\/?p=668"},"modified":"2017-11-17T01:34:44","modified_gmt":"2017-11-17T01:34:44","slug":"abogada-lina-vega-asume-presidencia-de-transparencia-internacional-panama","status":"publish","type":"post","link":"https:\/\/noti-america.com\/site\/panama\/2017\/11\/17\/abogada-lina-vega-asume-presidencia-de-transparencia-internacional-panama\/","title":{"rendered":"Abogada Lina Vega asume presidencia de Transparencia Internacional, Panam\u00e1."},"content":{"rendered":"<p><em><strong>La designaci\u00f3n fue dada a conocer mediante un comunicado, en el que la Fundaci\u00f3n para el Desarrollo de a Libertad Ciudadana indica que la abogada Lina Vega Abad llega a la presidencia del organismo con una comprobada experiencia en transparencia y lucha anti corrupci\u00f3n, habiendo sido miembro de la Junta Directiva por 15 a\u00f1os, ocupando el cargo de Directora Ejecutiva de la Fundaci\u00f3n, en sus inicios y desarrollado su vida profesional evidenciando siempre el compromiso con la democracia y las libertades ciudadanas.<\/strong><\/em><\/p>\n<p>Asimismo la fundaci\u00f3n agradeci\u00f3 el trabajo del presidente saliente, Ram\u00f3n Ricardo Arias, quien se mantuvo por 4 a\u00f1os frente a la Junta Directiva, liderando programas de educaci\u00f3n ciudadanas e incisivas investigaciones pro transparencia gubernamental y libr\u00f3 una lucha contra esquemas de gran corrupci\u00f3n en el pa\u00eds.<\/p>\n<p>Adicionalmente se integra como miembro de la Junta Directiva de la fundaci\u00f3n, Diego Quijano Dur\u00e1n, economista y fundador del Instituto de Estudios para la Sociedad Abierta y actualmente Presidente de la Junta Directiva del diario La Prensa.\u00a0 Igualmente,\u00a0 Arlene Calvo, doctora en Salud P\u00fablica, investigadora y catedr\u00e1tica de la Universidad South Florida en temas de educaci\u00f3n y salud, especialmente los que afectan a la mujer y la familia.<\/p>\n<p><img loading=\"lazy\" decoding=\"async\" class=\"wp-image-669 size-full aligncenter\" src=\"http:\/\/noti-america.com\/site\/panama\/wp-content\/uploads\/sites\/10\/2017\/11\/Image-1.jpg\" alt=\"\" width=\"791\" height=\"321\" srcset=\"https:\/\/noti-america.com\/site\/panama\/wp-content\/uploads\/sites\/10\/2017\/11\/Image-1.jpg 791w, https:\/\/noti-america.com\/site\/panama\/wp-content\/uploads\/sites\/10\/2017\/11\/Image-1-300x122.jpg 300w, https:\/\/noti-america.com\/site\/panama\/wp-content\/uploads\/sites\/10\/2017\/11\/Image-1-768x312.jpg 768w\" sizes=\"auto, (max-width: 791px) 100vw, 791px\" \/><\/p>\n<p>&nbsp;<\/p>\n","protected":false},"excerpt":{"rendered":"<p>La designaci\u00f3n fue dada a conocer mediante un comunicado, en el que la Fundaci\u00f3n para el Desarrollo de a Libertad Ciudadana indica que la abogada Lina Vega Abad llega a la presidencia del organismo&#46;&#46;&#46;<\/p>\n","protected":false},"author":19,"featured_media":670,"comment_status":"open","ping_status":"open","sticky":false,"template":"","format":"standard","meta":{"footnotes":""},"categories":[3],"tags":[],"class_list":["post-668","post","type-post","status-publish","format-standard","has-post-thumbnail","hentry","category-politica"],"_links":{"self":[{"href":"https:\/\/noti-america.com\/site\/panama\/wp-json\/wp\/v2\/posts\/668","targetHints":{"allow":["GET"]}}],"collection":[{"href":"https:\/\/noti-america.com\/site\/panama\/wp-json\/wp\/v2\/posts"}],"about":[{"href":"https:\/\/noti-america.com\/site\/panama\/wp-json\/wp\/v2\/types\/post"}],"author":[{"embeddable":true,"href":"https:\/\/noti-america.com\/site\/panama\/wp-json\/wp\/v2\/users\/19"}],"replies":[{"embeddable":true,"href":"https:\/\/noti-america.com\/site\/panama\/wp-json\/wp\/v2\/comments?post=668"}],"version-history":[{"count":1,"href":"https:\/\/noti-america.com\/site\/panama\/wp-json\/wp\/v2\/posts\/668\/revisions"}],"predecessor-version":[{"id":671,"href":"https:\/\/noti-america.com\/site\/panama\/wp-json\/wp\/v2\/posts\/668\/revisions\/671"}],"wp:featuredmedia":[{"embeddable":true,"href":"https:\/\/noti-america.com\/site\/panama\/wp-json\/wp\/v2\/media\/670"}],"wp:attachment":[{"href":"https:\/\/noti-america.com\/site\/panama\/wp-json\/wp\/v2\/media?parent=668"}],"wp:term":[{"taxonomy":"category","embeddable":true,"href":"https:\/\/noti-america.com\/site\/panama\/wp-json\/wp\/v2\/categories?post=668"},{"taxonomy":"post_tag","embeddable":true,"href":"https:\/\/noti-america.com\/site\/panama\/wp-json\/wp\/v2\/tags?post=668"}],"curies":[{"name":"wp","href":"https:\/\/api.w.org\/{rel}","templated":true}]}}