{"id":546,"date":"2017-10-25T13:37:54","date_gmt":"2017-10-25T13:37:54","guid":{"rendered":"http:\/\/noti-america.com\/site\/panama\/?p=546"},"modified":"2017-10-25T13:37:54","modified_gmt":"2017-10-25T13:37:54","slug":"un-puma-llega-nadando-a-poblado-de-darien-en-panama","status":"publish","type":"post","link":"https:\/\/noti-america.com\/site\/panama\/2017\/10\/25\/un-puma-llega-nadando-a-poblado-de-darien-en-panama\/","title":{"rendered":"Un Puma llega nadando a poblado de Dari\u00e9n, en Panam\u00e1"},"content":{"rendered":"<p>Asombro y temor caus\u00f3, este martes,\u00a0 la llegada de un felino al poblado de La Palma en la provincia de Dari\u00e9n, fronterizo con Colombia y parte de la reserva de bosques m\u00e1s importante del continente.<\/p>\n<p>Seg\u00fan adelantaron residentes, el felino lleg\u00f3 nadando hasta el caser\u00edo cercano a Biaquira, por lo que se levant\u00f3 una alerta entra la poblaci\u00f3n y las autoridades policiales que de inmediato asignaron a una decena de unidades para proceder a levantar una especie de barrera para neutralizar al animal, sin hacerle da\u00f1o.<\/p>\n<p>De inmediato se dio aviso al Ministerio de Ambiente de donde se envi\u00f3 personal especializado para el tratamiento del felino y su reubicaci\u00f3n en un habitat adecuado.<\/p>\n<p>La poblaci\u00f3n siempre se mantuvo pendiente custodiando que no se le hiciese da\u00f1o al felino.<\/p>\n<p>&nbsp;<\/p>\n<p><img loading=\"lazy\" decoding=\"async\" class=\"wp-image-549 size-full aligncenter\" src=\"http:\/\/noti-america.com\/site\/panama\/wp-content\/uploads\/sites\/10\/2017\/10\/2017-10-24-PHOTO-00000657.jpg\" alt=\"\" width=\"767\" height=\"872\" srcset=\"https:\/\/noti-america.com\/site\/panama\/wp-content\/uploads\/sites\/10\/2017\/10\/2017-10-24-PHOTO-00000657.jpg 767w, https:\/\/noti-america.com\/site\/panama\/wp-content\/uploads\/sites\/10\/2017\/10\/2017-10-24-PHOTO-00000657-264x300.jpg 264w\" sizes=\"auto, (max-width: 767px) 100vw, 767px\" \/><\/p>\n<p><img loading=\"lazy\" decoding=\"async\" class=\"wp-image-550 size-full aligncenter\" src=\"http:\/\/noti-america.com\/site\/panama\/wp-content\/uploads\/sites\/10\/2017\/10\/DM5pfAsVoAIHF9W.jpg\" alt=\"\" width=\"768\" height=\"522\" srcset=\"https:\/\/noti-america.com\/site\/panama\/wp-content\/uploads\/sites\/10\/2017\/10\/DM5pfAsVoAIHF9W.jpg 768w, https:\/\/noti-america.com\/site\/panama\/wp-content\/uploads\/sites\/10\/2017\/10\/DM5pfAsVoAIHF9W-300x204.jpg 300w\" sizes=\"auto, (max-width: 768px) 100vw, 768px\" \/><\/p>\n","protected":false},"excerpt":{"rendered":"<p>Asombro y temor caus\u00f3, este martes,\u00a0 la llegada de un felino al poblado de La Palma en la provincia de Dari\u00e9n, fronterizo con Colombia y parte de la reserva de bosques m\u00e1s importante del&#46;&#46;&#46;<\/p>\n","protected":false},"author":19,"featured_media":547,"comment_status":"open","ping_status":"open","sticky":false,"template":"","format":"standard","meta":{"footnotes":""},"categories":[10],"tags":[137,135,134,30,136],"class_list":["post-546","post","type-post","status-publish","format-standard","has-post-thumbnail","hentry","category-curiosidades","tag-ambiente","tag-darien","tag-felino","tag-panama","tag-puma"],"_links":{"self":[{"href":"https:\/\/noti-america.com\/site\/panama\/wp-json\/wp\/v2\/posts\/546","targetHints":{"allow":["GET"]}}],"collection":[{"href":"https:\/\/noti-america.com\/site\/panama\/wp-json\/wp\/v2\/posts"}],"about":[{"href":"https:\/\/noti-america.com\/site\/panama\/wp-json\/wp\/v2\/types\/post"}],"author":[{"embeddable":true,"href":"https:\/\/noti-america.com\/site\/panama\/wp-json\/wp\/v2\/users\/19"}],"replies":[{"embeddable":true,"href":"https:\/\/noti-america.com\/site\/panama\/wp-json\/wp\/v2\/comments?post=546"}],"version-history":[{"count":2,"href":"https:\/\/noti-america.com\/site\/panama\/wp-json\/wp\/v2\/posts\/546\/revisions"}],"predecessor-version":[{"id":552,"href":"https:\/\/noti-america.com\/site\/panama\/wp-json\/wp\/v2\/posts\/546\/revisions\/552"}],"wp:featuredmedia":[{"embeddable":true,"href":"https:\/\/noti-america.com\/site\/panama\/wp-json\/wp\/v2\/media\/547"}],"wp:attachment":[{"href":"https:\/\/noti-america.com\/site\/panama\/wp-json\/wp\/v2\/media?parent=546"}],"wp:term":[{"taxonomy":"category","embeddable":true,"href":"https:\/\/noti-america.com\/site\/panama\/wp-json\/wp\/v2\/categories?post=546"},{"taxonomy":"post_tag","embeddable":true,"href":"https:\/\/noti-america.com\/site\/panama\/wp-json\/wp\/v2\/tags?post=546"}],"curies":[{"name":"wp","href":"https:\/\/api.w.org\/{rel}","templated":true}]}}