{"id":542,"date":"2017-10-25T12:52:08","date_gmt":"2017-10-25T12:52:08","guid":{"rendered":"http:\/\/noti-america.com\/site\/panama\/?p=542"},"modified":"2017-10-25T12:52:08","modified_gmt":"2017-10-25T12:52:08","slug":"paro-de-transporte-en-panama","status":"publish","type":"post","link":"https:\/\/noti-america.com\/site\/panama\/2017\/10\/25\/paro-de-transporte-en-panama\/","title":{"rendered":"Paro de transporte en Panam\u00e1"},"content":{"rendered":"<p style=\"text-align: justify\"><strong><i>La C\u00e1mara Nacional de Transporte, CANATRA, hizo un llamado a paro nacional a partir de las 12:01 de la madrigada de este mi\u00e9rcoles 25 de octubre, esto como forma de presi\u00f3n por las medidas interpuestas por el gobierno nacional en torno al manejo y servicio del transporte p\u00fablico en el pa\u00eds.<\/i><\/strong><\/p>\n<p style=\"text-align: justify\">Adem\u00e1s, buscan crear presi\u00f3n en contra de los denominados busitos \u00abpiratas\u00bb, el servicio de taxis UBER y algunas medidas anunciadas por el gobierno, en las que se busca adecentar el servicio de transporte.<\/p>\n<p style=\"text-align: justify\">En Asamblea, dirigentes de CANATRA, anunciaron la medida y en la ma\u00f1ana de este mi\u00e9rcoles amanecieron apoyando el paro, diferentes piqueras (estaciones de buses) de: Las Ma\u00f1anitas,\u00a0SICAMOCH (La Chorrera),\u00a0Capira,\u00a0SINTAVECUP (Bocas del Toro),\u00a0San Carlos,\u00a0Chame,\u00a0Vacamonte, Burunga, Arraij\u00e1n y\u00a0Coronado.<\/p>\n<p style=\"text-align: justify\">Sin embargo, piqueras como Cooperativa San Cristobal, otras en la provincia de Col\u00f3n y Cocl\u00e9, no apoyaron el paro y prestan el servicio con normalidad.<\/p>\n<p style=\"text-align: justify\">Igualmente se indica que los denominados \u00abPiratas\u00bb aprovechan la situaci\u00f3n para especular con el cobro del precio del pasaje. Informes indican que est\u00e1n cobrando el doble y hasta el triple sobre el pasaje regular de algunas rutas, aprovechando que la poblaci\u00f3n requiere movilizarse y no hay buses. Esto en la provincia de Panam\u00e1 Oeste, donde miles de usuarios utilizan diversos servicios de transporte para movilizarse a la capital.<\/p>\n<p style=\"text-align: justify\">Los transportistas anunciaron, adem\u00e1s,\u00a0 cierres de v\u00edas en todo el pa\u00eds a partir de las 7:00 a.m., para reforzar la medida de presi\u00f3n, sin embargo el gobierno anunci\u00f3 advertencias, por conducto del Ministerio de Seguridad, indicando que se instruy\u00f3 a todos los estamentos de seguridad para garantizar el libre tr\u00e1nsito en todo el pa\u00eds, y el Ministro Alexis Bethancourt advirti\u00f3, \u00abquien utilice un transporte p\u00fablico para cerrar v\u00edas: el veh\u00edculo ser\u00e1 removido, se le retirar\u00e1 la placa (matr\u00edcula) y el cupo (Certificado de Operaci\u00f3n) y el conductor ser\u00e1 conducido\u00bb.<\/p>\n<p style=\"text-align: justify\">El gobierno tambi\u00e9n anunci\u00f3 medidas de apoyo para contrarrestar el paro, ofreciendo buses de diferentes Ministerios y entidades para transportar a los usuarios, gratis, en diferentes puntos del pa\u00eds, sobre todo a los de Panam\u00e1 Oeste, quienes han sido los m\u00e1s afectados.<\/p>\n<p>En tanto que el gerente de Mi Bus -empresa que brinda servicio en la capital-, Carlos S\u00e1nchez,\u00a0 asegur\u00f3 que todos los buses de la misma estar\u00e1n garantizando el servicio al usuario en toda la ciudad.<\/p>\n<p><img loading=\"lazy\" decoding=\"async\" class=\"wp-image-544 size-full aligncenter\" src=\"http:\/\/noti-america.com\/site\/panama\/wp-content\/uploads\/sites\/10\/2017\/10\/Paro-Transporte-Panama.png\" alt=\"\" width=\"686\" height=\"457\" srcset=\"https:\/\/noti-america.com\/site\/panama\/wp-content\/uploads\/sites\/10\/2017\/10\/Paro-Transporte-Panama.png 686w, https:\/\/noti-america.com\/site\/panama\/wp-content\/uploads\/sites\/10\/2017\/10\/Paro-Transporte-Panama-300x200.png 300w, https:\/\/noti-america.com\/site\/panama\/wp-content\/uploads\/sites\/10\/2017\/10\/Paro-Transporte-Panama-272x182.png 272w\" sizes=\"auto, (max-width: 686px) 100vw, 686px\" \/><\/p>\n<p>&nbsp;<\/p>\n","protected":false},"excerpt":{"rendered":"<p>La C\u00e1mara Nacional de Transporte, CANATRA, hizo un llamado a paro nacional a partir de las 12:01 de la madrigada de este mi\u00e9rcoles 25 de octubre, esto como forma de presi\u00f3n por las medidas&#46;&#46;&#46;<\/p>\n","protected":false},"author":19,"featured_media":543,"comment_status":"open","ping_status":"open","sticky":false,"template":"","format":"standard","meta":{"footnotes":""},"categories":[5],"tags":[133,75,48,131,132,67,72],"class_list":["post-542","post","type-post","status-publish","format-standard","has-post-thumbnail","hentry","category-economia","tag-canatra","tag-economia","tag-gobierno","tag-oanama","tag-paro","tag-transporte","tag-usuarios"],"_links":{"self":[{"href":"https:\/\/noti-america.com\/site\/panama\/wp-json\/wp\/v2\/posts\/542","targetHints":{"allow":["GET"]}}],"collection":[{"href":"https:\/\/noti-america.com\/site\/panama\/wp-json\/wp\/v2\/posts"}],"about":[{"href":"https:\/\/noti-america.com\/site\/panama\/wp-json\/wp\/v2\/types\/post"}],"author":[{"embeddable":true,"href":"https:\/\/noti-america.com\/site\/panama\/wp-json\/wp\/v2\/users\/19"}],"replies":[{"embeddable":true,"href":"https:\/\/noti-america.com\/site\/panama\/wp-json\/wp\/v2\/comments?post=542"}],"version-history":[{"count":1,"href":"https:\/\/noti-america.com\/site\/panama\/wp-json\/wp\/v2\/posts\/542\/revisions"}],"predecessor-version":[{"id":545,"href":"https:\/\/noti-america.com\/site\/panama\/wp-json\/wp\/v2\/posts\/542\/revisions\/545"}],"wp:featuredmedia":[{"embeddable":true,"href":"https:\/\/noti-america.com\/site\/panama\/wp-json\/wp\/v2\/media\/543"}],"wp:attachment":[{"href":"https:\/\/noti-america.com\/site\/panama\/wp-json\/wp\/v2\/media?parent=542"}],"wp:term":[{"taxonomy":"category","embeddable":true,"href":"https:\/\/noti-america.com\/site\/panama\/wp-json\/wp\/v2\/categories?post=542"},{"taxonomy":"post_tag","embeddable":true,"href":"https:\/\/noti-america.com\/site\/panama\/wp-json\/wp\/v2\/tags?post=542"}],"curies":[{"name":"wp","href":"https:\/\/api.w.org\/{rel}","templated":true}]}}