{"id":488,"date":"2017-10-19T02:45:32","date_gmt":"2017-10-19T02:45:32","guid":{"rendered":"http:\/\/noti-america.com\/site\/panama\/?p=488"},"modified":"2017-10-19T02:45:32","modified_gmt":"2017-10-19T02:45:32","slug":"canal-de-panama-aplica-medidas-de-ahorro-de-agua","status":"publish","type":"post","link":"https:\/\/noti-america.com\/site\/panama\/2017\/10\/19\/canal-de-panama-aplica-medidas-de-ahorro-de-agua\/","title":{"rendered":"Canal de Panam\u00e1 aplica medidas de ahorro de agua."},"content":{"rendered":"<p>El anuncio fue hecho por la administraci\u00f3n de la v\u00eda interoce\u00e1nica que indica que la medida, de manera preventiva,\u00a0 se toma debido a la falta de lluvias sobre la Cuenca Hidrogr\u00e1fica, en los \u00faltimos meses, por lo que se aplicar\u00e1 este ahorro en todas sus operaciones,\u00a0 principalmente en el esclusaje de buques.<\/p>\n<p>Aunado a esto, el Canal de Panam\u00e1 aplica desde hace varios meses acciones de conservaci\u00f3n como la suspensi\u00f3n de la generaci\u00f3n de electricidad en la planta hidroel\u00e9ctrica de Gat\u00fan, la eliminaci\u00f3n del uso de asistencia hidr\u00e1ulica en la operaci\u00f3n de las esclusas, as\u00ed como llenados en c\u00e1maras cruzadas y la utilizaci\u00f3n de las tinas de ahorro de agua de las nuevas esclusas.<\/p>\n<p><span id=\"more-16589\"><\/span>El vicepresidente ejecutivo de Ambiente, Agua y Energ\u00eda del Canal de Panam\u00e1, Carlos Vargas, explic\u00f3 que, \u201cesta disminuci\u00f3n en la precipitaci\u00f3n y en los caudales de los r\u00edos ha provocado que los niveles de los lagos Gat\u00fan y Alhajuela se encuentren por debajo de los acostumbrados para esta fecha\u201d.<\/p>\n<p>Al 18 de octubre, el lago Alhajuela se encuentra 3.29 metros por debajo de la curva gu\u00eda de 70.91 metros, mientras que el Lago Gat\u00fan est\u00e1 0.27 metros por debajo de la curva gu\u00eda de 26.07 metros.<\/p>\n<p>Vargas destac\u00f3 la importancia de que se normalicen las lluvias en lo que resta de la \u00e9poca lluviosa hasta mediados de diciembre para que los lagos Gat\u00fan y Alhajuela alcancen su nivel m\u00e1ximo.<\/p>\n<p>\u201cLos pr\u00f3ximos 60 d\u00edas ser\u00e1n cruciales, porque son los meses de m\u00e1xima precipitaci\u00f3n\u201d, precis\u00f3.<\/p>\n<p>Entre las medidas de prevenci\u00f3n a mediano plazo figuran tambi\u00e9n la intensificaci\u00f3n de los programas de reforestaci\u00f3n y conservaci\u00f3n de los bosques en el \u00e1rea de la Cuenca Hidrogr\u00e1fica del Canal, donde ya se desarrolla m\u00faltiples iniciativas de sostenibilidad.<\/p>\n<p>Vargas asegur\u00f3 que las medidas de ahorro en la operaci\u00f3n de tr\u00e1nsito est\u00e1n alineadas con el compromiso y responsabilidad del Canal de priorizar el consumo humano en la administraci\u00f3n del agua, lo que incluye el suministro para la operaci\u00f3n de las plantas potabilizadoras de Mendoza, Miraflores, Monte Esperanza, Federico Guardia Conte (Chilibre), Laguna Alta, Sabanitas y otras, que abastecen a 1.9 mill\u00f3n de personas, tomando el recurso h\u00eddrico que se extrae de los lagos Gat\u00fan y Alhajuela.<\/p>\n<p>El Canal de Panam\u00e1 mantiene un seguimiento estrecho a las condiciones meteorol\u00f3gicas as\u00ed como a los niveles de los lagos Gat\u00fan y Alhajuela, para adoptar las medidas correspondientes de manera oportuna.<\/p>\n","protected":false},"excerpt":{"rendered":"<p>El anuncio fue hecho por la administraci\u00f3n de la v\u00eda interoce\u00e1nica que indica que la medida, de manera preventiva,\u00a0 se toma debido a la falta de lluvias sobre la Cuenca Hidrogr\u00e1fica, en los \u00faltimos&#46;&#46;&#46;<\/p>\n","protected":false},"author":19,"featured_media":489,"comment_status":"open","ping_status":"open","sticky":false,"template":"","format":"standard","meta":{"footnotes":""},"categories":[4],"tags":[90,89,75,92,30,91],"class_list":["post-488","post","type-post","status-publish","format-standard","has-post-thumbnail","hentry","category-internacionales","tag-agua","tag-canal-de-panama","tag-economia","tag-esclusas","tag-panama","tag-via-interoceanica"],"_links":{"self":[{"href":"https:\/\/noti-america.com\/site\/panama\/wp-json\/wp\/v2\/posts\/488","targetHints":{"allow":["GET"]}}],"collection":[{"href":"https:\/\/noti-america.com\/site\/panama\/wp-json\/wp\/v2\/posts"}],"about":[{"href":"https:\/\/noti-america.com\/site\/panama\/wp-json\/wp\/v2\/types\/post"}],"author":[{"embeddable":true,"href":"https:\/\/noti-america.com\/site\/panama\/wp-json\/wp\/v2\/users\/19"}],"replies":[{"embeddable":true,"href":"https:\/\/noti-america.com\/site\/panama\/wp-json\/wp\/v2\/comments?post=488"}],"version-history":[{"count":1,"href":"https:\/\/noti-america.com\/site\/panama\/wp-json\/wp\/v2\/posts\/488\/revisions"}],"predecessor-version":[{"id":490,"href":"https:\/\/noti-america.com\/site\/panama\/wp-json\/wp\/v2\/posts\/488\/revisions\/490"}],"wp:featuredmedia":[{"embeddable":true,"href":"https:\/\/noti-america.com\/site\/panama\/wp-json\/wp\/v2\/media\/489"}],"wp:attachment":[{"href":"https:\/\/noti-america.com\/site\/panama\/wp-json\/wp\/v2\/media?parent=488"}],"wp:term":[{"taxonomy":"category","embeddable":true,"href":"https:\/\/noti-america.com\/site\/panama\/wp-json\/wp\/v2\/categories?post=488"},{"taxonomy":"post_tag","embeddable":true,"href":"https:\/\/noti-america.com\/site\/panama\/wp-json\/wp\/v2\/tags?post=488"}],"curies":[{"name":"wp","href":"https:\/\/api.w.org\/{rel}","templated":true}]}}