{"id":482,"date":"2017-10-19T00:47:27","date_gmt":"2017-10-19T00:47:27","guid":{"rendered":"http:\/\/noti-america.com\/site\/panama\/?p=482"},"modified":"2017-10-19T00:47:27","modified_gmt":"2017-10-19T00:47:27","slug":"inauguran-expo-logistica-2017","status":"publish","type":"post","link":"https:\/\/noti-america.com\/site\/panama\/2017\/10\/19\/inauguran-expo-logistica-2017\/","title":{"rendered":"Inauguran Expo Log\u00edstica 2017"},"content":{"rendered":"<p>Este mi\u00e9rcoles fue inaugurada la und\u00e9cima versi\u00f3n de la feria Expo Logistica Panam\u00e1, organizada por la C\u00e1mara de Comercio, Industrias y Agricultura de Panam\u00e1, en conjunto con la Secretar\u00eda Nacional de Ciencia, Tecnolog\u00eda e Innovaci\u00f3n (SENACYT), cuya finalidad es ofrecer, en un solo lugar, la interacci\u00f3n entre sus expositores, compradores e importantes conferencistas de la regi\u00f3n, en medio de la participaci\u00f3n de gran n\u00famero de visitantes y adeptos al \u00e1rea de tecnolog\u00eda, desarrolladores de software y aplicaciones; as\u00ed como agentes transitorios, aerol\u00edneas, agencias de cargas, empresas de almacenaje, fabricantes de equipos y maquinaria, entre otros.<\/p>\n<p>Esta nueva edici\u00f3n fue inaugurada por N\u00e9stor Gonz\u00e1lez, viceministro de Comercio Exterior; Inocencio Galindo, presidente de la C\u00e1mara de Comercio; Jos\u00e9 Garc\u00eda, presidente de la Comisi\u00f3n Organizadora de la feria; V\u00edctor S\u00e1nchez Urrutia, director de Innovaci\u00f3n Empresarial de la SENACYT y Galo Molina, presidente de Asociaciones Nacionales de Agentes de Carga y Operadores Log\u00edsticos Internacionales de Am\u00e9rica Latina y el Caribe (ALACAT).<\/p>\n<p>Durante su discurso inaugural, el presidente de la C\u00e1mara de Comercio, Inocencio Galindo, valor\u00f3 el desarrollo de Expo Log\u00edstica Panam\u00e1, indicando que es, \u201cuna iniciativa que desde hace once a\u00f1os ha tenido el respaldo de los sectores privado y gubernamental por ser parte fundamental del proceso de convertir a Panam\u00e1 en un importante Hub log\u00edstico por su privilegiada posici\u00f3n geogr\u00e1fica, y con la finalidad de que la industria mantenga el crecimiento, dinamismo e innovaci\u00f3n que la han caracterizado para la competitividad del pa\u00eds y el desarrollo econ\u00f3mico\u201d.<\/p>\n<p>Con el desaf\u00edo de posicionar a Panam\u00e1 como la plataforma comercial de log\u00edstica m\u00e1s importante en el mercado regional, Expo Log\u00edstica se extender\u00e1 hasta el viernes 20 de octubre, con la participaci\u00f3n de m\u00e1s de 180 empresas expositoras y compradores.<\/p>\n<p><img loading=\"lazy\" decoding=\"async\" class=\"aligncenter wp-image-485 size-full\" src=\"http:\/\/noti-america.com\/site\/panama\/wp-content\/uploads\/sites\/10\/2017\/10\/Expo-Logistica-3.jpg\" alt=\"\" width=\"800\" height=\"531\" srcset=\"https:\/\/noti-america.com\/site\/panama\/wp-content\/uploads\/sites\/10\/2017\/10\/Expo-Logistica-3.jpg 800w, https:\/\/noti-america.com\/site\/panama\/wp-content\/uploads\/sites\/10\/2017\/10\/Expo-Logistica-3-300x199.jpg 300w, https:\/\/noti-america.com\/site\/panama\/wp-content\/uploads\/sites\/10\/2017\/10\/Expo-Logistica-3-768x510.jpg 768w, https:\/\/noti-america.com\/site\/panama\/wp-content\/uploads\/sites\/10\/2017\/10\/Expo-Logistica-3-272x182.jpg 272w\" sizes=\"auto, (max-width: 800px) 100vw, 800px\" \/><\/p>\n<p><img loading=\"lazy\" decoding=\"async\" class=\"aligncenter wp-image-483 size-full\" src=\"http:\/\/noti-america.com\/site\/panama\/wp-content\/uploads\/sites\/10\/2017\/10\/Expo-Logistica-2.jpg\" alt=\"\" width=\"800\" height=\"531\" srcset=\"https:\/\/noti-america.com\/site\/panama\/wp-content\/uploads\/sites\/10\/2017\/10\/Expo-Logistica-2.jpg 800w, https:\/\/noti-america.com\/site\/panama\/wp-content\/uploads\/sites\/10\/2017\/10\/Expo-Logistica-2-300x199.jpg 300w, https:\/\/noti-america.com\/site\/panama\/wp-content\/uploads\/sites\/10\/2017\/10\/Expo-Logistica-2-768x510.jpg 768w, https:\/\/noti-america.com\/site\/panama\/wp-content\/uploads\/sites\/10\/2017\/10\/Expo-Logistica-2-272x182.jpg 272w\" sizes=\"auto, (max-width: 800px) 100vw, 800px\" \/><\/p>\n<p>&nbsp;<\/p>\n<p>&nbsp;<\/p>\n<p>&nbsp;<\/p>\n<p>&nbsp;<\/p>\n","protected":false},"excerpt":{"rendered":"<p>Este mi\u00e9rcoles fue inaugurada la und\u00e9cima versi\u00f3n de la feria Expo Logistica Panam\u00e1, organizada por la C\u00e1mara de Comercio, Industrias y Agricultura de Panam\u00e1, en conjunto con la Secretar\u00eda Nacional de Ciencia, Tecnolog\u00eda e&#46;&#46;&#46;<\/p>\n","protected":false},"author":19,"featured_media":484,"comment_status":"open","ping_status":"open","sticky":false,"template":"","format":"standard","meta":{"footnotes":""},"categories":[5],"tags":[],"class_list":["post-482","post","type-post","status-publish","format-standard","has-post-thumbnail","hentry","category-economia"],"_links":{"self":[{"href":"https:\/\/noti-america.com\/site\/panama\/wp-json\/wp\/v2\/posts\/482","targetHints":{"allow":["GET"]}}],"collection":[{"href":"https:\/\/noti-america.com\/site\/panama\/wp-json\/wp\/v2\/posts"}],"about":[{"href":"https:\/\/noti-america.com\/site\/panama\/wp-json\/wp\/v2\/types\/post"}],"author":[{"embeddable":true,"href":"https:\/\/noti-america.com\/site\/panama\/wp-json\/wp\/v2\/users\/19"}],"replies":[{"embeddable":true,"href":"https:\/\/noti-america.com\/site\/panama\/wp-json\/wp\/v2\/comments?post=482"}],"version-history":[{"count":1,"href":"https:\/\/noti-america.com\/site\/panama\/wp-json\/wp\/v2\/posts\/482\/revisions"}],"predecessor-version":[{"id":486,"href":"https:\/\/noti-america.com\/site\/panama\/wp-json\/wp\/v2\/posts\/482\/revisions\/486"}],"wp:featuredmedia":[{"embeddable":true,"href":"https:\/\/noti-america.com\/site\/panama\/wp-json\/wp\/v2\/media\/484"}],"wp:attachment":[{"href":"https:\/\/noti-america.com\/site\/panama\/wp-json\/wp\/v2\/media?parent=482"}],"wp:term":[{"taxonomy":"category","embeddable":true,"href":"https:\/\/noti-america.com\/site\/panama\/wp-json\/wp\/v2\/categories?post=482"},{"taxonomy":"post_tag","embeddable":true,"href":"https:\/\/noti-america.com\/site\/panama\/wp-json\/wp\/v2\/tags?post=482"}],"curies":[{"name":"wp","href":"https:\/\/api.w.org\/{rel}","templated":true}]}}