{"id":445,"date":"2017-10-11T18:13:18","date_gmt":"2017-10-11T18:13:18","guid":{"rendered":"http:\/\/noti-america.com\/site\/panama\/?p=445"},"modified":"2017-10-11T18:40:47","modified_gmt":"2017-10-11T18:40:47","slug":"historico-panama-clasifica-a-su-primer-mundial-de-futbol","status":"publish","type":"post","link":"https:\/\/noti-america.com\/site\/panama\/2017\/10\/11\/historico-panama-clasifica-a-su-primer-mundial-de-futbol\/","title":{"rendered":"Hist\u00f3rico: Panam\u00e1 clasifica a su primer Mundial de F\u00fatbol"},"content":{"rendered":"<p><em><strong>Por lo que hab\u00eda luchado por m\u00e1s de dos d\u00e9cadas, estar en un Mundial de Futbol, se convierte de sue\u00f1o a realidad para los paname\u00f1os, al clasificar en su \u00faltima fecha de las eliminatorias de CONCACAF, al vencer al onceno de Costa Rica 2 goles por 1, en una intensa noche en el estadio Romel Fern\u00e1ndez, de la ciudad de Panam\u00e1.<\/strong><\/em><\/p>\n<p>Fue el gol de Rom\u00e1n Torres, el que dio el hist\u00f3rico pase a los canaleros para ser uno de los equipos en participar en Rusia 2018. La emocionante escena se dio en el minuto 88, cuando Torres hizo que las estrellas de la noche paname\u00f1a brillaran al llegarle a un remate de cabeza de Luis Tejada, y vencer al portero Patrick Pemberton con un \u201cchut\u00f3n\u201d derecho al estilo paname\u00f1o.<\/p>\n<p>El frenes\u00ed se apoder\u00f3 de todo un pa\u00eds, que vibr\u00f3 desde Punta Burica hasta Cabo Tibur\u00f3n, en una sola voz: #VamosPanam\u00e1. \u00a0Alegr\u00eda y muchos llantos se sintieron en los hogares, en los restaurantes, en bares y cantinas y en las calles paname\u00f1as, \u201cVamos pa Rusia\u201d gritaban por todos lados.<\/p>\n<p>Johan Venegas adelant\u00f3 1-0 a Costa Rica a los 36 minutos, Panam\u00e1 empat\u00f3 a los 54 minutos por medio de Gabriel Torres, para luego conseguir el desempate, lo dem\u00e1s es historia.<\/p>\n<p>Inmediatamente la fanaticada y no fanaticada se tom\u00f3 las calles de las principales ciudades paname\u00f1as, especialmente la de la ciudad capital, para celebrar el triunfo y pase al Mundial de F\u00fatbol Rusia 2018. \u00a0En la noche todo era celebraci\u00f3n, puntos como la reconocida Calle 50 (donde siempre se celebran los triunfos de la Selecci\u00f3n de futbol), la V\u00eda Espa\u00f1a, la Cinta Costera y otros, se convirtieron en centros de carnaval, alegr\u00eda y celebraci\u00f3n.<\/p>\n<p><strong>Ticos celebran triunfo de Panam\u00e1<\/strong><\/p>\n<p>La fanaticada tica abarrot\u00f3 el estadio Romel Fern\u00e1ndez, brincaba junto a los miles de paname\u00f1os luego del resultado. Hay quienes aseguran que el equipo costarricense vino a buscar un triunfo, pero que su fanaticada vino a animar a los paname\u00f1os a ganar y a celebrar con ellos el pase al Mundial.<\/p>\n<p>Los ticos viajaron a la capital paname\u00f1a en m\u00e1s de 80 buses y varios aviones \u201cfletados\u201d, para aprovechar el partido y hacer turismo, compras y celebrar con los paname\u00f1os.<\/p>\n<p>&nbsp;<\/p>\n<p><strong>D\u00eda libre nacional.<\/strong><\/p>\n<p>El Gobierno de Panam\u00e1 decret\u00f3 mediante sendos decretos ejecutivos, el cierre de todas las oficinas p\u00fablicas y privadas, as\u00ed como de los centros escolares en todo el pa\u00eds. \u201cNunca perdimos la fe y Panam\u00e1 tiene que celebrar como se merece\u201d, destac\u00f3 el presidente Juan Carlos Varela al indicar que el 11 de octubre era d\u00eda libre nacional.<\/p>\n<p>&nbsp;<\/p>\n<p><strong>T\u00e9cnicos<\/strong><\/p>\n<p>Panam\u00e1 ha endeudado sus sue\u00f1os de ir al mundial, de la mano de diferentes t\u00e9cnicos, entre los cuales se pueden mencionar los m\u00e1s recientes como: Gary Stempel, V\u00edctor Ren\u00e9 Mendieta, incluso los paname\u00f1os Julio y Jorge Dely Vald\u00e9s, pero ha sido el colombiano Hern\u00e1n \u201cel Bolillo\u201d G\u00f3mez, quien ha logrado el pasaporte.<\/p>\n<p>G\u00f3mez se ha caracterizado por mantener una relaci\u00f3n un tanto dif\u00edcil con los medios paname\u00f1os, esto debido a las cr\u00edticas que ha recibido por la actuaci\u00f3n del onceno de Panam\u00e1 en sus salidas a la cancha, con m\u00e1s bajas que altas, lo que no ha gustado a la fanaticada y medios paname\u00f1os.<\/p>\n<p>Bolillo G\u00f3mez prometi\u00f3 que llevar\u00eda a Panam\u00e1 a su primer mundial, incluso hasta llego a decir que le tendr\u00edan que hacer una estatua por ese logro, lo que ahora se comenta y preguntan en Panam\u00e1.<\/p>\n<p><strong>Foto:<\/strong> Federaci\u00f3n Paname\u00f1a de F\u00fatbol (FEPAFUT) &#8211;\u00a0<a href=\"http:\/\/fepafut.com\/\">http:\/\/fepafut.com\/<\/a><\/p>\n","protected":false},"excerpt":{"rendered":"<p>Por lo que hab\u00eda luchado por m\u00e1s de dos d\u00e9cadas, estar en un Mundial de Futbol, se convierte de sue\u00f1o a realidad para los paname\u00f1os, al clasificar en su \u00faltima fecha de las eliminatorias&#46;&#46;&#46;<\/p>\n","protected":false},"author":19,"featured_media":446,"comment_status":"open","ping_status":"open","sticky":false,"template":"","format":"standard","meta":{"footnotes":""},"categories":[16],"tags":[60,58,57,30,59],"class_list":["post-445","post","type-post","status-publish","format-standard","has-post-thumbnail","hentry","category-deportes","tag-60","tag-futbol","tag-mundial","tag-panama","tag-rusia"],"_links":{"self":[{"href":"https:\/\/noti-america.com\/site\/panama\/wp-json\/wp\/v2\/posts\/445","targetHints":{"allow":["GET"]}}],"collection":[{"href":"https:\/\/noti-america.com\/site\/panama\/wp-json\/wp\/v2\/posts"}],"about":[{"href":"https:\/\/noti-america.com\/site\/panama\/wp-json\/wp\/v2\/types\/post"}],"author":[{"embeddable":true,"href":"https:\/\/noti-america.com\/site\/panama\/wp-json\/wp\/v2\/users\/19"}],"replies":[{"embeddable":true,"href":"https:\/\/noti-america.com\/site\/panama\/wp-json\/wp\/v2\/comments?post=445"}],"version-history":[{"count":2,"href":"https:\/\/noti-america.com\/site\/panama\/wp-json\/wp\/v2\/posts\/445\/revisions"}],"predecessor-version":[{"id":449,"href":"https:\/\/noti-america.com\/site\/panama\/wp-json\/wp\/v2\/posts\/445\/revisions\/449"}],"wp:featuredmedia":[{"embeddable":true,"href":"https:\/\/noti-america.com\/site\/panama\/wp-json\/wp\/v2\/media\/446"}],"wp:attachment":[{"href":"https:\/\/noti-america.com\/site\/panama\/wp-json\/wp\/v2\/media?parent=445"}],"wp:term":[{"taxonomy":"category","embeddable":true,"href":"https:\/\/noti-america.com\/site\/panama\/wp-json\/wp\/v2\/categories?post=445"},{"taxonomy":"post_tag","embeddable":true,"href":"https:\/\/noti-america.com\/site\/panama\/wp-json\/wp\/v2\/tags?post=445"}],"curies":[{"name":"wp","href":"https:\/\/api.w.org\/{rel}","templated":true}]}}