{"id":415,"date":"2017-10-03T00:47:17","date_gmt":"2017-10-03T00:47:17","guid":{"rendered":"http:\/\/noti-america.com\/site\/panama\/?p=415"},"modified":"2017-10-03T00:47:17","modified_gmt":"2017-10-03T00:47:17","slug":"tribunal-supremo-de-usa-niega-habeas-corpus-a-ex-presidente-martinelli","status":"publish","type":"post","link":"https:\/\/noti-america.com\/site\/panama\/2017\/10\/03\/tribunal-supremo-de-usa-niega-habeas-corpus-a-ex-presidente-martinelli\/","title":{"rendered":"Tribunal Supremo de USA niega habeas corpus a ex presidente Martinelli."},"content":{"rendered":"<p><em><strong>La informaci\u00f3n fue dada a conocer este lunes, cuando se comunica que el Tribunal Supremo de Estados Unidos neg\u00f3 una solicitud de habeas corpus presentada por la defensa del ex presidente de Panam\u00e1, Ricardo Martinelli.<\/strong><\/em><\/p>\n<p>Se inform\u00f3 que el habeas corpus fue analizado por el Pleno del Tribunal Supremo de Estados Unidos, el pasado 25 de septiembre, donde se tom\u00f3 la decisi\u00f3n de rechazarlo y fue hasta este lunes 2 de octubre cuando se dio a conocer p\u00fablicamente.<\/p>\n<p>El ex presidente paname\u00f1o se encuentra detenido en Miami desde el 12 de junio pasado, a la espera de la decisi\u00f3n final para su extradici\u00f3n a Panam\u00e1.<\/p>\n<p><strong>Foto<\/strong>: obtenida del Facebook de Ricardo Martinelli<\/p>\n<p>&nbsp;<\/p>\n","protected":false},"excerpt":{"rendered":"<p>La informaci\u00f3n fue dada a conocer este lunes, cuando se comunica que el Tribunal Supremo de Estados Unidos neg\u00f3 una solicitud de habeas corpus presentada por la defensa del ex presidente de Panam\u00e1, Ricardo&#46;&#46;&#46;<\/p>\n","protected":false},"author":19,"featured_media":416,"comment_status":"open","ping_status":"open","sticky":false,"template":"","format":"standard","meta":{"footnotes":""},"categories":[3],"tags":[],"class_list":["post-415","post","type-post","status-publish","format-standard","has-post-thumbnail","hentry","category-politica"],"_links":{"self":[{"href":"https:\/\/noti-america.com\/site\/panama\/wp-json\/wp\/v2\/posts\/415","targetHints":{"allow":["GET"]}}],"collection":[{"href":"https:\/\/noti-america.com\/site\/panama\/wp-json\/wp\/v2\/posts"}],"about":[{"href":"https:\/\/noti-america.com\/site\/panama\/wp-json\/wp\/v2\/types\/post"}],"author":[{"embeddable":true,"href":"https:\/\/noti-america.com\/site\/panama\/wp-json\/wp\/v2\/users\/19"}],"replies":[{"embeddable":true,"href":"https:\/\/noti-america.com\/site\/panama\/wp-json\/wp\/v2\/comments?post=415"}],"version-history":[{"count":2,"href":"https:\/\/noti-america.com\/site\/panama\/wp-json\/wp\/v2\/posts\/415\/revisions"}],"predecessor-version":[{"id":418,"href":"https:\/\/noti-america.com\/site\/panama\/wp-json\/wp\/v2\/posts\/415\/revisions\/418"}],"wp:featuredmedia":[{"embeddable":true,"href":"https:\/\/noti-america.com\/site\/panama\/wp-json\/wp\/v2\/media\/416"}],"wp:attachment":[{"href":"https:\/\/noti-america.com\/site\/panama\/wp-json\/wp\/v2\/media?parent=415"}],"wp:term":[{"taxonomy":"category","embeddable":true,"href":"https:\/\/noti-america.com\/site\/panama\/wp-json\/wp\/v2\/categories?post=415"},{"taxonomy":"post_tag","embeddable":true,"href":"https:\/\/noti-america.com\/site\/panama\/wp-json\/wp\/v2\/tags?post=415"}],"curies":[{"name":"wp","href":"https:\/\/api.w.org\/{rel}","templated":true}]}}