{"id":2784,"date":"2021-12-04T02:28:30","date_gmt":"2021-12-04T02:28:30","guid":{"rendered":"https:\/\/noti-america.com\/site\/panama\/2021\/12\/04\/katherin-fernandez-la-inmigrante-cubana-que-logro-el-sueno-americano-arreglando-los-closets-de-los-famosos\/"},"modified":"2021-12-04T06:28:51","modified_gmt":"2021-12-04T06:28:51","slug":"katherin-fernandez-la-inmigrante-cubana-que-logro-el-sueno-americano-arreglando-los-closets-de-los-famosos","status":"publish","type":"post","link":"https:\/\/noti-america.com\/site\/panama\/2021\/12\/04\/katherin-fernandez-la-inmigrante-cubana-que-logro-el-sueno-americano-arreglando-los-closets-de-los-famosos\/","title":{"rendered":"Katherin Fern\u00e1ndez, la inmigrante cubana que logr\u00f3 el sue\u00f1o americano arreglando los closets de los famosos"},"content":{"rendered":"<p style=\"font-weight: 400\"><em>Katherin Fern\u00e1ndez, creadora de Closet Detail, comparte la odisea que vivi\u00f3 para conseguir el sue\u00f1o americano y consolidar su marca de armarios personalizados<\/em><\/p>\n<p><img loading=\"lazy\" decoding=\"async\" class=\"alignnone size-medium wp-image-2785\" src=\"https:\/\/noti-america.com\/site\/panama\/wp-content\/uploads\/sites\/10\/2021\/12\/Katherin-Fernandez-1-1-300x169.jpeg\" alt=\"\" width=\"300\" height=\"169\" srcset=\"https:\/\/noti-america.com\/site\/panama\/wp-content\/uploads\/sites\/10\/2021\/12\/Katherin-Fernandez-1-1-300x169.jpeg 300w, https:\/\/noti-america.com\/site\/panama\/wp-content\/uploads\/sites\/10\/2021\/12\/Katherin-Fernandez-1-1-1024x576.jpeg 1024w, https:\/\/noti-america.com\/site\/panama\/wp-content\/uploads\/sites\/10\/2021\/12\/Katherin-Fernandez-1-1-768x432.jpeg 768w, https:\/\/noti-america.com\/site\/panama\/wp-content\/uploads\/sites\/10\/2021\/12\/Katherin-Fernandez-1-1.jpeg 1280w\" sizes=\"auto, (max-width: 300px) 100vw, 300px\" \/><\/p>\n<p style=\"font-weight: 400\"><em>\u00a0<\/em><\/p>\n<p style=\"font-weight: 400\">Rashel Diaz, Alicia Machado, Scarlet Ortiz, Alexis Vald\u00e9s y Mar\u00eda Celeste Arrar\u00e1s, Adamari L\u00f3pez son solo algunas de las personalidades que le han abierto las puertas de su casa a Katherin Fern\u00e1ndez, una joven inmigrante cubana de 29 a\u00f1os radicada en Miami que hoy le demuestra al mundo que con talento, perseverancia y esfuerzo, s\u00ed se puede conseguir el sue\u00f1o americano, a\u00fan atravesando los tiempos de pandemia, teniendo uno de los modelos de negocio m\u00e1s glamourosos y rentables cuando se trata de tener clientes famosos.<\/p>\n<p style=\"font-weight: 400\">\n<p style=\"font-weight: 400\">A continuaci\u00f3n\u00a0su\u00a0historia:<\/p>\n<p style=\"font-weight: 400\">\n<p style=\"font-weight: 400\">\u201cNo te puedes imaginar la cantidad de veces que le escrib\u00ed a artistas e influencers para que me dieran la oportunidad de transformar sus armarios. Fueron cientos de mensajes sin respuesta, en verdad cientos, pero nunca perd\u00ed la fe, y segu\u00ed perseverando. Much\u00edsimos famosos me dijeron que no, y fue duro, pero durante meses insist\u00ed. Recuerdo que le daba copy and paste (copiar y pegar) [al mensaje] de la misma persona, hasta que un d\u00eda recib\u00ed respuesta. Y ah\u00ed comenz\u00f3 este boom (auge) que hoy nos tiene la agenda cargada de trabajo hasta el a\u00f1o pr\u00f3ximo 2022\u201d, Katherin Fern\u00e1ndez, es la creadora de Closet Detail, junto a su esposo Abdiel Rodr\u00edguez, de 45 a\u00f1os.<\/p>\n<p style=\"font-weight: 400\">\n<p style=\"font-weight: 400\">Camino al \u00e9xito<\/p>\n<p style=\"font-weight: 400\">\n<p style=\"font-weight: 400\">Cansados de trabajar como obreros y desempe\u00f1ar duros oficios en \u00e1reas y empresas que no los satisfac\u00edan, Katherin y Abdiel decidieron aventurarse en un rubro que, aunque no conoc\u00edan del todo, despertaba un gran talento y capacidad de desarrollo en ambos.<\/p>\n<p style=\"font-weight: 400\">\n<p style=\"font-weight: 400\">\u201cDespu\u00e9s de trabajar en supermercados, en compa\u00f1\u00edas de zapatos, restaurantes, en el acuario con los animales, en carpinter\u00eda, nos dimos cuenta de que viv\u00edamos inmensamente frustrados.<\/p>\n<p style=\"font-weight: 400\">\n<p style=\"font-weight: 400\">La verdad, ninguno de los dos ten\u00edamos experiencia haciendo cl\u00f3sets, pero ten\u00edamos muchas ganas de salir adelante, y con eso nos bast\u00f3\u201d, dijo Katherin sobre el inicio de Closet Detail, empresa fundada en Miami, en marzo del a\u00f1o 2017.<\/p>\n<p style=\"font-weight: 400\">\n<p style=\"font-weight: 400\">\u201cFueron tantas las dificultades que pasamos, que es imposible no llorar cuando lo recuerdo. No ten\u00edamos dinero ni para comer, compart\u00edamos hasta la sopa cuando \u00edbamos a un restaurante, porque no nos alcanzaba para m\u00e1s. Yo trabajaba y estudiaba ingl\u00e9s, as\u00ed que com\u00eda en el carro cualquier cosa, fue una \u00e9poca muy dura\u201d, record\u00f3 la joven.<\/p>\n<p style=\"font-weight: 400\">Katherin Fern\u00e1ndez ha transformado el hogar de artistas de Miami como Jacob Forever y Los Pichy Boys, estos \u00faltimos, humoristas e influencers cubanos que resaltan su historia de \u00e9xito y superaci\u00f3n.<\/p>\n<p style=\"font-weight: 400\">\n<p style=\"font-weight: 400\">\u201cFalta mucho por crecer y aprender. Todas las l\u00e1grimas, la frustraci\u00f3n y el sufrimiento valieron la pena. A\u00fan no me creo que tengamos una marca s\u00f3lida, una cartera de clientes so\u00f1ada, y que m\u00e1s de 200,000 mil personas nos sigan en las redes sociales. Es un sue\u00f1o hecho realidad y que nos\u00a0\u00a0demuestra a todos que el sue\u00f1o americano sigue m\u00e1s vivo que nunca\u201d.<\/p>\n<p style=\"font-weight: 400\">\n","protected":false},"excerpt":{"rendered":"<p>Katherin Fern\u00e1ndez, creadora de Closet Detail, comparte la odisea que vivi\u00f3 para conseguir el sue\u00f1o americano y consolidar su marca de armarios personalizados \u00a0 Rashel Diaz, Alicia Machado, Scarlet Ortiz, Alexis Vald\u00e9s y Mar\u00eda&#46;&#46;&#46;<\/p>\n","protected":false},"author":115,"featured_media":2787,"comment_status":"open","ping_status":"open","sticky":false,"template":"","format":"standard","meta":{"footnotes":""},"categories":[1],"tags":[622,627],"class_list":["post-2784","post","type-post","status-publish","format-standard","has-post-thumbnail","hentry","category-uncategorized","tag-portada","tag-principales"],"_links":{"self":[{"href":"https:\/\/noti-america.com\/site\/panama\/wp-json\/wp\/v2\/posts\/2784","targetHints":{"allow":["GET"]}}],"collection":[{"href":"https:\/\/noti-america.com\/site\/panama\/wp-json\/wp\/v2\/posts"}],"about":[{"href":"https:\/\/noti-america.com\/site\/panama\/wp-json\/wp\/v2\/types\/post"}],"author":[{"embeddable":true,"href":"https:\/\/noti-america.com\/site\/panama\/wp-json\/wp\/v2\/users\/115"}],"replies":[{"embeddable":true,"href":"https:\/\/noti-america.com\/site\/panama\/wp-json\/wp\/v2\/comments?post=2784"}],"version-history":[{"count":3,"href":"https:\/\/noti-america.com\/site\/panama\/wp-json\/wp\/v2\/posts\/2784\/revisions"}],"predecessor-version":[{"id":2789,"href":"https:\/\/noti-america.com\/site\/panama\/wp-json\/wp\/v2\/posts\/2784\/revisions\/2789"}],"wp:featuredmedia":[{"embeddable":true,"href":"https:\/\/noti-america.com\/site\/panama\/wp-json\/wp\/v2\/media\/2787"}],"wp:attachment":[{"href":"https:\/\/noti-america.com\/site\/panama\/wp-json\/wp\/v2\/media?parent=2784"}],"wp:term":[{"taxonomy":"category","embeddable":true,"href":"https:\/\/noti-america.com\/site\/panama\/wp-json\/wp\/v2\/categories?post=2784"},{"taxonomy":"post_tag","embeddable":true,"href":"https:\/\/noti-america.com\/site\/panama\/wp-json\/wp\/v2\/tags?post=2784"}],"curies":[{"name":"wp","href":"https:\/\/api.w.org\/{rel}","templated":true}]}}