{"id":2702,"date":"2021-01-10T14:06:55","date_gmt":"2021-01-10T14:06:55","guid":{"rendered":"https:\/\/noti-america.com\/site\/panama\/2021\/01\/10\/este-ano-2020-nos-ha-pasado-por-encima\/"},"modified":"2021-01-10T18:07:15","modified_gmt":"2021-01-10T18:07:15","slug":"este-ano-2020-nos-ha-pasado-por-encima","status":"publish","type":"post","link":"https:\/\/noti-america.com\/site\/panama\/2021\/01\/10\/este-ano-2020-nos-ha-pasado-por-encima\/","title":{"rendered":"Este a\u00f1o 2020 nos ha pasado por encima\u2026"},"content":{"rendered":"<p>NOTI-AMERICA.COM | PANAMA<\/p>\n<h1 style=\"text-align: center;\">Este a\u00f1o 2020 nos ha pasado por encima\u2026<\/h1>\n<p><img loading=\"lazy\" decoding=\"async\" class=\"alignnone size-medium wp-image-2703 aligncenter\" src=\"https:\/\/noti-america.com\/site\/panama\/wp-content\/uploads\/sites\/10\/2021\/01\/MARISEL-DE-YAU-300x200.jpg\" alt=\"\" width=\"300\" height=\"200\" srcset=\"https:\/\/noti-america.com\/site\/panama\/wp-content\/uploads\/sites\/10\/2021\/01\/MARISEL-DE-YAU-300x200.jpg 300w, https:\/\/noti-america.com\/site\/panama\/wp-content\/uploads\/sites\/10\/2021\/01\/MARISEL-DE-YAU-1024x682.jpg 1024w, https:\/\/noti-america.com\/site\/panama\/wp-content\/uploads\/sites\/10\/2021\/01\/MARISEL-DE-YAU-768x512.jpg 768w, https:\/\/noti-america.com\/site\/panama\/wp-content\/uploads\/sites\/10\/2021\/01\/MARISEL-DE-YAU-272x182.jpg 272w, https:\/\/noti-america.com\/site\/panama\/wp-content\/uploads\/sites\/10\/2021\/01\/MARISEL-DE-YAU.jpg 1280w\" sizes=\"auto, (max-width: 300px) 100vw, 300px\" \/><\/p>\n<p>C\u00f3mo darle la vuelta al tim\u00f3n en estos \u00faltimos d\u00edas para iniciar el 2021 viento en popa.<\/p>\n<p>El a\u00f1o 2020 ha sido un tiempo de cambios, sorpresas, frustraciones, restricciones; por qu\u00e9 no decirlo miedos y temores. Tambi\u00e9n hemos experimentado momentos de luz, de esperanza, de alegr\u00eda, de reencuentros y convivencia (sobre todo con nosotros mismos y con los que amamos), de reflexi\u00f3n, de positivismo y otras emociones m\u00e1s.<\/p>\n<p>Ha sido un a\u00f1o tipo \u201ctormenta perfecta\u201d, todo lo que pensamos que no pasar\u00eda, pas\u00f3. Nuestra costumbre de terminar todos los a\u00f1os con una lista de prop\u00f3sitos para cumplir en el a\u00f1o siguiente, esta vez, no tuvimos la oportunidad de cumplirlo. Nos ataron las manos, nos cubrieron la boca y nos toc\u00f3 \u201cquedarnos en casa\u201d a seguir experimentando este torbellino de emociones sin tener la preparaci\u00f3n que necesit\u00e1bamos para mantenernos enfocados y reformular nuestro camino sin cambiar nuestra visi\u00f3n de vida.<\/p>\n<p>Algo que nos pudiera haber ayudado a sobrepasar esta tormenta un poco mejor es contar con un prop\u00f3sito de vida definido, claro y resonante; nos hubiera sido a lugar de faro en la oscuridad de la tormenta, ya que sin el somos como barco de papel a la deriva en un charco de agua.<\/p>\n<p>El prop\u00f3sito de vida es como una vela<a href=\"#_edn1\" name=\"_ednref1\"><em><strong>[i]<\/strong><\/em><\/a> que nos permite mantener la estructura, la energ\u00eda y el enfoque, mientras navegamos en el mar de la vida y sus vientos de cambio.<\/p>\n<p>Desde que recuerdo, sobre todo en los ambientes empresariales y acad\u00e9micos hemos hablado y ense\u00f1ado sobre el cambio, los tiempos VUCA, liderar el cambio y el prop\u00f3sito; m\u00e1s, \u00a1que poco lo hab\u00edamos tenido que vivir! Hemos sido reconfigurados y ahora; luego de navegar nosotros mismos esta experiencia con sus tormentas y barloventos, ha llegado la hora de prepararnos para el a\u00f1o por venir.<\/p>\n<p>Lleg\u00f3 la oportunidad de meditar y preparar nuestro plan de viaje para el 2021; te invito a que tomes un l\u00e1piz y una libreta y respondas estas preguntas poderosas.<\/p>\n<p>Libreta y no papel; para que no se te pierda entre rebrujos<a href=\"#_edn2\" name=\"_ednref2\">[ii]<\/a> y que puedas recurrir a ella cada semana para confirmar tus intensiones, motivaciones y logros.<\/p>\n<p>1era hoja: escribe tu nombre y la fecha.<\/p>\n<p>2da hoja: haz una lista de tus cualidades, talentos, dones. Aquello que te caracteriza, lo que dicen las personas que te aprecian de c\u00f3mo eres, c\u00f3mo te comportas o act\u00faas.<\/p>\n<p>3era hoja: escribe una lista de tus 4 valores no negociables, aquellos te gu\u00edan al tomar decisiones. Pueden ser valores \u00e9ticos, morales, familiares, laborales y otros m\u00e1s. Te recomiendo este <a href=\"https:\/\/www.youtube.com\/watch?v=ZT0Nz5le22E\">enlace<\/a> para complementar tu comprensi\u00f3n.<\/p>\n<p>4ta hoja: Responde estas preguntas:<\/p>\n<ul>\n<li>Mirando el 2020\u2026 \u00bfQu\u00e9 has logrado y que no has logrado?; \u00bfQu\u00e9 puedes hacer diferente para lograrlo en el 2021?<\/li>\n<li>Observa tu presente\u2026 \u00bfCu\u00e1les son tus deseos, sue\u00f1os o necesidades ahora?; \u00bfCon qu\u00e9 recursos<a href=\"#_edn3\" name=\"_ednref3\">[iii]<\/a> cuentas?<\/li>\n<\/ul>\n<p>5ta hoja: inicia el dise\u00f1o de nuestra Ruta de Viaje para el 2021.<\/p>\n<ul>\n<li>Define tus nuevos objetivos. El cerebro humano puede gestionar como m\u00e1ximo tres cambios al tiempo; escoge menos objetivos y planificarlos en el tiempo de tal manera que te enfoques en ellos por etapas.<\/li>\n<\/ul>\n<p>&nbsp;<\/p>\n<p>Si tu objetivo es tener mejores condiciones de salud f\u00edsica bajando 30 libras, y realizar 5 horas de ejercicio semanal, ser\u00e1 poco probable que puedas lograrlo en solo un mes.<\/p>\n<p>En cambio, inicia con el primer objetivo de alcanzar el peso ideal (bajando las 30 libras) a un progreso de 5 libras al mes. El segundo objetivo de 5 horas de ejercicio semanal, lo inicias caminando 30 minutos 3 veces a la semana\u2026 aumentando paulatinamente a penas te sientes c\u00f3modo con el ejercicio hecho.<\/p>\n<p>&nbsp;<\/p>\n<p>Te recomiendo utilizar el M\u00e9todo SMART para dise\u00f1ar tus objetivos; significa que sean e<strong>s<\/strong>pec\u00edficos, <strong>m<\/strong>edibles, <strong>a<\/strong>lcanzables, <strong>r<\/strong>elevantes y acotados en el <strong>t<\/strong>iempo.<\/p>\n<p>&nbsp;<\/p>\n<ul>\n<li>Dise\u00f1a las estrategias para cumplir cada objetivo. La mayor\u00eda de las personas necesitamos que nos acompa\u00f1en a lograr nuestros objetivos; un coach certificado te acompa\u00f1e a dise\u00f1ar y alcanzar tus metas y prop\u00f3sito a trav\u00e9s de tu propio talento.<\/li>\n<\/ul>\n<p>&nbsp;<\/p>\n<ul>\n<li>Implementa las t\u00e1cticas necesarias para que, en los momentos dif\u00edciles, te permita seguir adelante. Por ejemplo, un <em>\u201caccountability partner<\/em><a href=\"#_edn4\" name=\"_ednref4\">[iv]<\/a><em>\u201d<\/em>, un coach que te pueda acompa\u00f1ar en el proceso. Tambi\u00e9n, puedes reservar tus tiempos de ejercicio en tu propia agenda y compartir con las personas a tu alrededor sobre tus deseos y metas de cambio.<\/li>\n<\/ul>\n<p>De la 6ta hoja en adelante\u2026 monitorear tus avances, escribe tus retos, dudas y estrategias de \u00e9xito. Anota lo bueno, lo malo y lo feo del viaje que acabas de emprender para lograr tus objetivos en el 2021. Incluye los nuevos objetivos en los que desees ir avanzando conforme vayas logrando consolidar los primeros objetivos.<\/p>\n<p>Tu primera misi\u00f3n priorizar tus metas y objetivos del 2021 utilizando estas estrategias:<\/p>\n<ul>\n<li>Enf\u00f3cate en los objetivos que apalancan a tus otros objetivos, los que preparan el camino.<\/li>\n<li>Identifica lo que es urgente y realizarlo primero, por ejemplo, iniciar el proceso de alcanzar el peso deseado, ya que menos peso aumenta tu energ\u00eda y previene de sufrir lesiones que nos impidan hacer ejercicio.<\/li>\n<li>Revisar constantemente y ser realistas.<\/li>\n<\/ul>\n<p>Bueno, no solo lleg\u00f3 el final del a\u00f1o 2020, tambi\u00e9n lleg\u00f3 el final de este art\u00edculo, me despido con este \u00faltimo pensamiento:<\/p>\n<p>Tu prop\u00f3sito y tus objetivos te ayudar\u00e1n a vivir en bienestar, a enfrentar con energ\u00eda y fortaleza los vientos cambiantes y los mares picados del futuro. Nuestro futuro se construye en el presente, este es el momento perfecto para tirar el ancla unos d\u00edas y reflexionar sobre lo que te llevas del 2020 y lo que dejar\u00e1s atr\u00e1s; de lo que deseas emprender para tu futuro; aprovecha esta oportunidad. Este a\u00f1o se termina, lo bueno es que al d\u00eda siguiente\u2026 empieza el pr\u00f3ximo.<\/p>\n<p>Marisel de Yau<\/p>\n<p>La autora es Coach Ejecutiva y Consultora del Talento.<\/p>\n<p>www.mariseldeyau.com<\/p>\n<p><a href=\"#_ednref1\" name=\"_edn1\">[i]<\/a> Pieza de lona u otra tela resistente que recibe la fuerza del viento que impulsa a una embarcaci\u00f3n.<\/p>\n<p><a href=\"#_ednref2\" name=\"_edn2\">[ii]<\/a> Es una palabra colombiana. Implica un embrollo de cosas, tambi\u00e9n un sitio donde se han acumulado cosas desechadas y, por extensi\u00f3n, acumulaci\u00f3n de recuerdos inconexos sobre un hecho espec\u00edfico.<\/p>\n<p><a href=\"#_ednref3\" name=\"_edn3\">[iii]<\/a> Recursos pueden ser econ\u00f3micos, conocimientos, experiencias, personas con las que te relacionas, intensiones y energ\u00eda interna.<\/p>\n<p><a href=\"#_ednref4\" name=\"_edn4\">[iv]<\/a><em>Accountability Partner<\/em>: persona con la que compartes tus objetivos y con la que te comprometes a conseguir resultados en un plazo de tiempo concreto.<\/p>\n","protected":false},"excerpt":{"rendered":"<p>NOTI-AMERICA.COM | PANAMA Este a\u00f1o 2020 nos ha pasado por encima\u2026 C\u00f3mo darle la vuelta al tim\u00f3n en estos \u00faltimos d\u00edas para iniciar el 2021 viento en popa. El a\u00f1o 2020 ha sido un&#46;&#46;&#46;<\/p>\n","protected":false},"author":2,"featured_media":2703,"comment_status":"open","ping_status":"open","sticky":false,"template":"","format":"standard","meta":{"footnotes":""},"categories":[612],"tags":[],"class_list":["post-2702","post","type-post","status-publish","format-standard","has-post-thumbnail","hentry","category-actualidad"],"_links":{"self":[{"href":"https:\/\/noti-america.com\/site\/panama\/wp-json\/wp\/v2\/posts\/2702","targetHints":{"allow":["GET"]}}],"collection":[{"href":"https:\/\/noti-america.com\/site\/panama\/wp-json\/wp\/v2\/posts"}],"about":[{"href":"https:\/\/noti-america.com\/site\/panama\/wp-json\/wp\/v2\/types\/post"}],"author":[{"embeddable":true,"href":"https:\/\/noti-america.com\/site\/panama\/wp-json\/wp\/v2\/users\/2"}],"replies":[{"embeddable":true,"href":"https:\/\/noti-america.com\/site\/panama\/wp-json\/wp\/v2\/comments?post=2702"}],"version-history":[{"count":1,"href":"https:\/\/noti-america.com\/site\/panama\/wp-json\/wp\/v2\/posts\/2702\/revisions"}],"predecessor-version":[{"id":2704,"href":"https:\/\/noti-america.com\/site\/panama\/wp-json\/wp\/v2\/posts\/2702\/revisions\/2704"}],"wp:featuredmedia":[{"embeddable":true,"href":"https:\/\/noti-america.com\/site\/panama\/wp-json\/wp\/v2\/media\/2703"}],"wp:attachment":[{"href":"https:\/\/noti-america.com\/site\/panama\/wp-json\/wp\/v2\/media?parent=2702"}],"wp:term":[{"taxonomy":"category","embeddable":true,"href":"https:\/\/noti-america.com\/site\/panama\/wp-json\/wp\/v2\/categories?post=2702"},{"taxonomy":"post_tag","embeddable":true,"href":"https:\/\/noti-america.com\/site\/panama\/wp-json\/wp\/v2\/tags?post=2702"}],"curies":[{"name":"wp","href":"https:\/\/api.w.org\/{rel}","templated":true}]}}