{"id":2585,"date":"2020-06-13T11:57:40","date_gmt":"2020-06-13T11:57:40","guid":{"rendered":"http:\/\/noti-america.com\/site\/panama\/2020\/06\/13\/presidente-convoca-a-la-asamblea-para-sesiones-extraordinarias-y-tratar-ley-de-moratoria\/"},"modified":"2020-06-13T15:57:45","modified_gmt":"2020-06-13T15:57:45","slug":"presidente-convoca-a-la-asamblea-para-sesiones-extraordinarias-y-tratar-ley-de-moratoria","status":"publish","type":"post","link":"https:\/\/noti-america.com\/site\/panama\/2020\/06\/13\/presidente-convoca-a-la-asamblea-para-sesiones-extraordinarias-y-tratar-ley-de-moratoria\/","title":{"rendered":"Presidente convoca a la Asamblea para sesiones extraordinarias y tratar ley de moratoria"},"content":{"rendered":"<p><img loading=\"lazy\" decoding=\"async\" class=\"alignnone size-medium wp-image-2586 aligncenter\" src=\"http:\/\/noti-america.com\/site\/panama\/wp-content\/uploads\/sites\/10\/2020\/06\/11300_620-300x200.jpg\" alt=\"\" width=\"300\" height=\"200\" srcset=\"https:\/\/noti-america.com\/site\/panama\/wp-content\/uploads\/sites\/10\/2020\/06\/11300_620-300x200.jpg 300w, https:\/\/noti-america.com\/site\/panama\/wp-content\/uploads\/sites\/10\/2020\/06\/11300_620-272x182.jpg 272w, https:\/\/noti-america.com\/site\/panama\/wp-content\/uploads\/sites\/10\/2020\/06\/11300_620.jpg 465w\" sizes=\"auto, (max-width: 300px) 100vw, 300px\" \/><\/p>\n<p><strong>(Ciudad de Panam\u00e1-ANPanam\u00e1) <\/strong>El Presidente Laurentino Cortizo convoc\u00f3 a la Asamble Nacional para sesiones extraordonarias del 15 al 18 de junio con el fin de tratar la ley sobre medidas econ\u00f3micas para enfrentar el COVID-19<\/p>\n<p>En cumplimiento de la Constituci\u00f3n Pol\u00edtica de la Rep\u00fablica, el jefe del Ejecutivo convoc\u00f3 a la Asamblea Nacional para considerar, exclusivamente, \u201cla objeci\u00f3n parcial al Proyecto de Ley 287, que dicta medidas econ\u00f3micas y financieras para contrarrestar los efectos del Covid-19\u201d.<\/p>\n<p>La convocatoria obedece a la objeci\u00f3n parcial hecha por el Gobierno en su momento al mencionado Proyecto de Ley, en el marco de la moratoria adoptada para hacer frente a los perjuicios econ\u00f3micos ocasionados a los paname\u00f1os por la pandemia mencionada.<\/p>\n<p>El anuncio se hace a menos de 18 d\u00edas para que concluya el mes, periodo en el finaliza la primera moratoria aprobada por el gobierno.<\/p>\n","protected":false},"excerpt":{"rendered":"<p>(Ciudad de Panam\u00e1-ANPanam\u00e1) El Presidente Laurentino Cortizo convoc\u00f3 a la Asamble Nacional para sesiones extraordonarias del 15 al 18 de junio con el fin de tratar la ley sobre medidas econ\u00f3micas para enfrentar el&#46;&#46;&#46;<\/p>\n","protected":false},"author":2,"featured_media":2586,"comment_status":"open","ping_status":"open","sticky":false,"template":"","format":"standard","meta":{"footnotes":""},"categories":[3],"tags":[],"class_list":["post-2585","post","type-post","status-publish","format-standard","has-post-thumbnail","hentry","category-politica"],"_links":{"self":[{"href":"https:\/\/noti-america.com\/site\/panama\/wp-json\/wp\/v2\/posts\/2585","targetHints":{"allow":["GET"]}}],"collection":[{"href":"https:\/\/noti-america.com\/site\/panama\/wp-json\/wp\/v2\/posts"}],"about":[{"href":"https:\/\/noti-america.com\/site\/panama\/wp-json\/wp\/v2\/types\/post"}],"author":[{"embeddable":true,"href":"https:\/\/noti-america.com\/site\/panama\/wp-json\/wp\/v2\/users\/2"}],"replies":[{"embeddable":true,"href":"https:\/\/noti-america.com\/site\/panama\/wp-json\/wp\/v2\/comments?post=2585"}],"version-history":[{"count":1,"href":"https:\/\/noti-america.com\/site\/panama\/wp-json\/wp\/v2\/posts\/2585\/revisions"}],"predecessor-version":[{"id":2587,"href":"https:\/\/noti-america.com\/site\/panama\/wp-json\/wp\/v2\/posts\/2585\/revisions\/2587"}],"wp:featuredmedia":[{"embeddable":true,"href":"https:\/\/noti-america.com\/site\/panama\/wp-json\/wp\/v2\/media\/2586"}],"wp:attachment":[{"href":"https:\/\/noti-america.com\/site\/panama\/wp-json\/wp\/v2\/media?parent=2585"}],"wp:term":[{"taxonomy":"category","embeddable":true,"href":"https:\/\/noti-america.com\/site\/panama\/wp-json\/wp\/v2\/categories?post=2585"},{"taxonomy":"post_tag","embeddable":true,"href":"https:\/\/noti-america.com\/site\/panama\/wp-json\/wp\/v2\/tags?post=2585"}],"curies":[{"name":"wp","href":"https:\/\/api.w.org\/{rel}","templated":true}]}}