{"id":2563,"date":"2020-05-31T21:46:18","date_gmt":"2020-05-31T21:46:18","guid":{"rendered":"http:\/\/noti-america.com\/site\/panama\/?p=2563"},"modified":"2020-05-31T21:50:17","modified_gmt":"2020-05-31T21:50:17","slug":"330-fallecidos-tiene-a-panama-con-mortalidad-por-covid-19-mas-alta-de-centroamerica","status":"publish","type":"post","link":"https:\/\/noti-america.com\/site\/panama\/2020\/05\/31\/330-fallecidos-tiene-a-panama-con-mortalidad-por-covid-19-mas-alta-de-centroamerica\/","title":{"rendered":"330 fallecidos tiene a Panam\u00e1 con mortalidad por Covid-19 m\u00e1s alta de Centroam\u00e9rica"},"content":{"rendered":"<div id=\"attachment_2567\" style=\"width: 1000px\" class=\"wp-caption alignnone\"><img loading=\"lazy\" decoding=\"async\" aria-describedby=\"caption-attachment-2567\" class=\"size-full wp-image-2567\" src=\"http:\/\/noti-america.com\/site\/panama\/wp-content\/uploads\/sites\/10\/2020\/05\/5ed3e9c4bfec2.r_d.596-588-12791-1.jpeg\" alt=\"\" width=\"990\" height=\"491\" srcset=\"https:\/\/noti-america.com\/site\/panama\/wp-content\/uploads\/sites\/10\/2020\/05\/5ed3e9c4bfec2.r_d.596-588-12791-1.jpeg 990w, https:\/\/noti-america.com\/site\/panama\/wp-content\/uploads\/sites\/10\/2020\/05\/5ed3e9c4bfec2.r_d.596-588-12791-1-300x149.jpeg 300w, https:\/\/noti-america.com\/site\/panama\/wp-content\/uploads\/sites\/10\/2020\/05\/5ed3e9c4bfec2.r_d.596-588-12791-1-768x381.jpeg 768w\" sizes=\"auto, (max-width: 990px) 100vw, 990px\" \/><p id=\"caption-attachment-2567\" class=\"wp-caption-text\">Este fin de semana los privados de libertad limpian pasillo en c\u00e1rcel de Santiago, en Veraguas. (Cortes\u00eda Redes Sociales)<\/p><\/div>\n<p>&nbsp;<\/p>\n<div id=\"attachment_2566\" style=\"width: 1034px\" class=\"wp-caption alignnone\"><img loading=\"lazy\" decoding=\"async\" aria-describedby=\"caption-attachment-2566\" class=\"size-large wp-image-2566\" src=\"http:\/\/noti-america.com\/site\/panama\/wp-content\/uploads\/sites\/10\/2020\/05\/30-5-20_1_-1024x576.jpg\" alt=\"\" width=\"1024\" height=\"576\" srcset=\"https:\/\/noti-america.com\/site\/panama\/wp-content\/uploads\/sites\/10\/2020\/05\/30-5-20_1_-1024x576.jpg 1024w, https:\/\/noti-america.com\/site\/panama\/wp-content\/uploads\/sites\/10\/2020\/05\/30-5-20_1_-300x169.jpg 300w, https:\/\/noti-america.com\/site\/panama\/wp-content\/uploads\/sites\/10\/2020\/05\/30-5-20_1_-768x432.jpg 768w, https:\/\/noti-america.com\/site\/panama\/wp-content\/uploads\/sites\/10\/2020\/05\/30-5-20_1_-1536x864.jpg 1536w, https:\/\/noti-america.com\/site\/panama\/wp-content\/uploads\/sites\/10\/2020\/05\/30-5-20_1_.jpg 2048w\" sizes=\"auto, (max-width: 1024px) 100vw, 1024px\" \/><p id=\"caption-attachment-2566\" class=\"wp-caption-text\">Infograf\u00eda: Ministerio de Salud Panam\u00e1 (Cortes\u00eda)<\/p><\/div>\n<p>&nbsp;<\/p>\n<div id=\"attachment_2565\" style=\"width: 1034px\" class=\"wp-caption alignnone\"><img loading=\"lazy\" decoding=\"async\" aria-describedby=\"caption-attachment-2565\" class=\"size-large wp-image-2565\" src=\"http:\/\/noti-america.com\/site\/panama\/wp-content\/uploads\/sites\/10\/2020\/05\/30-5-20_2_-1024x576.jpg\" alt=\"\" width=\"1024\" height=\"576\" srcset=\"https:\/\/noti-america.com\/site\/panama\/wp-content\/uploads\/sites\/10\/2020\/05\/30-5-20_2_-1024x576.jpg 1024w, https:\/\/noti-america.com\/site\/panama\/wp-content\/uploads\/sites\/10\/2020\/05\/30-5-20_2_-300x169.jpg 300w, https:\/\/noti-america.com\/site\/panama\/wp-content\/uploads\/sites\/10\/2020\/05\/30-5-20_2_-768x432.jpg 768w, https:\/\/noti-america.com\/site\/panama\/wp-content\/uploads\/sites\/10\/2020\/05\/30-5-20_2_-1536x864.jpg 1536w, https:\/\/noti-america.com\/site\/panama\/wp-content\/uploads\/sites\/10\/2020\/05\/30-5-20_2_.jpg 2048w\" sizes=\"auto, (max-width: 1024px) 100vw, 1024px\" \/><p id=\"caption-attachment-2565\" class=\"wp-caption-text\">Infograf\u00eda: Ministerio de Salud Panam\u00e1 (Cortes\u00eda)<\/p><\/div>\n<p>&nbsp;<\/p>\n<div id=\"attachment_2564\" style=\"width: 1034px\" class=\"wp-caption alignnone\"><img loading=\"lazy\" decoding=\"async\" aria-describedby=\"caption-attachment-2564\" class=\"size-large wp-image-2564\" src=\"http:\/\/noti-america.com\/site\/panama\/wp-content\/uploads\/sites\/10\/2020\/05\/30-5-20_3_-1024x576.jpg\" alt=\"\" width=\"1024\" height=\"576\" srcset=\"https:\/\/noti-america.com\/site\/panama\/wp-content\/uploads\/sites\/10\/2020\/05\/30-5-20_3_-1024x576.jpg 1024w, https:\/\/noti-america.com\/site\/panama\/wp-content\/uploads\/sites\/10\/2020\/05\/30-5-20_3_-300x169.jpg 300w, https:\/\/noti-america.com\/site\/panama\/wp-content\/uploads\/sites\/10\/2020\/05\/30-5-20_3_-768x432.jpg 768w, https:\/\/noti-america.com\/site\/panama\/wp-content\/uploads\/sites\/10\/2020\/05\/30-5-20_3_-1536x864.jpg 1536w, https:\/\/noti-america.com\/site\/panama\/wp-content\/uploads\/sites\/10\/2020\/05\/30-5-20_3_.jpg 2048w\" sizes=\"auto, (max-width: 1024px) 100vw, 1024px\" \/><p id=\"caption-attachment-2564\" class=\"wp-caption-text\">Infograf\u00eda: Ministerio de Salud Panam\u00e1 (Cortes\u00eda)<\/p><\/div>\n<p style=\"text-align: center\"><strong>Al registrar 330 fallecidos, Panam\u00e1 contin\u00faa como el primer pa\u00eds con la mayor mortalidad por COVID-19 en Centroam\u00e9rica y tambi\u00e9n lidera registro de personas contagiadas por COVID-19 con 13,018. Por su parte, el Ministerio de Gobierno confirm\u00f3 el fallecimiento del primer privado de libertad por COVID-19 recluido en la c\u00e1rcel de Veraguas<\/strong><\/p>\n<p style=\"text-align: justify\"><strong>By Juvenal Cubill\u00e1n \/ Mayo 31,2020<\/strong><\/p>\n<p style=\"text-align: justify\"><strong>Fuente: John Hopkins University \/ www.laestrella.com.pa\u00a0<\/strong><\/p>\n<p style=\"text-align: justify\">Con 330 fallecidos a causa del nuevo Coronavirus y 13,018 contagios, Panam\u00e1 contin\u00faa al frente de las estad\u00edsticas de la pandemia en Centroam\u00e9rica han muerto. Las mayor\u00eda de los decesos se han reportado en varones por encima de los 60 a\u00f1os y con enfermedades cr\u00f3nicas, diabetes, hipertensi\u00f3n, sobrepeso, c\u00e1ncer, seg\u00fan datos generales proporcionados por las autoridades de Salud.<\/p>\n<p style=\"text-align: justify\"><strong>Fallece primer privado de Libertad por COVID-19\u00a0<\/strong><\/p>\n<p id=\"m97-96-98\" class=\"paragraph \" style=\"text-align: justify\">Debido al deceso de un privado de libertad con contagiado con COVID-19, recluido en la penitenciar\u00eda de Santiago de Veraguas, centro del pa\u00eds, y quien padec\u00eda diabetes, el Ministerio de Gobierno (MINGOB) a trav\u00e9s de la Direcci\u00f3n General del Sistema Penitenciario (DGSP), inform\u00f3 que debido a su condici\u00f3n cr\u00f3nica de salud, gestion\u00f3 el dep\u00f3sito domiciliario, petici\u00f3n que fue negada por la autoridad competente.<\/p>\n<p id=\"m102-101-103\" class=\"paragraph \" style=\"text-align: justify\">La DGSP confirm\u00f3 que el privado de libertad permaneci\u00f3 aislado en un \u00e1rea especial de la Academia de Formaci\u00f3n Policial de la estaci\u00f3n de la Polic\u00eda de la ciudad de Santiago, en la provincia de Veraguas,<\/p>\n<p id=\"m107-106-108\" class=\"paragraph \" style=\"text-align: justify\">El Sistema Penitenciario, en cumplimiento con el protocolo establecido, procedi\u00f3 a informar a los familiares del suceso. Sin embargo, el centro penintenciario registra 127 privados contagiados con Coronavirus, adem\u00e1s de 8 custodios y 9 funcionarios infectados con COVID-19.<\/p>\n<p style=\"text-align: justify\"><strong>352 casos positivos en \u00faltimas 24 horas\u00a0<\/strong><\/p>\n<p style=\"text-align: justify\">Tras registrarse este s\u00e1bado 352 nuevos contagios por COVID-19, los casos positivos ascienden a 13,018 con 330 personas fallecidas, seg\u00fan \u00faltimo informe epidemiol\u00f3gico, con lo cual suman m\u00e1s de mill 500 nuevos contagios desde el pasado lunes 25 de mayo.<\/p>\n<p style=\"text-align: justify\">Seg\u00fan el m\u00e1s reciente reporte difundido a los medios de comunicaci\u00f3n y redes sociales, se han realizado 66,192 pruebas, 1,551 realizadas este s\u00e1bado, de las cuales 50,849 resultaron negativas al COVID-19. La cantidad d test practicados corresponden a 15,470 por cada mill\u00f3n de habitantes y 1,547 por cada 100 mil.<\/p>\n<p style=\"text-align: justify\">Las personas recuperadas ascienden a 9,414 y han fallecido 330 personas, 45 de estos fallecimientos se han registrado desde el lunes 25 de mayo a la fecha. Las autoridades refieren que se mantienen en aislamiento domiciliario 2,385 personas, en hoteles 539, en salas de hospitalizaci\u00f3n permanecen 272 pacientes por coronavirus y 78 contagiados est\u00e1n recluidos en Unidades de Cuidados Intensivos (UCI).<\/p>\n<p style=\"text-align: justify\"><strong>Mayor cantidad de contagios se presenta entre los 20 y 60 a\u00f1os<\/strong><\/p>\n<p style=\"text-align: justify\">De acuerdo a las estad\u00edsticas acumuladas a la fecha, 10,055 contagios se presentan en los grupos de entre 20 y 60 a\u00f1os de edad: registr\u00e1ndose en el grupo de 20 a 39 a\u00f1os 5,727 contagios y en el segmento de entre 40 a 59 a\u00f1os se reportan 4,228.<\/p>\n<p style=\"text-align: justify\"><strong>236 fallecimientos en mayores de 60 a\u00f1os de edad<\/strong><\/p>\n<p style=\"text-align: justify\">En relaci\u00f3n a los decesos por COVID-19 los cuales suman 330, la mayor cantidad de fallecimientos se registran en los segmentos de personas con m\u00e1s de 60 a\u00f1os de edad con un total de 236 v\u00edctimas por Coronavirus; las cuales se discriminan en 156 muertes en el grupo de 60 a 79 a\u00f1os y 80 decesos en pacientes mayores a 80 a\u00f1os de edad.<\/p>\n<p style=\"text-align: justify\"><strong>En Ciudad de Panam\u00e1 crecen los contagios<\/strong><\/p>\n<p style=\"text-align: justify\">De acuerdo al reporte estad\u00edstico de las autoridades encargadas del Plan Prot\u00e9gete Panam\u00e1, las 13.018 personas contagiadas por COVID-19 se ubican geogr\u00e1ficamente en las provincias de Panam\u00e1 Provincia (Zona capital) con 8,206; Panam\u00e1 Oeste 2,448; Col\u00f3n (Norte) con 463; Veraguas (centro del pa\u00eds) 704 casos; y las provincias fronterizas de Dari\u00e9n (Colombia) con 209 contagios y las provincias de Chiriqu\u00ed y Bocas del Toro (Costa Rica) con 337 y 182 casos, respectivamente.<\/p>\n<p style=\"text-align: justify\"><strong>Panam\u00e1 lidera cifras del COVID-19 en Centroam\u00e9rica<\/strong><\/p>\n<p style=\"text-align: justify\">Panam\u00e1 sigue siendo el pa\u00eds de Centroam\u00e9rica con mayor registro de contagiados por COVID-19 con 13,018 contagiados y 330 decesos a causa de este virus; Honduras con 5,094 contagios y 201 muertos; Guatemala con registro de 4,739 contagios y 102 fallecimientos, El Salvador totaliza 2,517 contagios y 46 decesos; Costa Rica con 1,056 personas enfermas por la pandemia con 11 fallecidos y en Nicaragua aumenta considerablemente los casos positivos con 759 y 35 fallecimientos.<\/p>\n<p style=\"text-align: justify\">En relaci\u00f3n a Latino Am\u00e9rica, Panam\u00e1 ocupa el octavo lugar detr\u00e1s de Brasil en primer lugar con 498,440 contagiados y 28,834 fallecidos (segunda naci\u00f3n del mundo m\u00e1s afectado por el nuevo Coronavirus luego de Estados Unidos). Le sigue al gigante suramericano, Per\u00fa con 155,671 contagios y 4,371 muertes; Chile 94,858 contagios y 997 muertes; M\u00e9xico con 87,512 enfermos y registro de 9,779 decesos;\u00a0 Ecuador con 38,571 y 3,358 fallecidos; Colombia que ha visto aumentas la cifras de caso positivos a 27,219 y 916 muertes; Rep\u00fablica Dominicana con 17,285 personas con COVID-19 con 502 fallecidos.<\/p>\n<p style=\"text-align: justify\">Enlace de la nota: https:\/\/www.laestrella.com.pa\/nacional\/200529\/comorbilidad-covid-19<\/p>\n<p style=\"text-align: justify\"><strong>Juvenal Cubill\u00e1n<\/strong><\/p>\n<p style=\"text-align: justify\"><strong>Venezolano, Licenciado en Comunicaci\u00f3n Social. Periodista, Redactor y Productor de Radio, Televisi\u00f3n, Prensa Escrita. Redes Sociales<\/strong><\/p>\n","protected":false},"excerpt":{"rendered":"<p>&nbsp; &nbsp; &nbsp; Al registrar 330 fallecidos, Panam\u00e1 contin\u00faa como el primer pa\u00eds con la mayor mortalidad por COVID-19 en Centroam\u00e9rica y tambi\u00e9n lidera registro de personas contagiadas por COVID-19 con 13,018. Por su&#46;&#46;&#46;<\/p>\n","protected":false},"author":79,"featured_media":2567,"comment_status":"open","ping_status":"open","sticky":false,"template":"","format":"standard","meta":{"footnotes":""},"categories":[505,489,3,331,13],"tags":[554,555,611,569,564,305,30],"class_list":["post-2563","post","type-post","status-publish","format-standard","has-post-thumbnail","hentry","category-centroamerica","category-noticias","category-politica","category-salud","category-vida-y-salud","tag-coronavirus","tag-pandemia","tag-aislamiento-social","tag-covid-19","tag-cuarentena","tag-ministerio-de-salud","tag-panama"],"_links":{"self":[{"href":"https:\/\/noti-america.com\/site\/panama\/wp-json\/wp\/v2\/posts\/2563","targetHints":{"allow":["GET"]}}],"collection":[{"href":"https:\/\/noti-america.com\/site\/panama\/wp-json\/wp\/v2\/posts"}],"about":[{"href":"https:\/\/noti-america.com\/site\/panama\/wp-json\/wp\/v2\/types\/post"}],"author":[{"embeddable":true,"href":"https:\/\/noti-america.com\/site\/panama\/wp-json\/wp\/v2\/users\/79"}],"replies":[{"embeddable":true,"href":"https:\/\/noti-america.com\/site\/panama\/wp-json\/wp\/v2\/comments?post=2563"}],"version-history":[{"count":3,"href":"https:\/\/noti-america.com\/site\/panama\/wp-json\/wp\/v2\/posts\/2563\/revisions"}],"predecessor-version":[{"id":2570,"href":"https:\/\/noti-america.com\/site\/panama\/wp-json\/wp\/v2\/posts\/2563\/revisions\/2570"}],"wp:featuredmedia":[{"embeddable":true,"href":"https:\/\/noti-america.com\/site\/panama\/wp-json\/wp\/v2\/media\/2567"}],"wp:attachment":[{"href":"https:\/\/noti-america.com\/site\/panama\/wp-json\/wp\/v2\/media?parent=2563"}],"wp:term":[{"taxonomy":"category","embeddable":true,"href":"https:\/\/noti-america.com\/site\/panama\/wp-json\/wp\/v2\/categories?post=2563"},{"taxonomy":"post_tag","embeddable":true,"href":"https:\/\/noti-america.com\/site\/panama\/wp-json\/wp\/v2\/tags?post=2563"}],"curies":[{"name":"wp","href":"https:\/\/api.w.org\/{rel}","templated":true}]}}