{"id":2545,"date":"2020-05-25T16:30:40","date_gmt":"2020-05-25T16:30:40","guid":{"rendered":"http:\/\/noti-america.com\/site\/panama\/?p=2545"},"modified":"2020-05-25T17:49:19","modified_gmt":"2020-05-25T17:49:19","slug":"suicidio-en-panama-uno-de-los-estragos-mentales-de-la-pandemia-del-covid-19","status":"publish","type":"post","link":"https:\/\/noti-america.com\/site\/panama\/2020\/05\/25\/suicidio-en-panama-uno-de-los-estragos-mentales-de-la-pandemia-del-covid-19\/","title":{"rendered":"Suicidio en Panam\u00e1, uno de los estragos mentales de la pandemia del COVID-19"},"content":{"rendered":"<div id=\"attachment_2546\" style=\"width: 730px\" class=\"wp-caption alignnone\"><img loading=\"lazy\" decoding=\"async\" aria-describedby=\"caption-attachment-2546\" class=\"size-full wp-image-2546\" src=\"http:\/\/noti-america.com\/site\/panama\/wp-content\/uploads\/sites\/10\/2020\/05\/suicidio-causas-tristeza-depresion.jpg\" alt=\"\" width=\"720\" height=\"540\" srcset=\"https:\/\/noti-america.com\/site\/panama\/wp-content\/uploads\/sites\/10\/2020\/05\/suicidio-causas-tristeza-depresion.jpg 720w, https:\/\/noti-america.com\/site\/panama\/wp-content\/uploads\/sites\/10\/2020\/05\/suicidio-causas-tristeza-depresion-300x225.jpg 300w\" sizes=\"auto, (max-width: 720px) 100vw, 720px\" \/><p id=\"caption-attachment-2546\" class=\"wp-caption-text\">Cifras de suicidio en Panam\u00e1 en aumento (Cortes\u00eda)<\/p><\/div>\n<div id=\"attachment_2547\" style=\"width: 1000px\" class=\"wp-caption alignnone\"><img loading=\"lazy\" decoding=\"async\" aria-describedby=\"caption-attachment-2547\" class=\"size-full wp-image-2547\" src=\"http:\/\/noti-america.com\/site\/panama\/wp-content\/uploads\/sites\/10\/2020\/05\/5ecb260dbb28e.jpeg\" alt=\"\" width=\"990\" height=\"491\" srcset=\"https:\/\/noti-america.com\/site\/panama\/wp-content\/uploads\/sites\/10\/2020\/05\/5ecb260dbb28e.jpeg 990w, https:\/\/noti-america.com\/site\/panama\/wp-content\/uploads\/sites\/10\/2020\/05\/5ecb260dbb28e-300x149.jpeg 300w, https:\/\/noti-america.com\/site\/panama\/wp-content\/uploads\/sites\/10\/2020\/05\/5ecb260dbb28e-768x381.jpeg 768w\" sizes=\"auto, (max-width: 990px) 100vw, 990px\" \/><p id=\"caption-attachment-2547\" class=\"wp-caption-text\">Inforgraf\u00eda: Ministerio P\u00fablico de Panam\u00e1 (Cortes\u00eda)<\/p><\/div>\n<p style=\"text-align: center;\"><strong>Desde que se decret\u00f3 la pandemia, el 11 de marzo pasado, 32 personas han tomado la decisi\u00f3n de quitarse la vida seg\u00fan datos del Ministerio P\u00fablico, cifra que suma 65 suicidios en los primeros 139 d\u00edas del a\u00f1o 2020. Desempleo en aumento y con el coronavirus presente, expertos temen el repunte de los padecimientos mentales en la poblaci\u00f3n.<\/strong><\/p>\n<p><strong>By Juvenal Cubill\u00e1n, 25 mayo, 2020<\/strong><\/p>\n<p><strong>Fuente: Ministerio P\u00fablico de Panam\u00e1 \/ www.laestrella.com.pa\u00a0<\/strong><\/p>\n<p style=\"text-align: justify;\"><strong>Noti-Am\u00e9rica Panam\u00e1 Redacci\u00f3n \/<\/strong> Tensiones sociales, psicol\u00f3gicas y econ\u00f3micas causadas por la propagaci\u00f3n del nuevo coronavirus pueden combinarse para detonar un incremento de los suicidios alrededor del mundo. Los ahorcamientos, los envenenamientos con plaguicidas y por armas de fuego son los principales tipos de suicidios que ocurren en Panam\u00e1. Aunque, con muchos \u00abrascacielos\u00bb en la ciudad, se ha destacado el lanzamiento al vac\u00edo.<\/p>\n<p id=\"m51-50-52\" class=\"paragraph \" style=\"text-align: justify;\">En los primeros 139 d\u00edas del a\u00f1o 2020, 65 personas han tomado la decisi\u00f3n de quitarse la vida. Las provincias de Panam\u00e1 (15), Chiriqu\u00ed (13) y Panam\u00e1 Oeste (7) acumulan m\u00e1s de la mitad de los casos, seg\u00fan cifras del Centro de Estad\u00edsticas del Ministerio P\u00fablico consideradas entre el 1 de enero y el 18 de mayo.<\/p>\n<p style=\"text-align: justify;\">En medio del confinamiento obligatorio que ha experimentado el pa\u00eds, 11 j\u00f3venes de entre 15 y 29 a\u00f1os tomaron la dr\u00e1stica decisi\u00f3n de suicidarse. En el mismo periodo, tambi\u00e9n se registraron 9 casos de adultos mayores de 60 a\u00f1os y 12 casos m\u00e1s en otro rango de edad. As\u00ed lo establecen las estad\u00edsticas del Ministerio P\u00fablico.<\/p>\n<p style=\"text-align: justify;\"><strong>Testimonios que logran salvar vidas<\/strong><\/p>\n<p id=\"m56-55-57\" class=\"paragraph \" style=\"text-align: justify;\">Saray Correa entr\u00f3 en crisis cuando vio amenazado su negocio de venta de empanadas caseras. \u201cCon lo que ganaba, ayudaba a pagar el alquiler del cuarto de $200. \u00a1Uf! Ya quiero que esto pas\u00e9 r\u00e1pido\u201d, exhal\u00f3 la muchacha de 23 a\u00f1os, que entre sus muy delgados brazos cargaba a dos ni\u00f1os, de 1 y 3 a\u00f1os.<\/p>\n<p id=\"m61-60-62\" class=\"paragraph \" style=\"text-align: justify;\">Por la cabeza de la joven madre y emprendedora pasaron muchas cosas cuando el Gobierno estableci\u00f3 el estado emergencia y las limitaciones de movilidad. \u201cMe quer\u00eda morir de la desesperaci\u00f3n. Estaba ansiosa e impotente\u201d, expres\u00f3, pero reaccion\u00f3 tomando acci\u00f3n y busc\u00f3 ayuda profesional para superar su aguda crisis emocional.<\/p>\n<p style=\"text-align: justify;\"><strong>Una llamada a la L\u00ednea 169 puede salvar una vida<\/strong><\/p>\n<p class=\"paragraph \" style=\"text-align: justify;\">Saray Correa, en medio de su desesperaci\u00f3n, acudi\u00f3 a la l\u00ednea 169, opci\u00f3n 2, del Ministerio de Salud (MINSA), donde fue atendida por un especialista que le ayud\u00f3 a manejar los conflictos psicoemocionales provocados por la paralizaci\u00f3n de la econom\u00eda y el aislamiento social.<\/p>\n<div class=\"article-content-ad \" style=\"text-align: justify;\" data-ad-position=\"content\" data-article-id=\"426816\" data-article-category=\"cafe-estrella\/cultura\">\n<div id=\"div-gpt-ad-1568046123435-0\" class=\"article-content-ad\" data-article-id=\"426816\" data-ad-position=\"A\" data-google-query-id=\"CMeWm4exz-kCFdyCywEdkV4CqQ\">\n<div id=\"google_ads_iframe_\/21626604573\/xlk_lep_vida_y_cultura_modelo_a_300x600_0__container__\">La L\u00ednea 169, que es atendida por un profesional de salud mental, recibi\u00f3 281 llamadas en la primera semana de mayo, entre esas llamadas la realizada por Saray Correa. El 62% de las llamadas proven\u00eda de mujeres, aunque algunas consultas eran de hombres que por contextos culturales obvian el tema.<\/div>\n<\/div>\n<\/div>\n<p id=\"m71-70-72\" class=\"paragraph \" style=\"text-align: justify;\">Existen tambi\u00e9n n\u00fameros en los cuales estas personas pueden encontrar ayuda especializada. Est\u00e1 la Respuesta Operativa de Salud Autom\u00e1tica (R.O.S.A.) https:\/\/rosa.innovacion.gob.pa. En el Instituto Nacional de Salud Mental (523-6800), Cruz Blanca Paname\u00f1a (6674-9695), L\u00ednea de Atenci\u00f3n de Salud Emocional (169, opci\u00f3n 2) y Ministerio de Desarrollo Social (147).<\/p>\n<p style=\"text-align: justify;\"><strong>El suicidio no es una opci\u00f3n\u00a0<\/strong><\/p>\n<p id=\"m145-144-146\" class=\"paragraph \" style=\"text-align: justify;\">El suicidio es la m\u00e1s grave consecuencia de una enfermedad mental, la m\u00e1s importante urgencia psiqui\u00e1trica que existe. La condici\u00f3n de salud p\u00fablica tiene factores condicionantes, predisponentes y precipitados que conllevan al desenlace.<\/p>\n<p style=\"text-align: justify;\">El suicidio es una condici\u00f3n de salud que puede prevenirse, pero debido a la estigmatizaci\u00f3n de los problemas mentales, muchas personas se abstienen de pedir ayuda especializada. Un alto porcentaje de quienes se suicidan, no consulta a los especialistas.<\/p>\n<p style=\"text-align: justify;\"><strong>Recomendaciones de los especialistas<\/strong><\/p>\n<p id=\"m76-75-77\" class=\"paragraph \" style=\"text-align: justify;\">La mayor\u00eda de las personas que cometen actos suicidas muestra signos de alertas. Jos\u00e9 Calder\u00f3n, psiquiatra y jefe de Salud Mental del Ministerio de Salud, recomend\u00f3 prestar especial atenci\u00f3n a quienes manifiestan ideas de suicidio. El especialista considera que las amenazas son la primera advertencia de un suicidio. \u201cA eso siempre hay que hacerle caso\u201d, agreg\u00f3 el psiquiatra.<\/p>\n<p id=\"m135-134-136\" class=\"paragraph \" style=\"text-align: justify;\">Las personas tambi\u00e9n pueden mostrar otras conductas.. Por ejemplo, cambios extremos de conducta, p\u00e9rdida del apetito, del sue\u00f1o, aislamiento, desprendimiento de posesiones muy queridas, cambios de estado emocional y muestras de despedidas.<\/p>\n<p id=\"m140-139-141\" class=\"paragraph \" style=\"text-align: justify;\">El psiquiatra recomienda conversar con quienes hagan declaraciones de suicidios y ofrecer una respuesta solidaria a la persona. \u201cH\u00e1blame m\u00e1s de lo que te pasa&#8230; \u00a1Te comprendo!\u201d, dijo el m\u00e9dico, para dar una idea de las respuestas que esperan estas personas. Lo peor que le puede pasar a una persona es quedarse callada, advirti\u00f3 el galeno.<\/p>\n<p id=\"m170-169-171\" class=\"paragraph \" style=\"text-align: justify;\">El especialista infiere que los hombres se suicidan m\u00e1s que las mujeres, porque no acostumbran consultar a los especialistas por considerarlo una debilidad. Aunque admite que todos los seres humanos tienen la posibilidad de cometer un suicidio.<\/p>\n<p id=\"m175-174-176\" class=\"paragraph \" style=\"text-align: justify;\">Los riesgos son mayores cuando la persona posee antecedentes de familiares que han atentado contra su vida, que tienen trastornos depresivos y de ansiedad, y que no han recibido el tratamiento indicado.<\/p>\n<p id=\"m180-179-181\" class=\"paragraph \" style=\"text-align: justify;\">\u201cAnte una situaci\u00f3n de estr\u00e9s sostenido y global, como la que estamos manteniendo, tenemos que vigilar con mayor acuciosidad las posibilidades de un incremento de suicidio\u201d, concluy\u00f3 el psiquiatra.<\/p>\n<p style=\"text-align: justify;\"><strong>Poblaci\u00f3n paname\u00f1a experimenta ansiedad a causa del COVIS-19<\/strong><\/p>\n<p id=\"m185-184-186\" class=\"paragraph \" style=\"text-align: justify;\">Las proyecciones indican que m\u00e1s de la mitad de la poblaci\u00f3n paname\u00f1a experimentar\u00e1 s\u00edntomas psicoemocionales asociados a la emergencia sanitaria del nuevo coronavirus.<\/p>\n<p id=\"m190-189-191\" class=\"paragraph \" style=\"text-align: justify;\">El aislamiento social, la cercan\u00eda del virus, la sobrexposici\u00f3n del tema en las redes, el tiempo que llevamos enfrentando la pandemia, agravan los problemas emocionales de las personas, que se encuentran ante una situaci\u00f3n que todav\u00eda es desconocida, explic\u00f3 Delia Icaza, m\u00e9dica psiquiatra del MINSA, especialista en respuesta r\u00e1pida de salud mental.<\/p>\n<p id=\"m195-194-196\" class=\"paragraph \" style=\"text-align: justify;\">Un informe de la Comisi\u00f3n de Salud Mental y Desarrollo Sostenible de la Organizaci\u00f3n de Naciones Unidas asegur\u00f3 que muchas personas que pod\u00edan salir adelante, ahora son menos capaces de hacerlo debido a los m\u00faltiples factores de estr\u00e9s que genera la pandemia.<\/p>\n<p id=\"m200-199-201\" class=\"paragraph \" style=\"text-align: justify;\">La organizaci\u00f3n explic\u00f3 que durante la emergencia sanitaria, muchas personas tienen miedo de infectarse, de morir y de perder a sus familias.<\/p>\n<p id=\"m205-204-206\" class=\"paragraph \" style=\"text-align: justify;\">Alrededor del mundo ha existido un incremento importante de suicidios. Cada a\u00f1o, m\u00e1s de 800 mil personas cometen este acto convirti\u00e9ndose en la segunda causa de defunciones entre j\u00f3venes, despu\u00e9s de los accidentes de tr\u00e1nsito. Un 10% de la poblaci\u00f3n mundial experimenta problemas de salud mental.<\/p>\n<p>Enlace de la nota: https:\/\/www.laestrella.com.pa\/cafe-estrella\/cultura\/200525\/suicidio-estragos-mentales-pandemia<\/p>\n<p><strong>Juvenal Cubill\u00e1n<\/strong><\/p>\n<p><strong>Venezolano, Licenciado en Comunicaci\u00f3n Social. Periodista, Redactor y Productor de Radio, Televisi\u00f3n, Prensa Escrita. Redes Sociales<\/strong><\/p>\n","protected":false},"excerpt":{"rendered":"<p>Desde que se decret\u00f3 la pandemia, el 11 de marzo pasado, 32 personas han tomado la decisi\u00f3n de quitarse la vida seg\u00fan datos del Ministerio P\u00fablico, cifra que suma 65 suicidios en los primeros&#46;&#46;&#46;<\/p>\n","protected":false},"author":79,"featured_media":2546,"comment_status":"open","ping_status":"open","sticky":false,"template":"","format":"standard","meta":{"footnotes":""},"categories":[505,489,331,11,13],"tags":[554,555,569,564,305,454,30,608],"class_list":["post-2545","post","type-post","status-publish","format-standard","has-post-thumbnail","hentry","category-centroamerica","category-noticias","category-salud","category-sucesos","category-vida-y-salud","tag-coronavirus","tag-pandemia","tag-covid-19","tag-cuarentena","tag-ministerio-de-salud","tag-ministerio-publico","tag-panama","tag-suicidios"],"_links":{"self":[{"href":"https:\/\/noti-america.com\/site\/panama\/wp-json\/wp\/v2\/posts\/2545","targetHints":{"allow":["GET"]}}],"collection":[{"href":"https:\/\/noti-america.com\/site\/panama\/wp-json\/wp\/v2\/posts"}],"about":[{"href":"https:\/\/noti-america.com\/site\/panama\/wp-json\/wp\/v2\/types\/post"}],"author":[{"embeddable":true,"href":"https:\/\/noti-america.com\/site\/panama\/wp-json\/wp\/v2\/users\/79"}],"replies":[{"embeddable":true,"href":"https:\/\/noti-america.com\/site\/panama\/wp-json\/wp\/v2\/comments?post=2545"}],"version-history":[{"count":2,"href":"https:\/\/noti-america.com\/site\/panama\/wp-json\/wp\/v2\/posts\/2545\/revisions"}],"predecessor-version":[{"id":2552,"href":"https:\/\/noti-america.com\/site\/panama\/wp-json\/wp\/v2\/posts\/2545\/revisions\/2552"}],"wp:featuredmedia":[{"embeddable":true,"href":"https:\/\/noti-america.com\/site\/panama\/wp-json\/wp\/v2\/media\/2546"}],"wp:attachment":[{"href":"https:\/\/noti-america.com\/site\/panama\/wp-json\/wp\/v2\/media?parent=2545"}],"wp:term":[{"taxonomy":"category","embeddable":true,"href":"https:\/\/noti-america.com\/site\/panama\/wp-json\/wp\/v2\/categories?post=2545"},{"taxonomy":"post_tag","embeddable":true,"href":"https:\/\/noti-america.com\/site\/panama\/wp-json\/wp\/v2\/tags?post=2545"}],"curies":[{"name":"wp","href":"https:\/\/api.w.org\/{rel}","templated":true}]}}