{"id":2539,"date":"2020-05-29T16:00:30","date_gmt":"2020-05-29T16:00:30","guid":{"rendered":"http:\/\/noti-america.com\/site\/panama\/?p=2539"},"modified":"2020-05-29T20:25:46","modified_gmt":"2020-05-29T20:25:46","slug":"panama-tiene-la-mortalidad-por-covid-19-mas-alta-de-centroamerica","status":"publish","type":"post","link":"https:\/\/noti-america.com\/site\/panama\/2020\/05\/29\/panama-tiene-la-mortalidad-por-covid-19-mas-alta-de-centroamerica\/","title":{"rendered":"Panam\u00e1 tiene la mortalidad por Covid-19 m\u00e1s alta de Centroam\u00e9rica"},"content":{"rendered":"\r\n<div id=\"attachment_2527\" style=\"width: 690px\" class=\"wp-caption alignnone\"><img loading=\"lazy\" decoding=\"async\" aria-describedby=\"caption-attachment-2527\" class=\"size-full wp-image-2527\" src=\"http:\/\/noti-america.com\/site\/panama\/wp-content\/uploads\/sites\/10\/2020\/05\/M-27egk0-1.jpg\" alt=\"\" width=\"680\" height=\"383\" srcset=\"https:\/\/noti-america.com\/site\/panama\/wp-content\/uploads\/sites\/10\/2020\/05\/M-27egk0-1.jpg 680w, https:\/\/noti-america.com\/site\/panama\/wp-content\/uploads\/sites\/10\/2020\/05\/M-27egk0-1-300x169.jpg 300w\" sizes=\"auto, (max-width: 680px) 100vw, 680px\" \/><p id=\"caption-attachment-2527\" class=\"wp-caption-text\">Autoridades de Salud en alerta por avance de contagios diarios (Cortes\u00eda)<\/p><\/div>\r\n<p>&nbsp;<\/p>\r\n<div id=\"attachment_2556\" style=\"width: 1034px\" class=\"wp-caption alignnone\"><img loading=\"lazy\" decoding=\"async\" aria-describedby=\"caption-attachment-2556\" class=\"size-large wp-image-2556\" src=\"http:\/\/noti-america.com\/site\/panama\/wp-content\/uploads\/sites\/10\/2020\/05\/29-5-20_1_-1024x576.jpg\" alt=\"\" width=\"1024\" height=\"576\" srcset=\"https:\/\/noti-america.com\/site\/panama\/wp-content\/uploads\/sites\/10\/2020\/05\/29-5-20_1_-1024x576.jpg 1024w, https:\/\/noti-america.com\/site\/panama\/wp-content\/uploads\/sites\/10\/2020\/05\/29-5-20_1_-300x169.jpg 300w, https:\/\/noti-america.com\/site\/panama\/wp-content\/uploads\/sites\/10\/2020\/05\/29-5-20_1_-768x432.jpg 768w, https:\/\/noti-america.com\/site\/panama\/wp-content\/uploads\/sites\/10\/2020\/05\/29-5-20_1_-1536x864.jpg 1536w, https:\/\/noti-america.com\/site\/panama\/wp-content\/uploads\/sites\/10\/2020\/05\/29-5-20_1_.jpg 2048w\" sizes=\"auto, (max-width: 1024px) 100vw, 1024px\" \/><p id=\"caption-attachment-2556\" class=\"wp-caption-text\">Infograf\u00eda: MInisterio de Salud Panam\u00e1 (Cortes\u00eda)<\/p><\/div>\r\n<p>&nbsp;<\/p>\r\n<div id=\"attachment_2557\" style=\"width: 1034px\" class=\"wp-caption alignnone\"><img loading=\"lazy\" decoding=\"async\" aria-describedby=\"caption-attachment-2557\" class=\"size-large wp-image-2557\" src=\"http:\/\/noti-america.com\/site\/panama\/wp-content\/uploads\/sites\/10\/2020\/05\/29-5-20_2_-1024x576.jpg\" alt=\"\" width=\"1024\" height=\"576\" srcset=\"https:\/\/noti-america.com\/site\/panama\/wp-content\/uploads\/sites\/10\/2020\/05\/29-5-20_2_-1024x576.jpg 1024w, https:\/\/noti-america.com\/site\/panama\/wp-content\/uploads\/sites\/10\/2020\/05\/29-5-20_2_-300x169.jpg 300w, https:\/\/noti-america.com\/site\/panama\/wp-content\/uploads\/sites\/10\/2020\/05\/29-5-20_2_-768x432.jpg 768w, https:\/\/noti-america.com\/site\/panama\/wp-content\/uploads\/sites\/10\/2020\/05\/29-5-20_2_-1536x864.jpg 1536w, https:\/\/noti-america.com\/site\/panama\/wp-content\/uploads\/sites\/10\/2020\/05\/29-5-20_2_.jpg 2048w\" sizes=\"auto, (max-width: 1024px) 100vw, 1024px\" \/><p id=\"caption-attachment-2557\" class=\"wp-caption-text\">Infograf\u00eda: MInisterio de Salud Panam\u00e1 (Cortes\u00eda)<\/p><\/div>\r\n<p>&nbsp;<\/p>\r\n<div id=\"attachment_2555\" style=\"width: 1034px\" class=\"wp-caption alignnone\"><img loading=\"lazy\" decoding=\"async\" aria-describedby=\"caption-attachment-2555\" class=\"size-large wp-image-2555\" src=\"http:\/\/noti-america.com\/site\/panama\/wp-content\/uploads\/sites\/10\/2020\/05\/29-5-20_3_-1024x576.jpg\" alt=\"\" width=\"1024\" height=\"576\" srcset=\"https:\/\/noti-america.com\/site\/panama\/wp-content\/uploads\/sites\/10\/2020\/05\/29-5-20_3_-1024x576.jpg 1024w, https:\/\/noti-america.com\/site\/panama\/wp-content\/uploads\/sites\/10\/2020\/05\/29-5-20_3_-300x169.jpg 300w, https:\/\/noti-america.com\/site\/panama\/wp-content\/uploads\/sites\/10\/2020\/05\/29-5-20_3_-768x432.jpg 768w, https:\/\/noti-america.com\/site\/panama\/wp-content\/uploads\/sites\/10\/2020\/05\/29-5-20_3_-1536x864.jpg 1536w, https:\/\/noti-america.com\/site\/panama\/wp-content\/uploads\/sites\/10\/2020\/05\/29-5-20_3_.jpg 2048w\" sizes=\"auto, (max-width: 1024px) 100vw, 1024px\" \/><p id=\"caption-attachment-2555\" class=\"wp-caption-text\">Infograf\u00eda: MInisterio de Salud Panam\u00e1 (Cortes\u00eda)<\/p><\/div>\r\n<p style=\"text-align: center;\"><strong>Panam\u00e1, primer pa\u00eds en Centroam\u00e9rica con personas contagiadas por COVID-19 con 12,131, tambi\u00e9n tiene la tasa de mortalidad por Coronavirus m\u00e1s alta de la regi\u00f3n y la sexta m\u00e1s alta en Latinoam\u00e9rica con 70 fallecidos por cada mill\u00f3n de habitantes; mientras que la tasa de letalidad de la pandemia en el pa\u00eds \u00edstmico se ubica en 2,6%. Autoridades de salud aseguran que aun cuando el sistema de salud supo responder y evit\u00f3 el colapso, la historia cl\u00ednica de los pacientes tambi\u00e9n pesa en el mortal saldo.<\/strong><\/p>\r\n<p><strong>By Juvenal Cubill\u00e1n \/ Mayo 29,2020<\/strong><\/p>\r\n<p><strong>Fuente: John Hopkins University \/ www.laestrella.com.pa\u00a0<\/strong><\/p>\r\n<p style=\"text-align: justify;\"><br \/>Una de las preguntas con mayor presencia en las redes sociales:\u00a0 \u00bfPor qu\u00e9 unos mueren en cuesti\u00f3n de d\u00edas y otros pacientes con Covid-19 no llegan a tener s\u00edntomas de resfriado siquiera? la interrogante tambi\u00e9n ha sido tema tratado en las sesiones virtuales de los \u00faltimos meses que incluya a especialistas.<\/p>\r\n<p style=\"text-align: justify;\">Pero la interrogante tiene respuesta: El virus SARS-COV2, causante de la enfermedad Covid-19, como todos los virus y bacterias, act\u00faa distinto en cada organismo. En torno al tema, existe un amplio consenso entre autoridades de salud y m\u00e9dicos, sobre las condiciones de salud preexistentes en un paciente que pueden empeorar el desarrollo de la enfermedad y terminar en la muerte. Esto se conoce como comorbilidades o enfermedades concomitantes.<\/p>\r\n<p style=\"text-align: justify;\">En Panam\u00e1 han muerto, hasta la fecha, 320 personas reportadas con Covid-19. Las mayor\u00eda de ellas son varones por encima de los 60 a\u00f1os y con enfermedades cr\u00f3nicas, diabetes, hipertensi\u00f3n, sobrepeso, c\u00e1ncer, seg\u00fan datos generales proporcionados por el Ministerio de Salud (MINSA) y la Caja de Seguro Social (CCS).<\/p>\r\n<p style=\"text-align: justify;\">El MINSA anunci\u00f3 la conformaci\u00f3n\u00a0 de una comisi\u00f3n para el registro p\u00fablico con la comorbilidad de cada fallecido, la edad, sexo, la condici\u00f3n social y el lugar exacto donde, a fin de recopilar esta informaci\u00f3n y presentarla ante la Organizaci\u00f3n Mundial de la Salud (OMS).<\/p>\r\n<p style=\"text-align: justify;\"><strong>\u00bfQu\u00e9 se sabe sobre la Comorbilidad de la Covid-19 en Panam\u00e1?<\/strong><\/p>\r\n<p style=\"text-align: justify;\">La predisposici\u00f3n es importante para estructurar cualquier pol\u00edtica de salud p\u00fablica. Jorge Prosperi, m\u00e9dico y exrepresentante de la Organizaci\u00f3n Mundial de la Salud (OMS) en Panam\u00e1, asegura de que en el mismo periodo de la pandemia en que han fallecido un poco m\u00e1s de 300 personas por Covid-19, paralelamente han muerto m\u00e1s de 6,000 personas por enfermedades cr\u00f3nicas, diabetes, c\u00e1ncer, consumo de alcohol, entre otros.Otra variable \u201cmuy importante a identificar\u201d como la describe el galeno, es la condici\u00f3n socioecon\u00f3mica de los fallecidos. \u201cEso pesa mucho en la salud&#8230; si tienen agua, si viven hacinados, por ejemplo\u201d.<\/p>\r\n<p id=\"m178-177-179\" class=\"paragraph \" style=\"text-align: justify;\">Esto, seg\u00fan Prosperi, tiene dos explicaciones. \u00abUna es que somos el pa\u00eds que m\u00e1s pruebas hace por cantidades de habitantes (mientras m\u00e1s se prueba, m\u00e1s se detecta). La segunda explicaci\u00f3n es la prevalencia de enfermedades concomitantes de fondo\u00bb y agrega que \u00abal margen de las estad\u00edsticas, cada v\u00edctima tiene una cara, una historia familiar, social y cl\u00ednica, que merece ser contada en aras de implementar, corregir o fortalecer planes de medicina preventiva\u00bb.<\/p>\r\n<p style=\"text-align: justify;\"><strong>1,034 casos positivos en la \u00faltima semana en Panam\u00e1<\/strong><\/p>\r\n<p style=\"text-align: justify;\">Tras registrarse este jueves 281 nuevos contagios por COVID-19, los casos positivos ascienden a 12,131 con 320 personas fallecidas, seg\u00fan \u00faltimo informe epidemiol\u00f3gico, con lo cual suman 1.034 nuevos contagios desde el pasado lunes 25 de mayo.<\/p>\r\n<p style=\"text-align: justify;\">Seg\u00fan el m\u00e1s reciente reporte difundido a los medios de comunicaci\u00f3n y redes sociales, se han realizado 63,202 pruebas, 1,304 de ellas en las \u00faltimas 24 horas, de las cuales 48,842 resultaron negativas al COVID-19. La cantidad d test practicados corresponden a 14,772 por cada mill\u00f3n de habitantes y 1,477 por cada 100 mil.<\/p>\r\n<p style=\"text-align: justify;\">Las personas recuperadas ascienden a 7,379 y han fallecido 320 personas, 35 de estos falleciomiento se han registrado desde el lunes 25 de mayo a la fecha. Las autoridades refieren que se mantienen en aislamiento domiciliario 3,523 personas, en hoteles 449, en salas de hospitalizaci\u00f3n permanecen 287 pacientes por coronavirus y 79 contagiados est\u00e1n recluidos en Unidades de Cuidados Intensivos (UCI).<\/p>\r\n<p style=\"text-align: justify;\"><strong>Mayor cantidad de contagios se presenta entre los 20 y 60 a\u00f1os<\/strong><\/p>\r\n<p style=\"text-align: justify;\">De acuerdo a las estad\u00edsticas acumuladas a la fecha, 9,273 contagios se presentan en los grupos de entre 20 y 60 a\u00f1os de edad: registr\u00e1ndose en el grupo de 20 a 39 a\u00f1os 5,326 contagios y en el segmento de entre 40 a 59 a\u00f1os se reportan 3,947.<\/p>\r\n<p style=\"text-align: justify;\"><strong>228 fallecimientos en mayores de 60 a\u00f1os de edad<\/strong><\/p>\r\n<p style=\"text-align: justify;\">En relaci\u00f3n a los decesos por COVID-19 los cuales suman 320, la mayor cantidad de fallecimientos se registran en los segmentos de personas con m\u00e1s de 60 a\u00f1os de edad con un total de 228 v\u00edctimas por Coronavirus; las cuales se discriminan en 151 muertes en el grupo de 60 a 79 a\u00f1os y 77 decesos en pacientes mayores a 80 a\u00f1os de edad.\u00a0<\/p>\r\n<p style=\"text-align: justify;\"><strong>Ciudad de Panam\u00e1 alberga mayor cantidad de contagios<\/strong><\/p>\r\n<p style=\"text-align: justify;\">De acuerdo al reporte estad\u00edstico de las autoridades encargadas del Plan Prot\u00e9gete Panam\u00e1, las 12.131 personas contagiadas por COVID-19 se ubican geogr\u00e1ficamente en las provincias de Panam\u00e1 Provincia (Zona capital) con 7,621; Panam\u00e1 Oeste 2,288; Col\u00f3n (Norte) con 440; Veraguas (centro del pa\u00eds) 681 casos; y las provincias fronterizas de Dari\u00e9n (Colombia) con 203 contagios y las provincias de Chiriqu\u00ed y Bocas del Toro (Costa Rica) con 321 y 145 casos, respectivamente.<\/p>\r\n<p style=\"text-align: justify;\"><strong>Panam\u00e1 lidera cifras del COVID-19 en Centroam\u00e9rica <\/strong><\/p>\r\n<p style=\"text-align: justify;\">Panam\u00e1 sigue siendo el pa\u00eds de Centroam\u00e9rica con mayor registro de contagiados por COVID-19 con 12,131 contagiados y 320 decesos a causa de este virus; Honduras con 4,752 contagios y 196 muertos; Guatemala con registro de 4,348 contagios y 80 fallecimientos, El Salvador totaliza 2,278 contagios y 42 decesos; Costa Rica con 1,000 personas enfermas por la pandemia con 11 fallecidos y en Nicaragua aumenta considerablemente los casos positivos con 759 y 35 fallecimientos.<\/p>\r\n<p style=\"text-align: justify;\">En relaci\u00f3n a Latino Am\u00e9rica, Panam\u00e1 ocupa el octavo lugar detr\u00e1s de Brasil en primer lugar con 438,228 contagiados y 26,754 fallecidos (segunda naci\u00f3n del mundo m\u00e1s afectado por el nuevo Coronavirus luego de Estados Unidos). Le sigue al gigante suramericano, Per\u00fa con 141,779 contagios y 4,099 muertes; Chile 86,943 contagios y 890 muertes; M\u00e9xico con 81,400 enfermos y registro de 9,044 decesos;\u00a0 Ecuador con 38,471 y 3,313 fallecidos; Colombia que ha visto aumentas la cifras de caso positivos a 25,406 y 855 muertes; Rep\u00fablica Dominicana con 16,068 personas con COVID-19 con 485 fallecidos.\u00a0<\/p>\r\n<p>Enlace de la nota: https:\/\/www.laestrella.com.pa\/nacional\/200529\/comorbilidad-covid-19<\/p>\r\n<p><strong>Juvenal Cubill\u00e1n<\/strong><\/p>\r\n<p><strong>Venezolano, Licenciado en Comunicaci\u00f3n Social. Periodista, Redactor y Productor de Radio, Televisi\u00f3n, Prensa Escrita. Redes Sociales<\/strong><\/p>\r\n","protected":false},"excerpt":{"rendered":"<p>&nbsp; &nbsp; &nbsp; Panam\u00e1, primer pa\u00eds en Centroam\u00e9rica con personas contagiadas por COVID-19 con 12,131, tambi\u00e9n tiene la tasa de mortalidad por Coronavirus m\u00e1s alta de la regi\u00f3n y la sexta m\u00e1s alta en&#46;&#46;&#46;<\/p>\n","protected":false},"author":79,"featured_media":2558,"comment_status":"open","ping_status":"open","sticky":false,"template":"","format":"standard","meta":{"footnotes":""},"categories":[489,331,13],"tags":[554,555,532,159,569,564,75,580,221,74,305,240,610,30,525],"class_list":["post-2539","post","type-post","status-publish","format-standard","has-post-thumbnail","hentry","category-noticias","category-salud","category-vida-y-salud","tag-coronavirus","tag-pandemia","tag-brasil","tag-costa-rica","tag-covid-19","tag-cuarentena","tag-economia","tag-epidemiologia","tag-guatemala","tag-honduras","tag-ministerio-de-salud","tag-nicaragua","tag-organizacion-mundial-de-la-salud","tag-panama","tag-peru"],"_links":{"self":[{"href":"https:\/\/noti-america.com\/site\/panama\/wp-json\/wp\/v2\/posts\/2539","targetHints":{"allow":["GET"]}}],"collection":[{"href":"https:\/\/noti-america.com\/site\/panama\/wp-json\/wp\/v2\/posts"}],"about":[{"href":"https:\/\/noti-america.com\/site\/panama\/wp-json\/wp\/v2\/types\/post"}],"author":[{"embeddable":true,"href":"https:\/\/noti-america.com\/site\/panama\/wp-json\/wp\/v2\/users\/79"}],"replies":[{"embeddable":true,"href":"https:\/\/noti-america.com\/site\/panama\/wp-json\/wp\/v2\/comments?post=2539"}],"version-history":[{"count":4,"href":"https:\/\/noti-america.com\/site\/panama\/wp-json\/wp\/v2\/posts\/2539\/revisions"}],"predecessor-version":[{"id":2562,"href":"https:\/\/noti-america.com\/site\/panama\/wp-json\/wp\/v2\/posts\/2539\/revisions\/2562"}],"wp:featuredmedia":[{"embeddable":true,"href":"https:\/\/noti-america.com\/site\/panama\/wp-json\/wp\/v2\/media\/2558"}],"wp:attachment":[{"href":"https:\/\/noti-america.com\/site\/panama\/wp-json\/wp\/v2\/media?parent=2539"}],"wp:term":[{"taxonomy":"category","embeddable":true,"href":"https:\/\/noti-america.com\/site\/panama\/wp-json\/wp\/v2\/categories?post=2539"},{"taxonomy":"post_tag","embeddable":true,"href":"https:\/\/noti-america.com\/site\/panama\/wp-json\/wp\/v2\/tags?post=2539"}],"curies":[{"name":"wp","href":"https:\/\/api.w.org\/{rel}","templated":true}]}}