{"id":2531,"date":"2020-05-21T13:24:05","date_gmt":"2020-05-21T13:24:05","guid":{"rendered":"http:\/\/noti-america.com\/site\/panama\/?p=2531"},"modified":"2020-05-21T13:25:57","modified_gmt":"2020-05-21T13:25:57","slug":"acuerdo-permitiria-transito-de-transporte-de-carga-por-costa-rica","status":"publish","type":"post","link":"https:\/\/noti-america.com\/site\/panama\/2020\/05\/21\/acuerdo-permitiria-transito-de-transporte-de-carga-por-costa-rica\/","title":{"rendered":"Acuerdo binacional permitir\u00eda tr\u00e1nsito de transporte de carga por Costa Rica"},"content":{"rendered":"<div id=\"attachment_2532\" style=\"width: 670px\" class=\"wp-caption alignnone\"><img loading=\"lazy\" decoding=\"async\" aria-describedby=\"caption-attachment-2532\" class=\"size-full wp-image-2532\" src=\"http:\/\/noti-america.com\/site\/panama\/wp-content\/uploads\/sites\/10\/2020\/05\/Frontera-de-Costa-Rica-Panam\u00e1.-PL-660x330-1.jpg\" alt=\"\" width=\"660\" height=\"330\" srcset=\"https:\/\/noti-america.com\/site\/panama\/wp-content\/uploads\/sites\/10\/2020\/05\/Frontera-de-Costa-Rica-Panam\u00e1.-PL-660x330-1.jpg 660w, https:\/\/noti-america.com\/site\/panama\/wp-content\/uploads\/sites\/10\/2020\/05\/Frontera-de-Costa-Rica-Panam\u00e1.-PL-660x330-1-300x150.jpg 300w\" sizes=\"auto, (max-width: 660px) 100vw, 660px\" \/><p id=\"caption-attachment-2532\" class=\"wp-caption-text\">Panam\u00e1 y Costa Rica logran acuerdo para normalizar transporte de carga (Cortes\u00eda)<\/p><\/div>\n<p style=\"text-align: center\"><strong>Para celebrar este acuerdo, ministros de Salud y de Comercio de los pa\u00edses de Centroam\u00e9rica discuten la propuesta de Costa Rica que permitir\u00eda el transporte de carga por la regi\u00f3n desde este jueves<\/strong><\/p>\n<p><strong>By Juvenal Cubill\u00e1n, Mayo 21, 2020<\/strong><\/p>\n<p><strong>Fuente: www.laestrella.com.pa<\/strong><\/p>\n<p style=\"text-align: justify\"><strong>Noti-Am\u00e9rica Panam\u00e1 \/<\/strong> La propuesta sobre permiso de transporte de carga a trav\u00e9s de Costa Rica, discutida y analizada adem\u00e1s por autoridades de Aduanas y de Migraci\u00f3n, contempla que los transportistas puedan permanecer hasta 72 horas en el pa\u00eds para hacer las descargas, y cada gobierno se compromet\u00eda a construir recintos con las facilidades para que pudieran descansar.<\/p>\n<p id=\"m56-55-57\" class=\"paragraph \" style=\"text-align: justify\">La propuesta fue anunciada por el Gobierno de Costa Rica, al prohibir el paso de transportistas extranjeros el pasado lunes.La medida ser\u00eda parte de los protocolos de bioseguridad que deber\u00edan tomar todos los pa\u00edses de Centroam\u00e9rica para contrarrestar el contagio del nuevo coronavirus.<\/p>\n<p id=\"m76-75-77\" class=\"paragraph \" style=\"text-align: justify\">Entre los aspectos que deber\u00edan acordar los ministros eran la ruta, los recintos y las distintas paradas que podr\u00edan hacer los transportistas cada vez que ingresan a un pa\u00eds con sus contenedores.<\/p>\n<p id=\"m81-80-82\" class=\"paragraph \" style=\"text-align: justify\">Las 72 horas que tendr\u00edan los transportistas se deber\u00edan en las primeras 24 horas de entrada y las 48 restantes para realizar las descargas y salir. Todo esto bajo vigilancia epidemiol\u00f3gica por cada una de las autoridades del pa\u00eds al que ingresan los transportistas.<\/p>\n<p>Enlace de la nota: https:\/\/www.laestrella.com.pa\/nacional\/200521\/acuerdo-permitiria-transito-carga-costa<\/p>\n<p><strong>Juvenal Cubill\u00e1n<\/strong><\/p>\n<p><strong>Venezolano, Licenciado en Comunicaci\u00f3n Social. Periodista, Redactor y Productor de Radio, Televisi\u00f3n, Prensa Escrita. Redes Sociales<\/strong><\/p>\n","protected":false},"excerpt":{"rendered":"<p>Para celebrar este acuerdo, ministros de Salud y de Comercio de los pa\u00edses de Centroam\u00e9rica discuten la propuesta de Costa Rica que permitir\u00eda el transporte de carga por la regi\u00f3n desde este jueves By&#46;&#46;&#46;<\/p>\n","protected":false},"author":79,"featured_media":0,"comment_status":"open","ping_status":"open","sticky":false,"template":"","format":"standard","meta":{"footnotes":""},"categories":[505,328,489,331],"tags":[554,556,555,593,159,564,75,30,606],"class_list":["post-2531","post","type-post","status-publish","format-standard","hentry","category-centroamerica","category-economia-opinion","category-noticias","category-salud","tag-coronavirus","tag-covid19","tag-pandemia","tag-aduanas","tag-costa-rica","tag-cuarentena","tag-economia","tag-panama","tag-transporte-de-carga"],"_links":{"self":[{"href":"https:\/\/noti-america.com\/site\/panama\/wp-json\/wp\/v2\/posts\/2531","targetHints":{"allow":["GET"]}}],"collection":[{"href":"https:\/\/noti-america.com\/site\/panama\/wp-json\/wp\/v2\/posts"}],"about":[{"href":"https:\/\/noti-america.com\/site\/panama\/wp-json\/wp\/v2\/types\/post"}],"author":[{"embeddable":true,"href":"https:\/\/noti-america.com\/site\/panama\/wp-json\/wp\/v2\/users\/79"}],"replies":[{"embeddable":true,"href":"https:\/\/noti-america.com\/site\/panama\/wp-json\/wp\/v2\/comments?post=2531"}],"version-history":[{"count":2,"href":"https:\/\/noti-america.com\/site\/panama\/wp-json\/wp\/v2\/posts\/2531\/revisions"}],"predecessor-version":[{"id":2534,"href":"https:\/\/noti-america.com\/site\/panama\/wp-json\/wp\/v2\/posts\/2531\/revisions\/2534"}],"wp:attachment":[{"href":"https:\/\/noti-america.com\/site\/panama\/wp-json\/wp\/v2\/media?parent=2531"}],"wp:term":[{"taxonomy":"category","embeddable":true,"href":"https:\/\/noti-america.com\/site\/panama\/wp-json\/wp\/v2\/categories?post=2531"},{"taxonomy":"post_tag","embeddable":true,"href":"https:\/\/noti-america.com\/site\/panama\/wp-json\/wp\/v2\/tags?post=2531"}],"curies":[{"name":"wp","href":"https:\/\/api.w.org\/{rel}","templated":true}]}}