{"id":2460,"date":"2020-05-13T14:29:49","date_gmt":"2020-05-13T14:29:49","guid":{"rendered":"http:\/\/noti-america.com\/site\/panama\/?p=2460"},"modified":"2020-05-13T14:29:49","modified_gmt":"2020-05-13T14:29:49","slug":"gobierno-inicia-apertura-gradual-de-actividades-economicas-desde-este-13-de-mayo","status":"publish","type":"post","link":"https:\/\/noti-america.com\/site\/panama\/2020\/05\/13\/gobierno-inicia-apertura-gradual-de-actividades-economicas-desde-este-13-de-mayo\/","title":{"rendered":"Gobierno inicia apertura gradual de actividades econ\u00f3micas desde este 13 de mayo"},"content":{"rendered":"\r\n<div id=\"attachment_2470\" style=\"width: 1000px\" class=\"wp-caption alignnone\"><img loading=\"lazy\" decoding=\"async\" aria-describedby=\"caption-attachment-2470\" class=\"size-full wp-image-2470\" src=\"http:\/\/noti-america.com\/site\/panama\/wp-content\/uploads\/sites\/10\/2020\/05\/5e4346947036d.jpeg\" alt=\"\" width=\"990\" height=\"491\" srcset=\"https:\/\/noti-america.com\/site\/panama\/wp-content\/uploads\/sites\/10\/2020\/05\/5e4346947036d.jpeg 990w, https:\/\/noti-america.com\/site\/panama\/wp-content\/uploads\/sites\/10\/2020\/05\/5e4346947036d-300x149.jpeg 300w, https:\/\/noti-america.com\/site\/panama\/wp-content\/uploads\/sites\/10\/2020\/05\/5e4346947036d-768x381.jpeg 768w\" sizes=\"auto, (max-width: 990px) 100vw, 990px\" \/><p id=\"caption-attachment-2470\" class=\"wp-caption-text\">Ministro de Comercio e Industrias, Ram\u00f3n Mart\u00ednez (Cortes\u00eda Presidencia)<\/p><\/div>\r\n<div id=\"attachment_2469\" style=\"width: 1034px\" class=\"wp-caption alignnone\"><img loading=\"lazy\" decoding=\"async\" aria-describedby=\"caption-attachment-2469\" class=\"size-large wp-image-2469\" src=\"http:\/\/noti-america.com\/site\/panama\/wp-content\/uploads\/sites\/10\/2020\/05\/EX0QrazXgAIF6Le-1024x509.jpg\" alt=\"\" width=\"1024\" height=\"509\" srcset=\"https:\/\/noti-america.com\/site\/panama\/wp-content\/uploads\/sites\/10\/2020\/05\/EX0QrazXgAIF6Le-1024x509.jpg 1024w, https:\/\/noti-america.com\/site\/panama\/wp-content\/uploads\/sites\/10\/2020\/05\/EX0QrazXgAIF6Le-300x149.jpg 300w, https:\/\/noti-america.com\/site\/panama\/wp-content\/uploads\/sites\/10\/2020\/05\/EX0QrazXgAIF6Le-768x382.jpg 768w, https:\/\/noti-america.com\/site\/panama\/wp-content\/uploads\/sites\/10\/2020\/05\/EX0QrazXgAIF6Le.jpg 1200w\" sizes=\"auto, (max-width: 1024px) 100vw, 1024px\" \/><p id=\"caption-attachment-2469\" class=\"wp-caption-text\">Infograf\u00eda: Plan Prot\u00e9gete Panam\u00e1 &#8211; Presidencia (Cortes\u00eda)<\/p><\/div>\r\n<p style=\"text-align: justify\">Ser\u00e1n seis bloques, activ\u00e1ndose el primero este 13 de mayo. Apertura del resto de los bloques entre ellos los que que involucran sector construcci\u00f3n, industria, comercio al por menos, ventas de autos, hoteler\u00eda, turismo, eventos deportivos, lugares de cultos religiosos, conciertos, fiestas privadas, ferias, patronales y centros nocturnos, entre otros, esperan por fecha de inicio y el bloque seis depender\u00e1n de un tratamiento efectivo o vacuna contra el coronavirus.<\/p>\r\n<p style=\"text-align: justify\"><strong>By: Juvenal Cubilllan \/ Mayo 13, 2020<\/strong><\/p>\r\n<p style=\"text-align: justify\"><strong>Fuente: www.laestrella.com.pa \/ Ministerio de Comercio e Indurtias \/ Plan Prot\u00e9gete Panam\u00e1<\/strong><\/p>\r\n<p style=\"text-align: justify\"><strong>Noti-Am\u00e9rica Panam\u00e1 \/<\/strong> El Gobierno Nacional anuncia el inicio del plan hacia la\u00a0 \u00abNueva Normalidad\u00bb a partir de este mi\u00e9rcoles 13 de mayo con seis bloques de diferentes tipos de actividades econ\u00f3micas que empezar\u00e1n a laborar de manera gradual, como parte del programa Nacional Prot\u00e9gete Panam\u00e1, dise\u00f1ado para mitigar los efectos de la pandemia y promover la recuperaci\u00f3n econ\u00f3mica.<\/p>\r\n<p style=\"text-align: justify\">El Ministro de Comercio e Industrias, Ram\u00f3n Mart\u00ednez inform\u00f3 que la hoja de ruta de este plan de reapertura es el resultado de evaluar no solo la trasmisi\u00f3n del virus sino su fuerza e impacto econ\u00f3mico. <\/p>\r\n<p style=\"text-align: justify\">Explic\u00f3 que la apertura de comercios del primer bloque inicia este este 13 de mayo e incluye talleres de mec\u00e1nica y repuestos en general, servicios t\u00e9cnicos: plomeros, electricistas, mantenimiento de sistemas, aires acondicionados, ascensores, mantenimiento y limpieza de piscinas; la pesca industrial y la acuicultura y las ventas al por menor en su modalidad de ventas en l\u00ednea o comercio electr\u00f3nico.<\/p>\r\n<p style=\"text-align: justify\">En este bloque, detall\u00f3, contin\u00faan las medidas sanitarias, el cumplimiento de la cuarentena y las restricciones de movilidad por g\u00e9nero y n\u00famero de c\u00e9dula y el cumplimiento de los cercos sanitarios. Adem\u00e1s se permitir\u00e1n reuniones de trabajo de hasta 10 personas y el estricto cumplimiento de los lineamientos para el retorno a la nueva normalidad de las empresas post Covid-19.<\/p>\r\n<p style=\"text-align: justify\"><strong>Otros cinco bloques a\u00fan sin fecha de inicio<\/strong><\/p>\r\n<p style=\"text-align: justify\">A\u00fan sin fecha de apertura y dependiendo de los an\u00e1lisis de \u00edndices de contagio e \u00edndices de uso de las unidades de cuidados intensivos, as\u00ed como la duplicidad de casos de COVID-19, est\u00e1n el resto de los otros cinco bloques, de los cuales el dos\u00a0 ubica al sector de la construcci\u00f3n en su modalidad de infraestructura p\u00fablica, la miner\u00eda no met\u00e1lica, las \u00e1reas y lugares de culto, sociales y deportivas solo a una capacidad de 25% y guardando una distancia de dos metros. <\/p>\r\n<p style=\"text-align: justify\">El bloque n\u00famero tres est\u00e1 conformado por el comercio al por menor, el comercio al por mayor, las ventas de autos, servicios profesionales, servicios administrativos y construcci\u00f3n de proyectos privados.<br \/><br \/>El bloque cuatro conlleva la apertura de hoteles, restaurantes y el transporte a\u00e9reo; mientras que el bloque cinco incluye la educaci\u00f3n, el transporte no esencial, deporte, bares y sitios de esparcimiento y finalmente el seis, que es la etapa final, incluye a todos los sectores econ\u00f3micos que no estaban abiertos e incluye conciertos, ferias, patronales y discotecas.<\/p>\r\n<p style=\"text-align: justify\">El ministro Mart\u00ednez afirm\u00f3 que la apertura de este \u00faltimo bloque conlleva que ya exista un tratamiento efectivo o una vacuna de vida contra el coronavirus.<\/p>\r\n<p style=\"text-align: justify\"><strong>Proceso de adaptaci\u00f3n y colaboraci\u00f3n de la poblaci\u00f3n\u00a0\u00a0<\/strong><\/p>\r\n<p style=\"text-align: justify\">Las autoridades nacionales de Salud y Econom\u00eda explicaron que para la apertura econ\u00f3mica se han considerando diversos factores, incluyendo la reducci\u00f3n de la propagaci\u00f3n del coronavirus a menos de 1% y que espera se mantenga durante los pr\u00f3ximos 14 d\u00edas, tanto a nivel nacional como regional, as\u00ed como tambi\u00e9n la mejora de la capacidad instalada dentro del sistema sanitario, que ha permitido que el mismo no colapse.<\/p>\r\n<p style=\"text-align: justify\">Igualmente, indicaron que tambi\u00e9n se ha incrementado la capacidad diagn\u00f3stica con alrededor de mil muestras moleculares diarias y se est\u00e1 en el proceso de adquisici\u00f3n de las pruebas serol\u00f3gicas, y agregaron que hay una capacidad que permitir\u00e1 al sistema de salud atender un n\u00famero de casos, que espera no se produzcan, pero que buscan mantener los indicadores aceptables y evitar que el virus se siga propagando en el pa\u00eds.<\/p>\r\n<p><strong>Juvenal Cubill\u00e1n<\/strong><\/p>\r\n<p><strong>Venezolano, Licenciado en Comunicaci\u00f3n Social. Periodista, Redactor y Productor de Radio, Televisi\u00f3n, Prensa Escrita. Redes Sociales<\/strong><\/p>\r\n","protected":false},"excerpt":{"rendered":"<p>Ser\u00e1n seis bloques, activ\u00e1ndose el primero este 13 de mayo. Apertura del resto de los bloques entre ellos los que que involucran sector construcci\u00f3n, industria, comercio al por menos, ventas de autos, hoteler\u00eda, turismo,&#46;&#46;&#46;<\/p>\n","protected":false},"author":79,"featured_media":0,"comment_status":"open","ping_status":"open","sticky":false,"template":"","format":"standard","meta":{"footnotes":""},"categories":[505,5,489,1],"tags":[554,555,569,564,585,586,30],"class_list":["post-2460","post","type-post","status-publish","format-standard","hentry","category-centroamerica","category-economia","category-noticias","category-uncategorized","tag-coronavirus","tag-pandemia","tag-covid-19","tag-cuarentena","tag-econimoa","tag-ministerio-de-finanzas","tag-panama"],"_links":{"self":[{"href":"https:\/\/noti-america.com\/site\/panama\/wp-json\/wp\/v2\/posts\/2460","targetHints":{"allow":["GET"]}}],"collection":[{"href":"https:\/\/noti-america.com\/site\/panama\/wp-json\/wp\/v2\/posts"}],"about":[{"href":"https:\/\/noti-america.com\/site\/panama\/wp-json\/wp\/v2\/types\/post"}],"author":[{"embeddable":true,"href":"https:\/\/noti-america.com\/site\/panama\/wp-json\/wp\/v2\/users\/79"}],"replies":[{"embeddable":true,"href":"https:\/\/noti-america.com\/site\/panama\/wp-json\/wp\/v2\/comments?post=2460"}],"version-history":[{"count":2,"href":"https:\/\/noti-america.com\/site\/panama\/wp-json\/wp\/v2\/posts\/2460\/revisions"}],"predecessor-version":[{"id":2471,"href":"https:\/\/noti-america.com\/site\/panama\/wp-json\/wp\/v2\/posts\/2460\/revisions\/2471"}],"wp:attachment":[{"href":"https:\/\/noti-america.com\/site\/panama\/wp-json\/wp\/v2\/media?parent=2460"}],"wp:term":[{"taxonomy":"category","embeddable":true,"href":"https:\/\/noti-america.com\/site\/panama\/wp-json\/wp\/v2\/categories?post=2460"},{"taxonomy":"post_tag","embeddable":true,"href":"https:\/\/noti-america.com\/site\/panama\/wp-json\/wp\/v2\/tags?post=2460"}],"curies":[{"name":"wp","href":"https:\/\/api.w.org\/{rel}","templated":true}]}}