{"id":2443,"date":"2020-05-11T21:51:22","date_gmt":"2020-05-11T21:51:22","guid":{"rendered":"http:\/\/noti-america.com\/site\/panama\/?p=2443"},"modified":"2020-05-11T22:30:34","modified_gmt":"2020-05-11T22:30:34","slug":"panama-con-166-casos-nuevos-de-covid-19-asciende-a-8558-contagios","status":"publish","type":"post","link":"https:\/\/noti-america.com\/site\/panama\/2020\/05\/11\/panama-con-166-casos-nuevos-de-covid-19-asciende-a-8558-contagios\/","title":{"rendered":"Panam\u00e1 con 166 casos nuevos de COVID-19 asciende a 8,558 contagios"},"content":{"rendered":"\r\n<div id=\"attachment_2428\" style=\"width: 1034px\" class=\"wp-caption alignnone\"><img loading=\"lazy\" decoding=\"async\" aria-describedby=\"caption-attachment-2428\" class=\"size-large wp-image-2428\" src=\"http:\/\/noti-america.com\/site\/panama\/wp-content\/uploads\/sites\/10\/2020\/05\/Panama-City-1-1024x527.jpg\" alt=\"\" width=\"1024\" height=\"527\" srcset=\"https:\/\/noti-america.com\/site\/panama\/wp-content\/uploads\/sites\/10\/2020\/05\/Panama-City-1-1024x527.jpg 1024w, https:\/\/noti-america.com\/site\/panama\/wp-content\/uploads\/sites\/10\/2020\/05\/Panama-City-1-300x154.jpg 300w, https:\/\/noti-america.com\/site\/panama\/wp-content\/uploads\/sites\/10\/2020\/05\/Panama-City-1-768x395.jpg 768w, https:\/\/noti-america.com\/site\/panama\/wp-content\/uploads\/sites\/10\/2020\/05\/Panama-City-1-1536x790.jpg 1536w, https:\/\/noti-america.com\/site\/panama\/wp-content\/uploads\/sites\/10\/2020\/05\/Panama-City-1.jpg 2048w\" sizes=\"auto, (max-width: 1024px) 100vw, 1024px\" \/><p id=\"caption-attachment-2428\" class=\"wp-caption-text\">Ciudad de Panam\u00e1<\/p><\/div>\r\n<div id=\"attachment_2462\" style=\"width: 1034px\" class=\"wp-caption alignnone\"><img loading=\"lazy\" decoding=\"async\" aria-describedby=\"caption-attachment-2462\" class=\"size-large wp-image-2462\" src=\"http:\/\/noti-america.com\/site\/panama\/wp-content\/uploads\/sites\/10\/2020\/05\/11-5-20-1024x576.jpg\" alt=\"\" width=\"1024\" height=\"576\" srcset=\"https:\/\/noti-america.com\/site\/panama\/wp-content\/uploads\/sites\/10\/2020\/05\/11-5-20-1024x576.jpg 1024w, https:\/\/noti-america.com\/site\/panama\/wp-content\/uploads\/sites\/10\/2020\/05\/11-5-20-300x169.jpg 300w, https:\/\/noti-america.com\/site\/panama\/wp-content\/uploads\/sites\/10\/2020\/05\/11-5-20-768x432.jpg 768w, https:\/\/noti-america.com\/site\/panama\/wp-content\/uploads\/sites\/10\/2020\/05\/11-5-20-1536x864.jpg 1536w, https:\/\/noti-america.com\/site\/panama\/wp-content\/uploads\/sites\/10\/2020\/05\/11-5-20.jpg 2048w\" sizes=\"auto, (max-width: 1024px) 100vw, 1024px\" \/><p id=\"caption-attachment-2462\" class=\"wp-caption-text\">Infograf\u00eda: Ministerio de Salud de Panam\u00e1<\/p><\/div>\r\n<div id=\"attachment_2461\" style=\"width: 1034px\" class=\"wp-caption alignnone\"><img loading=\"lazy\" decoding=\"async\" aria-describedby=\"caption-attachment-2461\" class=\"size-large wp-image-2461\" src=\"http:\/\/noti-america.com\/site\/panama\/wp-content\/uploads\/sites\/10\/2020\/05\/11-5-201-1024x576.jpg\" alt=\"\" width=\"1024\" height=\"576\" srcset=\"https:\/\/noti-america.com\/site\/panama\/wp-content\/uploads\/sites\/10\/2020\/05\/11-5-201-1024x576.jpg 1024w, https:\/\/noti-america.com\/site\/panama\/wp-content\/uploads\/sites\/10\/2020\/05\/11-5-201-300x169.jpg 300w, https:\/\/noti-america.com\/site\/panama\/wp-content\/uploads\/sites\/10\/2020\/05\/11-5-201-768x432.jpg 768w, https:\/\/noti-america.com\/site\/panama\/wp-content\/uploads\/sites\/10\/2020\/05\/11-5-201-1536x864.jpg 1536w, https:\/\/noti-america.com\/site\/panama\/wp-content\/uploads\/sites\/10\/2020\/05\/11-5-201.jpg 2048w\" sizes=\"auto, (max-width: 1024px) 100vw, 1024px\" \/><p id=\"caption-attachment-2461\" class=\"wp-caption-text\">Infograf\u00eda: Ministerio de Salud Panam\u00e1<\/p><\/div>\r\n<p style=\"text-align: center\"><em><b>A dos meses de decretarse la pandemia mundial de Coronavirus por parte de la Organizaci\u00f3n\u00a0Mundial de la Salud (OMS), Panam\u00e1 totaliza 8,448 casos positivos al sumar 166 nuevos casos el fin de semana, cifras que la ubican en la naci\u00f3n centroamericana con m\u00e1s casos de COVID-19 con 244 defunciones.<\/b><\/em><\/p>\r\n<p><strong>By Juvenal Cubill\u00e1n \/ Mayo 11, 2020<\/strong><\/p>\r\n<p><strong>Fuentes: John Hopkins University \/ Ministerio de Salud Panam\u00e1<\/strong><\/p>\r\n<p style=\"text-align: justify\">Las autoridades de epidemilolog\u00eda del Ministerio de Salud (MINSA), informaron que se registraron 166 nuevos casos durante el fin de semana\u00a0 elevando a 8,448 contagios durante los casi dos meses de pandemia Mundial desde que fue decretada por la Organizaci\u00f3n Mundial de la Salud (OMS) el pasado 11 de marzo de 2020.<\/p>\r\n<p style=\"text-align: justify\">El \u00faltimo reporte del MINSA ubica en 244 las defunciones por COVID-19; mientras que en aislamiento domiciliario se encuentran m\u00e1s de 4 mil personas y hospitalizados en salas 333 pacientes, 91 de ellos en las unidades de cuidados intensivos (UCI) a nivel nacional.<\/p>\r\n<p style=\"text-align: justify\">El informe da cuenta de 726 pacientes que se han recuperado tras pasar por pruebas de laboratorio, mientras que 4,687 se han restablecido cl\u00ednicamente y no presentan s\u00edntomas tras cumplir con los 14 d\u00edas de cuarentena, para un total de m\u00e1s de 5 mil recuperaciones.<\/p>\r\n<p style=\"text-align: justify\">Igualmente, las autoridades de Salud (MINSA) indicaron que a la fecha se han realizado 46,257 pruebas para descartar contagios por\u00a0 coronavirus, de las cuales 1,008 son nuevas pruebas. M\u00e1s del 75% de las pruebas realizadas, que ascienden a 32,744 han arrojado resultados negativos descartando la enfermedad. \u00a0<\/p>\r\n<p style=\"text-align: justify\">Por su parte. la ministra de Salud, Rosario Turner, anunci\u00f3 que Panam\u00e1 debe prepararse para lo que ser\u00e1 el \u00abnuevo regreso a la normalidad\u00bb post COVID-19. Este retorno incluye adecuaciones fundamentales a los modelos educativos, econ\u00f3micos, sociales e incluso en las nuevas pol\u00edticas de salud p\u00fablica.<br \/><br \/>La titular de Salud manifest\u00f3 la hoja de ruta incluir\u00e1 la conducci\u00f3n del sistema sanitario que implementar\u00e1 de manera estricta la vigilancia epidemiol\u00f3gica y el cumplimiento de las normativas y protocolos que en materia de bioseguridad establezca esta autoridad sanitaria.<\/p>\r\n<p style=\"text-align: justify\">Los directores regionales de Salud deber\u00e1n hacer cumplir el Decreto 612 de este 8 de mayo, que dicta las disposiciones sobre el levantamiento gradual de la ley seca, adem\u00e1s de evaluar los salvoconductos de las personas que circulan en las calles y que no cumplen con los par\u00e1metros requeridos por esta autoridad sanitaria.<\/p>\r\n<p style=\"text-align: justify\">Agreg\u00f3 Turner que el distanciamiento f\u00edsico ser\u00e1 la norma habitual en nuestro diario vivir, y en las empresas y lugares de trabajo no podr\u00e1n faltar los dispositivos de gel a base de alcohol, uso de mascarillas, toma de temperatura,\u00a0 teletrabajo, entre otras medidas.\u00a0<\/p>\r\n<p><strong>Ciudad de Panam\u00e1 concentra m\u00e1s de 5 mil casos<\/strong><\/p>\r\n<p style=\"text-align: justify\">De acuerdo al reporte estad\u00edstico de las autoridades encargadas del Plan Prot\u00e9gete Panam\u00e1, encabezadas por el Ministerio de Salud (MINSA) y la Presidencia de la Rep\u00fablica, las 8,448 personas contagiadas por COVID-19 se ubican principalmente en las provincias de Panam\u00e1 Provincia (Zona capital) con 5,385; Panam\u00e1 Oeste 1,615; Col\u00f3n (Norte) con 346; Veraguas (centro del pa\u00eds) 349 casos; y las provincias fronterizas de Dari\u00e9n (Colombia) con 183 contagios y las provincias de Chiriqu\u00ed y Bocas del Toro (Costa Rica) con 129 y 54 casos, respectivamente.<\/p>\r\n<p>Enlace de la Nota:\u00a0 \u00a0https:\/\/coronavirus.jhu.edu\/map.html<\/p>\r\n<p><strong>Juvenal Cubill\u00e1n<\/strong><\/p>\r\n<p><strong>Venezolano, Licenciado en Comunicaci\u00f3n Social. Periodista, Redactor y Productor de Radio, Televisi\u00f3n, Prensa Escrita. Redes Sociales<\/strong><\/p>\r\n<p style=\"text-align: justify\"><br \/><br \/><\/p>\r\n","protected":false},"excerpt":{"rendered":"<p>A dos meses de decretarse la pandemia mundial de Coronavirus por parte de la Organizaci\u00f3n\u00a0Mundial de la Salud (OMS), Panam\u00e1 totaliza 8,448 casos positivos al sumar 166 nuevos casos el fin de semana, cifras&#46;&#46;&#46;<\/p>\n","protected":false},"author":79,"featured_media":0,"comment_status":"open","ping_status":"open","sticky":false,"template":"","format":"standard","meta":{"footnotes":""},"categories":[505,489,1],"tags":[554,555,584,569,564,75,289,30,96,583],"class_list":["post-2443","post","type-post","status-publish","format-standard","hentry","category-centroamerica","category-noticias","category-uncategorized","tag-coronavirus","tag-pandemia","tag-contagios","tag-covid-19","tag-cuarentena","tag-economia","tag-laboral","tag-panama","tag-salud","tag-trabajo"],"_links":{"self":[{"href":"https:\/\/noti-america.com\/site\/panama\/wp-json\/wp\/v2\/posts\/2443","targetHints":{"allow":["GET"]}}],"collection":[{"href":"https:\/\/noti-america.com\/site\/panama\/wp-json\/wp\/v2\/posts"}],"about":[{"href":"https:\/\/noti-america.com\/site\/panama\/wp-json\/wp\/v2\/types\/post"}],"author":[{"embeddable":true,"href":"https:\/\/noti-america.com\/site\/panama\/wp-json\/wp\/v2\/users\/79"}],"replies":[{"embeddable":true,"href":"https:\/\/noti-america.com\/site\/panama\/wp-json\/wp\/v2\/comments?post=2443"}],"version-history":[{"count":5,"href":"https:\/\/noti-america.com\/site\/panama\/wp-json\/wp\/v2\/posts\/2443\/revisions"}],"predecessor-version":[{"id":2466,"href":"https:\/\/noti-america.com\/site\/panama\/wp-json\/wp\/v2\/posts\/2443\/revisions\/2466"}],"wp:attachment":[{"href":"https:\/\/noti-america.com\/site\/panama\/wp-json\/wp\/v2\/media?parent=2443"}],"wp:term":[{"taxonomy":"category","embeddable":true,"href":"https:\/\/noti-america.com\/site\/panama\/wp-json\/wp\/v2\/categories?post=2443"},{"taxonomy":"post_tag","embeddable":true,"href":"https:\/\/noti-america.com\/site\/panama\/wp-json\/wp\/v2\/tags?post=2443"}],"curies":[{"name":"wp","href":"https:\/\/api.w.org\/{rel}","templated":true}]}}