{"id":2407,"date":"2020-05-04T14:32:29","date_gmt":"2020-05-04T14:32:29","guid":{"rendered":"http:\/\/noti-america.com\/site\/panama\/?p=2407"},"modified":"2020-05-04T14:32:29","modified_gmt":"2020-05-04T14:32:29","slug":"covid-19-cambiara-12-aspectos-radicalmente-en-nuestras-vidas-segun-especialistas-de-la-bbc","status":"publish","type":"post","link":"https:\/\/noti-america.com\/site\/panama\/2020\/05\/04\/covid-19-cambiara-12-aspectos-radicalmente-en-nuestras-vidas-segun-especialistas-de-la-bbc\/","title":{"rendered":"COVID-19 cambiar\u00e1 12 aspectos radicalmente en nuestras vidas (seg\u00fan especialistas de la BBC)"},"content":{"rendered":"<div id=\"attachment_2409\" style=\"width: 986px\" class=\"wp-caption alignnone\"><img loading=\"lazy\" decoding=\"async\" aria-describedby=\"caption-attachment-2409\" class=\"size-full wp-image-2409\" src=\"http:\/\/noti-america.com\/site\/panama\/wp-content\/uploads\/sites\/10\/2020\/05\/112091481_1920x1080-corrs-promo-6.jpg\" alt=\"\" width=\"976\" height=\"549\" srcset=\"https:\/\/noti-america.com\/site\/panama\/wp-content\/uploads\/sites\/10\/2020\/05\/112091481_1920x1080-corrs-promo-6.jpg 976w, https:\/\/noti-america.com\/site\/panama\/wp-content\/uploads\/sites\/10\/2020\/05\/112091481_1920x1080-corrs-promo-6-300x169.jpg 300w, https:\/\/noti-america.com\/site\/panama\/wp-content\/uploads\/sites\/10\/2020\/05\/112091481_1920x1080-corrs-promo-6-768x432.jpg 768w\" sizes=\"auto, (max-width: 976px) 100vw, 976px\" \/><p id=\"caption-attachment-2409\" class=\"wp-caption-text\">\u00bfSer\u00e1n las m\u00e1scaras la norma en el futuro? (Foto Cortes\u00eda Getty Images)<\/p><\/div>\n<div id=\"attachment_2408\" style=\"width: 986px\" class=\"wp-caption alignnone\"><img loading=\"lazy\" decoding=\"async\" aria-describedby=\"caption-attachment-2408\" class=\"size-full wp-image-2408\" src=\"http:\/\/noti-america.com\/site\/panama\/wp-content\/uploads\/sites\/10\/2020\/05\/111916646_b0dce2ba-a1d8-402b-bcda-88b6009bb316.jpg\" alt=\"\" width=\"976\" height=\"549\" srcset=\"https:\/\/noti-america.com\/site\/panama\/wp-content\/uploads\/sites\/10\/2020\/05\/111916646_b0dce2ba-a1d8-402b-bcda-88b6009bb316.jpg 976w, https:\/\/noti-america.com\/site\/panama\/wp-content\/uploads\/sites\/10\/2020\/05\/111916646_b0dce2ba-a1d8-402b-bcda-88b6009bb316-300x169.jpg 300w, https:\/\/noti-america.com\/site\/panama\/wp-content\/uploads\/sites\/10\/2020\/05\/111916646_b0dce2ba-a1d8-402b-bcda-88b6009bb316-768x432.jpg 768w\" sizes=\"auto, (max-width: 976px) 100vw, 976px\" \/><p id=\"caption-attachment-2408\" class=\"wp-caption-text\">\u00bfTrabajar desde casa ser\u00e1 m\u00e1s frecuente? (Foto cortes\u00eda Getty Images)<\/p><\/div>\n<p style=\"text-align: justify\"><em><strong>El regreso a la normalidad c<\/strong><strong>o<\/strong><strong>mo era la vida a principios de 2020 todav\u00eda est\u00e1 muy lejos, seg\u00fan especialistas de la BBC de Londres. Incluso cuando se alivien las restricciones impuestas para hacer frente a la pandemia de covid-19, el coronavirus seguir\u00e1 afectando nuestras vidas de muchas maneras.<\/strong><\/em><\/p>\n<p><strong>Fuente: www.bbc.con \/ BBC News Mundo<\/strong><\/p>\n<p><strong>Redacci\u00f3n Noti-Am\u00e9rica Panam\u00e1 \/<\/strong> \u00bfQu\u00e9 volver\u00e1 a ser como era antes y <strong>qu\u00e9 podr\u00eda cambiar para siempre<\/strong>?<\/p>\n<p><strong>1.- Seremos m\u00e1s dependientes de la tecnolog\u00eda por un largo tiempo<\/strong><\/p>\n<p style=\"text-align: justify\">Desde los clientes de Zoom hasta los grupos de WhatsApp, para muchos de nosotros las plataformas digitales se han convertido en\u00a0<strong>la \u00fanica forma<\/strong> en la que podemos trabajar, ponernos en forma, educarnos y entretenernos.<\/p>\n<p style=\"text-align: justify\">Se trata de\u00a0<strong>un gran cambio cultural<\/strong>\u00a0que solo sucedi\u00f3 en pocas semanas y parece poco probable que desaparezca de la noche a la ma\u00f1ana.<\/p>\n<p><strong>2. \u00bfDejaremos de comprar ropas?<\/strong><\/p>\n<p style=\"text-align: justify\">El comercio minorista ya lo estaba pasando mal. Y las cuarentenas, y sus consecuencias, acelerar\u00e1n los enormes cambios estructurales que ya estaban en curso. Ahora se trata de\u00a0<strong>la supervivencia del m\u00e1s apto.<\/strong><\/p>\n<p style=\"text-align: justify\">Las empresas que gozan de buena salud financiera y son capaces de dar a los clientes lo que quieren, prosperar\u00e1n. Sin embargo, los jugadores m\u00e1s d\u00e9biles, que ya est\u00e1n lidiando con la ca\u00edda de las ventas, el aumento de los costos y la intensa competencia,\u00a0<strong>se quedar\u00e1n en el camino\u00a0<\/strong>durante los pr\u00f3ximos 18 meses.<\/p>\n<p><strong>3. \u00bfDesaparecer\u00e1 la hora punta o pico?<\/strong><\/p>\n<p>Covid-19 es\u00a0<strong>el mayor shock para las empresas en el \u00faltimo siglo.<\/strong><\/p>\n<p style=\"text-align: justify\">Las medidas de emergencia impuestas a empresas reacias formar\u00e1n parte del an\u00e1lisis futuro, obligando a hacer preguntas como \u00ab\u00bfnecesitamos un gran espacio de oficinas en la ciudad con personal que dependa de un abarrotado transporte p\u00fablico?\u00bb<\/p>\n<p style=\"text-align: justify\">El<strong>\u00a0trabajo en la casa\u00a0<\/strong>podr\u00eda hacer que la hora pico o punta pase a la historia, lo que podr\u00eda afectar los valores de las propiedades en las \u00abciudades de cercan\u00edas\u00bb. El personal tambi\u00e9n exigir\u00e1 m\u00e1s de los empleadores en t\u00e9rminos de flexibilidad, instalaciones y seguridad en el trabajo.<\/p>\n<p><strong>4.-\u00a0 Menos vuelos pueden hacer subir los precios<\/strong><\/p>\n<p style=\"text-align: justify\">Algunas aerol\u00edneas podr\u00edan no sobrevivir esta crisis. Otras podr\u00edan desaparecer poco despu\u00e9s. Y aquellas que logren superarla saldr\u00e1n debilitadas. Habr\u00e1, por lo menos a mediano plazo,<strong>\u00a0menos vuelos<\/strong>. Esa tendencia estar\u00e1 impulsada por las personas y los negocios que tendr\u00e1n menos dinero y por el auge de las videoconferencias.<\/p>\n<p style=\"text-align: justify\">Y, despu\u00e9s de la pandemia, volar tambi\u00e9n generar\u00e1 m\u00e1s nerviosismo, al menos inicialmente. Las c\u00e1maras de imagen t\u00e9rmica, que toman tu temperatura cuando pasas por los controles, podr\u00edan volverse de\u00a0<strong>uso corriente en aeropuertos<\/strong>\u00a0y hasta en estaciones de tren para asegurar a pasajeros y personal de planta.<\/p>\n<p style=\"text-align: justify\">El n\u00famero de personas en los trenes, metros y tranv\u00edas probablemente ser\u00e1 menor que los niveles previos a la crisis, ya que algunas continuar\u00e1n trabajando desde casa.<\/p>\n<p><strong>5.- \u00bfClases virtuales a largo plazo?<\/strong><\/p>\n<p>El d\u00eda escolar normal tiene su propio ritmo establecido por las lecciones, campanas y recreos. Ahora, m\u00e1s de 90% de los ni\u00f1os del planeta no est\u00e1n en la clase, seg\u00fan la UNESCO. Esa interrupci\u00f3n tendr\u00e1\u00a0<strong>secuelas durante a\u00f1os.<\/strong><\/p>\n<p style=\"text-align: justify\">La ense\u00f1anza se ha trasladado\u00a0<i>online<\/i>, con clases virtuales a una escala jam\u00e1s vista, pero eso ha resaltado la preocupaci\u00f3n de que la\u00a0<strong>pobreza digital<\/strong>\u00a0est\u00e1 marginando a algunos ni\u00f1os: aun en econom\u00edas desarrolladas, como Reino Unido, hay una minor\u00eda significativa que no tienen acceso inmediato a un dispositivo propio que puedan usar para sus deberes escolares.<\/p>\n<p><strong>6.- \u00bfDemanda de combustibles f\u00f3siles o energ\u00eda verde?<\/strong><\/p>\n<p style=\"text-align: justify\">Aire limpio y carreteras tranquilas: en la m\u00e1s l\u00fagubre de las circunstancias, el confinamiento impuesto por el coronavirus nos da un sentido de\u00a0<strong>c\u00f3mo se ver\u00eda un mundo m\u00e1s verde<\/strong><strong>.<\/strong><\/p>\n<p style=\"text-align: justify\">Los niveles de di\u00f3xido de carbono, que est\u00e1n vinculados a una amplia gama de condiciones respiratorias, cayeron en China y en Europa a medida que el tr\u00e1fico vehicular disminuy\u00f3. Y el auge de las reuniones online ha demostrado lo que se puede lograr sin tener que viajar y eso, a su vez, ha contenido mucho las emisiones de carbono.<\/p>\n<p style=\"text-align: justify\">La gran pregunta es\u00a0<strong>qu\u00e9\u00a0<\/strong><strong>suced<\/strong><strong>er\u00e1<\/strong><strong> a continuaci\u00f3n. <\/strong>De hecho, la pandemia nos ha demostrado c\u00f3mo los gobiernos pueden actuar cuando es necesario, as\u00ed como la voluntad con la que el pueblo puede responder.<\/p>\n<p><strong>7.- F\u00fatbol: \u00bfVida o muerte?<\/strong><\/p>\n<p style=\"text-align: justify\">La c\u00e9lebre frase es del legendario director t\u00e9cnico del Liverpool Bill Shankly: \u00abAlgunas personas creen que el f\u00fatbol es cuesti\u00f3n de vida o muerte\u2026 es mucho, mucho m\u00e1s importante que eso\u00bb. Estaba bromeando, por supuesto, pero ahora, m\u00e1s que nunca,\u00a0<strong>la relevancia del f\u00fatbol ha quedado en perspectiva.<\/strong><\/p>\n<p style=\"text-align: justify\">Los eventos deportivos han ca\u00eddo como domin\u00f3s. Algunos, como las Olimp\u00edadas, han sido pospuestos, mientras que otros, como Wimbledon, cancelados por completo. Los programas de entrenamiento est\u00e1n en trizas y el personal est\u00e1 cesante. Los jugadores han recibido cortes salariales y los medios de transmisi\u00f3n advierten\u00a0<strong>de p\u00e9rdidas\u00a0<\/strong><strong>de<\/strong><strong>\u00a0cientos de millones<\/strong>.<\/p>\n<p>En el futuro, el distanciamiento social ser\u00e1 un enorme dolor de cabeza para las instituciones que rigen los deportes. \u00bfC\u00f3mo podr\u00e1n los deportes de contacto f\u00edsico, como el rugby, continuar? Inclusive, jugar partidos a puerta cerrada presenta innumerables problemas.<\/p>\n<p><strong>8.- \u00bfPodr\u00e1n recuperarse los cines y teatros?<\/strong><\/p>\n<p style=\"text-align: justify\">El gremio art\u00edstico est\u00e1 dividido en partes iguales en cuanto a su futuro despu\u00e9s de la pandemia, entre optimistas y pesimistas.<\/p>\n<p style=\"text-align: justify\">La mitad optimista piensa que la escena art\u00edstica en Reino Unido<strong>\u00a0rebotar\u00e1 con m\u00e1s fuerza que antes<\/strong>, ofreciendo a una expectante poblaci\u00f3n las a\u00f1oradas experiencias compartidas y el contenido alegre.<\/p>\n<p style=\"text-align: justify\">Las salas de cine, los teatros, salas de concierto, museos y galer\u00edas prosperar\u00e1n con un florecimiento de creatividad, en respuesta a los oscuros d\u00edas del virus. Los pesimistas temen que los peque\u00f1os centros art\u00edsticos de base -las fuentes hist\u00f3ricas de talento-\u00a0<strong>desaparecer\u00e1n en una nueva era de presupuestos austeros<\/strong>.<\/p>\n<p><strong>9.- \u00bfSeguiremos siendo buenos vecinos?<\/strong><\/p>\n<p style=\"text-align: justify\">Se dice que el confinamiento ha desatado una emanaci\u00f3n de buena vecindad que fluir\u00e1 mucho despu\u00e9s de que se levante la orden. Tal vez dicen los expertos.<\/p>\n<p style=\"text-align: justify\"><strong>Las dificultades econ\u00f3micas pondr\u00e1n presi\u00f3n a los v\u00ednculos sociales<\/strong>. Esa es la verdadera prueba para esta generaci\u00f3n -no si \u00ab\u00bfpodremos mantener nuestro genio durante el confinamiento?\u00bb, sino \u00ab\u00bfpodremos calladamente reparar el tejido social en tiempos dif\u00edciles?\u00bb.<\/p>\n<p style=\"text-align: justify\">El temor se que nuestras normas de comportamiento habr\u00e1n quedado infectadas por la angustia y la adversidad, que emergeremos\u00a0<strong>m\u00e1s ego\u00edstas y menos unidos. <\/strong>La esperanza debe ser que nuestra sociedad, igual que un virus, est\u00e9 mutando en algo m\u00e1s fuerte.<\/p>\n<p><strong>10.- \u00bfNecesitar\u00e1 refuerzos el sector de asistencia?<\/strong><\/p>\n<p style=\"text-align: justify\">\u00abEsta pandemia ha centrado el foco de atenci\u00f3n en\u00a0<strong>los ignorados y subval<\/strong><strong>or<\/strong><strong>ados recovecos de nuestra sociedad<\/strong>\u00ab. Las palabras son del director de la Organizaci\u00f3n Mundial de la Salud en Europa, Dr. Hans Kluge, cuando describi\u00f3 la impactante cifra de muertes en los asilos de ancianos en el continente y el mundo.<\/p>\n<p style=\"text-align: justify\">Mucho del personal que cuida a ancianos y discapacitados -en hogares de cuidado y en la comunidad- dir\u00e1 que\u00a0<strong>se sintieron olvidados<\/strong>\u00a0cuando la pandemia empez\u00f3. La atenci\u00f3n puesta en el sistema de salud no sorprendi\u00f3, pero ellos estaban cuidando en particular a los que eran vulnerables al virus.<\/p>\n<p><strong>11.- El comercio internacional sobrevivir\u00e1<\/strong><\/p>\n<p style=\"text-align: justify\">Antes de que covid-19 cobrara su primera v\u00edctima,<strong>\u00a0la guerra comercial entre China y EE.UU<\/strong>. amenazaba el progreso de globalizaci\u00f3n. Las cadenas de suministro internacional traen ventajas -m\u00e1s opciones, precios m\u00e1s bajos y, para algunos, mayores ingresos- pero tambi\u00e9n generan desempleo en los pa\u00edses de Occidente que tienen sueldos m\u00e1s altos.\u00a0 Esta pandemia\u00a0<strong>ha expuesto otras vulnerabilidades.<\/strong><\/p>\n<p>Se depende de tres pa\u00edses -EE.UU., China y Alemania- para el suministro del 40% de los equipos de protecci\u00f3n personal y tambi\u00e9n hay negocios que dependen de fuentes \u00fanicas para obtener componentes vitales.<\/p>\n<p>Habr\u00e1 una recapacitaci\u00f3n sobre\u00a0<strong>qu\u00e9 productos ser\u00e1n considerados \u00abestrat\u00e9gicos\u00bb<\/strong>, claves para la supervivencia de una naci\u00f3n. Se podr\u00edan producir m\u00e1s cerca de casa o buscar un proveedor alternativo.<\/p>\n<p>Pero la clave de la recuperaci\u00f3n ser\u00e1 crear empleo y mantener los costos de vida bajos. Lo primero significa que, aunque les moleste,<strong>\u00a0los gobiernos tendr\u00e1n que tolerar la continua inversi\u00f3n de China en todo el mundo.<\/strong><\/p>\n<p><strong>12.- La pandemia no elimin\u00f3 las tensiones globales<\/strong><\/p>\n<p style=\"text-align: justify\">La cat\u00e1strofe inevitablemente genera nuevas prioridades, aunque las antiguas tensiones geopol\u00edticas contin\u00faen. La pandemia ha demostrado, una vez m\u00e1s, que las cuestiones globales requieren soluciones globales.<\/p>\n<p style=\"text-align: justify\">Tambi\u00e9n ha demostrado que\u00a0<strong>las primeras reacciones de los gobiernos han sido de tipo nacional.<\/strong>\u00a0China y Estados Unidos se han mostrado los dientes en torno a la responsabilidad que recae sobre Pek\u00edn de la pandemia, naciones han cerrado sus fronteras y se ha visto una competencia indecorosa por los recursos m\u00e9dicos.<\/p>\n<p style=\"text-align: justify\">A los organismos multilaterales les ha ido mal. La Uni\u00f3n Europea (UE) pidi\u00f3 disculpas a Italia por no prestarle suficiente apoyo y el presidente de Estados Unidos, Donald Trump, atac\u00f3 a la Organizaci\u00f3n Mundial de la Salud por ser demasiado cercana a Pek\u00edn. Los que consideran pasados de moda a estos cimientos del orden mundial, <strong>tienen m\u00e1s municiones.<\/strong><\/p>\n<p>Enlace nota completa:<\/p>\n<p>https:\/\/www.bbc.com\/mundo\/noticias-52512680<\/p>\n","protected":false},"excerpt":{"rendered":"<p>El regreso a la normalidad como era la vida a principios de 2020 todav\u00eda est\u00e1 muy lejos, seg\u00fan especialistas de la BBC de Londres. Incluso cuando se alivien las restricciones impuestas para hacer frente&#46;&#46;&#46;<\/p>\n","protected":false},"author":79,"featured_media":0,"comment_status":"open","ping_status":"open","sticky":false,"template":"","format":"standard","meta":{"footnotes":""},"categories":[328,4,9,13],"tags":[554,555,137,139,569,564,75,226,96,264,183],"class_list":["post-2407","post","type-post","status-publish","format-standard","hentry","category-economia-opinion","category-internacionales","category-tecnologia","category-vida-y-salud","tag-coronavirus","tag-pandemia","tag-ambiente","tag-comercio","tag-covid-19","tag-cuarentena","tag-economia","tag-energia","tag-salud","tag-tecnologia","tag-trabajadores"],"_links":{"self":[{"href":"https:\/\/noti-america.com\/site\/panama\/wp-json\/wp\/v2\/posts\/2407","targetHints":{"allow":["GET"]}}],"collection":[{"href":"https:\/\/noti-america.com\/site\/panama\/wp-json\/wp\/v2\/posts"}],"about":[{"href":"https:\/\/noti-america.com\/site\/panama\/wp-json\/wp\/v2\/types\/post"}],"author":[{"embeddable":true,"href":"https:\/\/noti-america.com\/site\/panama\/wp-json\/wp\/v2\/users\/79"}],"replies":[{"embeddable":true,"href":"https:\/\/noti-america.com\/site\/panama\/wp-json\/wp\/v2\/comments?post=2407"}],"version-history":[{"count":1,"href":"https:\/\/noti-america.com\/site\/panama\/wp-json\/wp\/v2\/posts\/2407\/revisions"}],"predecessor-version":[{"id":2410,"href":"https:\/\/noti-america.com\/site\/panama\/wp-json\/wp\/v2\/posts\/2407\/revisions\/2410"}],"wp:attachment":[{"href":"https:\/\/noti-america.com\/site\/panama\/wp-json\/wp\/v2\/media?parent=2407"}],"wp:term":[{"taxonomy":"category","embeddable":true,"href":"https:\/\/noti-america.com\/site\/panama\/wp-json\/wp\/v2\/categories?post=2407"},{"taxonomy":"post_tag","embeddable":true,"href":"https:\/\/noti-america.com\/site\/panama\/wp-json\/wp\/v2\/tags?post=2407"}],"curies":[{"name":"wp","href":"https:\/\/api.w.org\/{rel}","templated":true}]}}