{"id":2379,"date":"2020-05-01T15:12:41","date_gmt":"2020-05-01T15:12:41","guid":{"rendered":"http:\/\/noti-america.com\/site\/panama\/?p=2379"},"modified":"2020-05-01T15:13:49","modified_gmt":"2020-05-01T15:13:49","slug":"panamenos-en-la-calle-exigen-al-gobierno-bonos-y-bolsas-de-alimentos","status":"publish","type":"post","link":"https:\/\/noti-america.com\/site\/panama\/2020\/05\/01\/panamenos-en-la-calle-exigen-al-gobierno-bonos-y-bolsas-de-alimentos\/","title":{"rendered":"Paname\u00f1os en la calle exigen al Gobierno bonos y bolsas de alimentos"},"content":{"rendered":"<div id=\"attachment_2376\" style=\"width: 1000px\" class=\"wp-caption alignnone\"><img loading=\"lazy\" decoding=\"async\" aria-describedby=\"caption-attachment-2376\" class=\"size-full wp-image-2376\" src=\"http:\/\/noti-america.com\/site\/panama\/wp-content\/uploads\/sites\/10\/2020\/05\/5e99a21f2ec30-1.jpeg\" alt=\"\" width=\"990\" height=\"491\" srcset=\"https:\/\/noti-america.com\/site\/panama\/wp-content\/uploads\/sites\/10\/2020\/05\/5e99a21f2ec30-1.jpeg 990w, https:\/\/noti-america.com\/site\/panama\/wp-content\/uploads\/sites\/10\/2020\/05\/5e99a21f2ec30-1-300x149.jpeg 300w, https:\/\/noti-america.com\/site\/panama\/wp-content\/uploads\/sites\/10\/2020\/05\/5e99a21f2ec30-1-768x381.jpeg 768w\" sizes=\"auto, (max-width: 990px) 100vw, 990px\" \/><p id=\"caption-attachment-2376\" class=\"wp-caption-text\">Foto Cortes\u00eda<\/p><\/div>\n<p style=\"text-align: center\"><strong><em>Pese al anuncio hecho por el Presidente de la Rep\u00fablica, Laurentino \u201cNito\u201d Cortizo, sobre el pago del bono electr\u00f3nico, contin\u00faan las protestas en varias zonas de la Cuidad de Panam\u00e1 y Col\u00f3n.<\/em><\/strong><\/p>\n<p><strong>By Juvenal Cubill\u00e1n \/ Mayo 1, 2020<\/strong><\/p>\n<p style=\"text-align: justify\"><strong>Noti-Am\u00e9rica Panam\u00e1 \/<\/strong> Vecinos y residentes de los sectores de Pedregal, San Miguelito, Loma Cov\u00e1 en la capital paname\u00f1a, realizan cierre de calles para exigir la entrega de bolsas de alimentos y bonos electr\u00f3nicos correspondientes al Plan Panam\u00e1 Solidario<\/p>\n<p style=\"text-align: justify\"><strong>Contin\u00faan protestas en Col\u00f3n<\/strong><\/p>\n<p style=\"text-align: justify\">Las acciones de protestas tambi\u00e9n se repiten en la ciudad de Col\u00f3n, donde los residentes de varias zonas cerraron calles y avenida colocando barricadas encendiendo cauchos y objetos, como medidas de protestas ante la no llegada de los bonos solidarios, seg\u00fan los manifestantes.<\/p>\n<p>&nbsp;<\/p>\n<p>Juvenal Cubill\u00e1n<\/p>\n<p>Venezolano, Licenciado en Comunicaci\u00f3n Social. Periodista, Redactor y Productor de Radio, Televisi\u00f3n, Prensa Escrita. Redes Sociales<\/p>\n","protected":false},"excerpt":{"rendered":"<p>Pese al anuncio hecho por el Presidente de la Rep\u00fablica, Laurentino \u201cNito\u201d Cortizo, sobre el pago del bono electr\u00f3nico, contin\u00faan las protestas en varias zonas de la Cuidad de Panam\u00e1 y Col\u00f3n. By Juvenal&#46;&#46;&#46;<\/p>\n","protected":false},"author":79,"featured_media":0,"comment_status":"open","ping_status":"open","sticky":false,"template":"","format":"standard","meta":{"footnotes":""},"categories":[1],"tags":[],"class_list":["post-2379","post","type-post","status-publish","format-standard","hentry","category-uncategorized"],"_links":{"self":[{"href":"https:\/\/noti-america.com\/site\/panama\/wp-json\/wp\/v2\/posts\/2379","targetHints":{"allow":["GET"]}}],"collection":[{"href":"https:\/\/noti-america.com\/site\/panama\/wp-json\/wp\/v2\/posts"}],"about":[{"href":"https:\/\/noti-america.com\/site\/panama\/wp-json\/wp\/v2\/types\/post"}],"author":[{"embeddable":true,"href":"https:\/\/noti-america.com\/site\/panama\/wp-json\/wp\/v2\/users\/79"}],"replies":[{"embeddable":true,"href":"https:\/\/noti-america.com\/site\/panama\/wp-json\/wp\/v2\/comments?post=2379"}],"version-history":[{"count":4,"href":"https:\/\/noti-america.com\/site\/panama\/wp-json\/wp\/v2\/posts\/2379\/revisions"}],"predecessor-version":[{"id":2383,"href":"https:\/\/noti-america.com\/site\/panama\/wp-json\/wp\/v2\/posts\/2379\/revisions\/2383"}],"wp:attachment":[{"href":"https:\/\/noti-america.com\/site\/panama\/wp-json\/wp\/v2\/media?parent=2379"}],"wp:term":[{"taxonomy":"category","embeddable":true,"href":"https:\/\/noti-america.com\/site\/panama\/wp-json\/wp\/v2\/categories?post=2379"},{"taxonomy":"post_tag","embeddable":true,"href":"https:\/\/noti-america.com\/site\/panama\/wp-json\/wp\/v2\/tags?post=2379"}],"curies":[{"name":"wp","href":"https:\/\/api.w.org\/{rel}","templated":true}]}}