{"id":2360,"date":"2020-05-01T14:56:08","date_gmt":"2020-05-01T14:56:08","guid":{"rendered":"http:\/\/noti-america.com\/site\/panama\/?p=2360"},"modified":"2020-05-01T14:56:08","modified_gmt":"2020-05-01T14:56:08","slug":"lineas-uno-y-dos-del-metro-de-panama-cerraran-sabado-2-y-domingo-3-de-mayo","status":"publish","type":"post","link":"https:\/\/noti-america.com\/site\/panama\/2020\/05\/01\/lineas-uno-y-dos-del-metro-de-panama-cerraran-sabado-2-y-domingo-3-de-mayo\/","title":{"rendered":"L\u00edneas Uno y Dos del Metro de Panam\u00e1 cerrar\u00e1n S\u00e1bado 2 y Domingo 3 de Mayo"},"content":{"rendered":"\r\n<div id=\"attachment_2371\" style=\"width: 640px\" class=\"wp-caption alignnone\"><img loading=\"lazy\" decoding=\"async\" aria-describedby=\"caption-attachment-2371\" class=\"size-full wp-image-2371\" src=\"http:\/\/noti-america.com\/site\/panama\/wp-content\/uploads\/sites\/10\/2020\/05\/metro_de_panama.jpg\" alt=\"Metro de Panam\u00e1\" width=\"630\" height=\"400\" srcset=\"https:\/\/noti-america.com\/site\/panama\/wp-content\/uploads\/sites\/10\/2020\/05\/metro_de_panama.jpg 630w, https:\/\/noti-america.com\/site\/panama\/wp-content\/uploads\/sites\/10\/2020\/05\/metro_de_panama-300x190.jpg 300w\" sizes=\"auto, (max-width: 630px) 100vw, 630px\" \/><p id=\"caption-attachment-2371\" class=\"wp-caption-text\">Metro de Panam\u00e1<\/p><\/div>\r\n<p style=\"text-align: justify\"><strong>De acuerdo con el Metro de Panam\u00e1, este se debe porque durante ese fin de semana largo habr\u00e1 una cuarentena total. Las operaciones regulares se reinician el pr\u00f3ximo lunes 4 de mayo desde las 5:00 a.m. hasta las 8:00 p.m. Es sistema funcionar\u00e1 este viernes 1 de mayo (D\u00eda del Trabajo) desde las 7:00 de la ma\u00f1ana a 7:00 de la noche.<\/strong><\/p>\r\n<p style=\"text-align: justify\"><strong>By Juvenal Cubillan \/ Mayo 1, 2020<\/strong><\/p>\r\n<p style=\"text-align: justify\"><strong>Fuente: Metro de Panam\u00e1<\/strong><\/p>\r\n<p style=\"text-align: justify\"><br \/><strong>Noti-Am\u00e9rica Panam\u00e1 \/<\/strong> El Metro de Panam\u00e1 inform\u00f3 que las l\u00edneas 1 y 2 del sistema permanecer\u00e1n cerradas los d\u00edas s\u00e1bado 2 y y domingo 3 de mayo debido a la cuarentena total se dar\u00e1 porque durante ese fin de semana largo. Las operaciones regulares se reinician el pr\u00f3ximo lunes 4 de mayo desde las 5:00 a.m. hasta las 8:00 p.m. El sistema funcionar\u00e1 este viernes 1 de mayo (D\u00eda del Trabajo) desde las 7:00 de la ma\u00f1ana a 7:00 de la noche.<\/p>\r\n<p style=\"text-align: justify\">Autoridades del sistema recordaron a sus usuarios mantener dos metros de distancia en su permanencia en los andenes y dentro de los vagones. Para hacer efectiva la recomendaci\u00f3n, se marcaron los asientos que no est\u00e1n disponibles para mantener el distanciamiento entre cada pasajero<br \/><br \/><strong>Metro refuerza sus protocolos de limpieza como prevenci\u00f3n ante COVID-19<\/strong><br \/><br \/>Como sistema de transporte masivo, el Metro de Panam\u00e1 cumpliendo con las recomendaciones del Ministerio de Salud (MINSA) para la prevenci\u00f3n del Coronavirus (COVID-19), refuerzan los protocolos de limpieza y desinfecci\u00f3n en los trenes e instalaciones en cada estaci\u00f3n terminal de las l\u00edneas 1 y 2, con la finalidad de garantizar el bienestar de todos nuestros colaboradores y miles de usuarios, que a diario se movilizan en toda la red, inform\u00f3 la gerencia del Metro.<br \/><br \/>Igualmente, se intensific\u00f3 la limpieza de las superficies de contacto como asideros, m\u00e1quinas de recarga, torniquetes, entre otros, en las estaciones y el resto de las instalaciones. El personal encargado del aseo de las instalaciones del Metro, tambi\u00e9n ha recibido inducci\u00f3n por personal id\u00f3neo de c\u00f3mo protegerse al realizar este trabajo.<br \/><br \/>Algunas de estas acciones, incluyeron que personal del Metro que labora en la parte operativa fuera capacitado por el MINSA para conocer sobre las medidas de prevenci\u00f3n y c\u00f3mo actuar frente a personas que puedan presentar s\u00edntomas de enfermedades respiratorias o casos sospechosos de Covid-19. De igual manera, se ha dispuesto para estos colaboradores de gel alcoholado en sus \u00e1reas de trabajo.<br \/><br \/>A nivel interno, el Metro ha reforzado las medidas de prevenci\u00f3n con el resto de los colaboradores, se ha colocado en murales informativos la informaci\u00f3n de manera que tomen en cuenta estas recomendaciones.<br \/><br \/><br \/><\/p>\r\n<p>Juvenal Cubill\u00e1n<\/p>\r\n<p>Venezolano, Licenciado en Comunicaci\u00f3n Social. Periodista, Redactor y Productor de Radio, Televisi\u00f3n, Prensa Escrita. Redes Sociales<\/p>\r\n<p>&nbsp;<\/p>\r\n","protected":false},"excerpt":{"rendered":"<p>De acuerdo con el Metro de Panam\u00e1, este se debe porque durante ese fin de semana largo habr\u00e1 una cuarentena total. Las operaciones regulares se reinician el pr\u00f3ximo lunes 4 de mayo desde las&#46;&#46;&#46;<\/p>\n","protected":false},"author":79,"featured_media":0,"comment_status":"open","ping_status":"open","sticky":false,"template":"","format":"standard","meta":{"footnotes":""},"categories":[1],"tags":[],"class_list":["post-2360","post","type-post","status-publish","format-standard","hentry","category-uncategorized"],"_links":{"self":[{"href":"https:\/\/noti-america.com\/site\/panama\/wp-json\/wp\/v2\/posts\/2360","targetHints":{"allow":["GET"]}}],"collection":[{"href":"https:\/\/noti-america.com\/site\/panama\/wp-json\/wp\/v2\/posts"}],"about":[{"href":"https:\/\/noti-america.com\/site\/panama\/wp-json\/wp\/v2\/types\/post"}],"author":[{"embeddable":true,"href":"https:\/\/noti-america.com\/site\/panama\/wp-json\/wp\/v2\/users\/79"}],"replies":[{"embeddable":true,"href":"https:\/\/noti-america.com\/site\/panama\/wp-json\/wp\/v2\/comments?post=2360"}],"version-history":[{"count":2,"href":"https:\/\/noti-america.com\/site\/panama\/wp-json\/wp\/v2\/posts\/2360\/revisions"}],"predecessor-version":[{"id":2372,"href":"https:\/\/noti-america.com\/site\/panama\/wp-json\/wp\/v2\/posts\/2360\/revisions\/2372"}],"wp:attachment":[{"href":"https:\/\/noti-america.com\/site\/panama\/wp-json\/wp\/v2\/media?parent=2360"}],"wp:term":[{"taxonomy":"category","embeddable":true,"href":"https:\/\/noti-america.com\/site\/panama\/wp-json\/wp\/v2\/categories?post=2360"},{"taxonomy":"post_tag","embeddable":true,"href":"https:\/\/noti-america.com\/site\/panama\/wp-json\/wp\/v2\/tags?post=2360"}],"curies":[{"name":"wp","href":"https:\/\/api.w.org\/{rel}","templated":true}]}}