{"id":2325,"date":"2020-04-29T17:34:07","date_gmt":"2020-04-29T17:34:07","guid":{"rendered":"http:\/\/noti-america.com\/site\/panama\/?p=2325"},"modified":"2020-04-30T12:55:31","modified_gmt":"2020-04-30T12:55:31","slug":"6200-contagiados-por-covid-19-en-panama-con-176-fallecidos","status":"publish","type":"post","link":"https:\/\/noti-america.com\/site\/panama\/2020\/04\/29\/6200-contagiados-por-covid-19-en-panama-con-176-fallecidos\/","title":{"rendered":"6,378 contagiados por COVID-19 en Panam\u00e1 con 178 fallecidos (Actualizaci\u00f3n)"},"content":{"rendered":"\r\n<p style=\"text-align: justify\"><strong>By Juvenal Cubill\u00e1n \/ Abril 30, 2020<\/strong><br \/><strong>Fuente: Ministerio de Salud, Panam\u00e1<\/strong><br \/><br \/><em>Hasta la fecha, las autoridades sanitarias confirman 176 fallecimientos por el nuevo coronavirus<\/em><br \/><img loading=\"lazy\" decoding=\"async\" class=\"alignnone size-medium wp-image-2348\" src=\"http:\/\/noti-america.com\/site\/panama\/wp-content\/uploads\/sites\/10\/2020\/04\/Infografia-Minsa-30-04-300x169.jpg\" alt=\"\" width=\"300\" height=\"169\" srcset=\"https:\/\/noti-america.com\/site\/panama\/wp-content\/uploads\/sites\/10\/2020\/04\/Infografia-Minsa-30-04-300x169.jpg 300w, https:\/\/noti-america.com\/site\/panama\/wp-content\/uploads\/sites\/10\/2020\/04\/Infografia-Minsa-30-04-1024x576.jpg 1024w, https:\/\/noti-america.com\/site\/panama\/wp-content\/uploads\/sites\/10\/2020\/04\/Infografia-Minsa-30-04-768x432.jpg 768w, https:\/\/noti-america.com\/site\/panama\/wp-content\/uploads\/sites\/10\/2020\/04\/Infografia-Minsa-30-04-1536x864.jpg 1536w, https:\/\/noti-america.com\/site\/panama\/wp-content\/uploads\/sites\/10\/2020\/04\/Infografia-Minsa-30-04.jpg 2048w\" sizes=\"auto, (max-width: 300px) 100vw, 300px\" \/><img loading=\"lazy\" decoding=\"async\" class=\"alignnone size-medium wp-image-2349\" src=\"http:\/\/noti-america.com\/site\/panama\/wp-content\/uploads\/sites\/10\/2020\/04\/EWzv03zXYAILdWJ-300x169.jpg\" alt=\"\" width=\"300\" height=\"169\" srcset=\"https:\/\/noti-america.com\/site\/panama\/wp-content\/uploads\/sites\/10\/2020\/04\/EWzv03zXYAILdWJ-300x169.jpg 300w, https:\/\/noti-america.com\/site\/panama\/wp-content\/uploads\/sites\/10\/2020\/04\/EWzv03zXYAILdWJ-1024x576.jpg 1024w, https:\/\/noti-america.com\/site\/panama\/wp-content\/uploads\/sites\/10\/2020\/04\/EWzv03zXYAILdWJ-768x432.jpg 768w, https:\/\/noti-america.com\/site\/panama\/wp-content\/uploads\/sites\/10\/2020\/04\/EWzv03zXYAILdWJ-1536x864.jpg 1536w, https:\/\/noti-america.com\/site\/panama\/wp-content\/uploads\/sites\/10\/2020\/04\/EWzv03zXYAILdWJ.jpg 2048w\" sizes=\"auto, (max-width: 300px) 100vw, 300px\" \/><br \/><strong>Lcdo. Juvenal Cubillan \/ Prensa Noti-Am\u00e9rica Panam\u00e1.-\u00a0 <\/strong>La actualizaci\u00f3n de las cifras dan cuenta de 178 nuevos contagios por COVID-19 durante las \u00faltimas 24 horas ubicando los casos positivos en 6,378 con dos nuevos fallecimientos para totalizar 178 decesos a causa de de esta pandemia, seg\u00fan inform\u00f3 la oficina de Epidemiolog\u00eda del Ministerio de Salud (MINSA), estad\u00edsticas que observan que la tendencia en las edades de los fallecidos se ubica mayormente en personas sobre los 60 a\u00f1os de edad.<br \/><br \/>De acuerdo al reporte estad\u00edstico de las autoridades encargadas del Plan Prot\u00e9gete Panam\u00e1, que encabeza el Ministerio de Salud (MINSA) y la Presidencia de la Rep\u00fablica, las 6,378 personas contagiadas por COVID-19 se ubican principalmente en las provincias de Panam\u00e1 (Ciudad de Panam\u00e1) con 4,079; Panam\u00e1 Oeste 1,270; Col\u00f3n (al norte) con 260; Veraguas (centro del pa\u00eds) 271 casos; y las provincias fronterizas de Dari\u00e9n (Colombia) con 1457contagios y las provincias de Chiriqu\u00ed y Bocas del Toro (Costa Rica) con 102 y 19 casos, respectivamente.<\/p>\r\n<p style=\"text-align: justify\"><strong>29 mil 837 pruebas realizadas\u00a0<\/strong><\/p>\r\n<p style=\"text-align: justify\">Con respecto a las pruebas para descartar contagios por COVID-19, las autoridades de salud paname\u00f1as, informaron que se han realizados 29 mil 837 pruebas, de las cuales 1042 se han realizado durante las \u00faltimas horas y se han descartado 22 mil 767 casos en total. Sin embargo en las \u00faltimas 24 horas han dado positivo 178 nuevos casos elevando la cifra de contagios a 6,378.\u00a0<\/p>\r\n<p style=\"text-align: justify\">Los casos recuperados por laboratorio suman 527 y el n\u00famero de personas recuperadas de manera cl\u00ednica ascienden a 2,484. Se totalizan 178 personas fallecidas a cauda de esta pandemia del COVID-19 en la naci\u00f3n \u00edstimica.\u00a0<br \/><br \/><strong>Panam\u00e1 lidera cifras del COVID-19 en Centroam\u00e9rica <\/strong><br \/><br \/>Panam\u00e1 es el pa\u00eds de Centroam\u00e9rica, hasta la fecha, con mayor registro de contagiados por COVID-19 con 6,238 contagiados y 178 fallecidos a causa de este virus. Le siguen Honduras con 771 contagios y 71 muertos; Costa Rica con 713 personas enfermas por la pandemia con seis fallecidos y Guatemala con registro de 585 contagios y 16 fallecimientos.<br \/><br \/>A nivel de Am\u00e9rica Latina, Panam\u00e1 ocupa el s\u00e9ptimo lugar detr\u00e1s de Brasil, en primer lugar, con 79,385 contagiados y 5,513 fallecidos; seguido por Per\u00fa con 33,131 contagios y 943 muertes; Ecuador con 24,675 y 883 fallecidos; M\u00e9xico con 17,799 enfermos y registro de 1,732 decesos; Chile 15,35 contagios y 216 muertes y Rep\u00fablica Dominicana con 6,652 personas con COVID-19 con 293 fallecidos.<\/p>\r\n<p style=\"text-align: justify\"><br \/>En el Continente Americano, Estados Unidos registra m\u00e1s de mill\u00f3n 40 mil (1,040,428) personas contagiadas con 60 mil 990 fallecimientos, lo cual la convierte como la naci\u00f3n que acumula la mayor cantidad de casos con COVID-19, cuatro veces m\u00e1s que Espa\u00f1a con 236 mil casos y m\u00e1s de 24 mil 275 fallecidos.<br \/><br \/>Juvenal Cubill\u00e1n <br \/>Venezolano, Licenciado en Comunicaci\u00f3n Social. Periodista, Redactor y Productor de Radio, Televisi\u00f3n, Prensa Escrita. Redes Sociales<br \/><br \/><\/p>\r\n","protected":false},"excerpt":{"rendered":"<p>By Juvenal Cubill\u00e1n \/ Abril 30, 2020Fuente: Ministerio de Salud, Panam\u00e1 Hasta la fecha, las autoridades sanitarias confirman 176 fallecimientos por el nuevo coronavirusLcdo. Juvenal Cubillan \/ Prensa Noti-Am\u00e9rica Panam\u00e1.-\u00a0 La actualizaci\u00f3n de las&#46;&#46;&#46;<\/p>\n","protected":false},"author":79,"featured_media":0,"comment_status":"open","ping_status":"open","sticky":false,"template":"","format":"standard","meta":{"footnotes":""},"categories":[505,489],"tags":[554,556,555,553,30],"class_list":["post-2325","post","type-post","status-publish","format-standard","hentry","category-centroamerica","category-noticias","tag-coronavirus","tag-covid19","tag-pandemia","tag-quedateencasa","tag-panama"],"_links":{"self":[{"href":"https:\/\/noti-america.com\/site\/panama\/wp-json\/wp\/v2\/posts\/2325","targetHints":{"allow":["GET"]}}],"collection":[{"href":"https:\/\/noti-america.com\/site\/panama\/wp-json\/wp\/v2\/posts"}],"about":[{"href":"https:\/\/noti-america.com\/site\/panama\/wp-json\/wp\/v2\/types\/post"}],"author":[{"embeddable":true,"href":"https:\/\/noti-america.com\/site\/panama\/wp-json\/wp\/v2\/users\/79"}],"replies":[{"embeddable":true,"href":"https:\/\/noti-america.com\/site\/panama\/wp-json\/wp\/v2\/comments?post=2325"}],"version-history":[{"count":12,"href":"https:\/\/noti-america.com\/site\/panama\/wp-json\/wp\/v2\/posts\/2325\/revisions"}],"predecessor-version":[{"id":2351,"href":"https:\/\/noti-america.com\/site\/panama\/wp-json\/wp\/v2\/posts\/2325\/revisions\/2351"}],"wp:attachment":[{"href":"https:\/\/noti-america.com\/site\/panama\/wp-json\/wp\/v2\/media?parent=2325"}],"wp:term":[{"taxonomy":"category","embeddable":true,"href":"https:\/\/noti-america.com\/site\/panama\/wp-json\/wp\/v2\/categories?post=2325"},{"taxonomy":"post_tag","embeddable":true,"href":"https:\/\/noti-america.com\/site\/panama\/wp-json\/wp\/v2\/tags?post=2325"}],"curies":[{"name":"wp","href":"https:\/\/api.w.org\/{rel}","templated":true}]}}