{"id":2285,"date":"2019-05-13T17:20:01","date_gmt":"2019-05-13T17:20:01","guid":{"rendered":"http:\/\/noti-america.com\/site\/panama\/?p=2285"},"modified":"2019-05-13T17:20:01","modified_gmt":"2019-05-13T17:20:01","slug":"heridos-y-danos-materiales-en-panama-tras-fuerte-terremoto","status":"publish","type":"post","link":"https:\/\/noti-america.com\/site\/panama\/2019\/05\/13\/heridos-y-danos-materiales-en-panama-tras-fuerte-terremoto\/","title":{"rendered":"Heridos y da\u00f1os materiales en Panam\u00e1 tras fuerte terremoto"},"content":{"rendered":"<p><img decoding=\"async\" class=\"aligncenter\" src=\"https:\/\/www.laneta.com\/s3-cached\/portal-laneta\/pmediagroup\/heridos-y-danos-materiales-en-panama-tras-fuerte-terremoto-02-20190513728172817\" alt=\"Heridos y da\u00c3\u00b1os materiales en Panam\u00c3\u00a1 tras fuerte terremoto Image 3\" \/><\/p>\n<p style=\"text-align: justify\">El terremoto que sacudi\u00f3 el pasado domingo a Panam\u00e1 dej\u00f3 da\u00f1os en casas, supermercados y en un hospital.<\/p>\n<p><img decoding=\"async\" class=\"aligncenter\" src=\"https:\/\/www.laneta.com\/s3-cached\/portal-laneta\/pmediagroup\/heridos-y-danos-materiales-en-panama-tras-fuerte-terremoto-03-20190513728172817\" alt=\"Heridos y da\u00c3\u00b1os materiales en Panam\u00c3\u00a1 tras fuerte terremoto Image 1\" \/><\/p>\n<p style=\"text-align: justify\">Seg\u00fan informaci\u00f3n de Exc\u00e9lsior, el fuerte movimiento con una magnitud de 6,3 tambi\u00e9n dej\u00f3 cinco personas lesionadas, as\u00ed lo report\u00f3 \u201cel<strong>\u00a0Servicio Nacional de Protecci\u00f3n Civil<\/strong> de Panam\u00e1 en su cuenta de Twitter\u201d.<\/p>\n","protected":false},"excerpt":{"rendered":"<p>El terremoto que sacudi\u00f3 el pasado domingo a Panam\u00e1 dej\u00f3 da\u00f1os en casas, supermercados y en un hospital. Seg\u00fan informaci\u00f3n de Exc\u00e9lsior, el fuerte movimiento con una magnitud de 6,3 tambi\u00e9n dej\u00f3 cinco personas&#46;&#46;&#46;<\/p>\n","protected":false},"author":4,"featured_media":2286,"comment_status":"open","ping_status":"open","sticky":false,"template":"","format":"standard","meta":{"footnotes":""},"categories":[489],"tags":[],"class_list":["post-2285","post","type-post","status-publish","format-standard","has-post-thumbnail","hentry","category-noticias"],"_links":{"self":[{"href":"https:\/\/noti-america.com\/site\/panama\/wp-json\/wp\/v2\/posts\/2285","targetHints":{"allow":["GET"]}}],"collection":[{"href":"https:\/\/noti-america.com\/site\/panama\/wp-json\/wp\/v2\/posts"}],"about":[{"href":"https:\/\/noti-america.com\/site\/panama\/wp-json\/wp\/v2\/types\/post"}],"author":[{"embeddable":true,"href":"https:\/\/noti-america.com\/site\/panama\/wp-json\/wp\/v2\/users\/4"}],"replies":[{"embeddable":true,"href":"https:\/\/noti-america.com\/site\/panama\/wp-json\/wp\/v2\/comments?post=2285"}],"version-history":[{"count":1,"href":"https:\/\/noti-america.com\/site\/panama\/wp-json\/wp\/v2\/posts\/2285\/revisions"}],"predecessor-version":[{"id":2287,"href":"https:\/\/noti-america.com\/site\/panama\/wp-json\/wp\/v2\/posts\/2285\/revisions\/2287"}],"wp:featuredmedia":[{"embeddable":true,"href":"https:\/\/noti-america.com\/site\/panama\/wp-json\/wp\/v2\/media\/2286"}],"wp:attachment":[{"href":"https:\/\/noti-america.com\/site\/panama\/wp-json\/wp\/v2\/media?parent=2285"}],"wp:term":[{"taxonomy":"category","embeddable":true,"href":"https:\/\/noti-america.com\/site\/panama\/wp-json\/wp\/v2\/categories?post=2285"},{"taxonomy":"post_tag","embeddable":true,"href":"https:\/\/noti-america.com\/site\/panama\/wp-json\/wp\/v2\/tags?post=2285"}],"curies":[{"name":"wp","href":"https:\/\/api.w.org\/{rel}","templated":true}]}}