{"id":1248,"date":"2018-03-18T23:48:10","date_gmt":"2018-03-18T23:48:10","guid":{"rendered":"http:\/\/noti-america.com\/site\/panama\/?p=1248"},"modified":"2018-03-18T23:49:09","modified_gmt":"2018-03-18T23:49:09","slug":"presidente-de-fifa-visita-panama","status":"publish","type":"post","link":"https:\/\/noti-america.com\/site\/panama\/2018\/03\/18\/presidente-de-fifa-visita-panama\/","title":{"rendered":"Presidente de FIFA visita Panam\u00e1."},"content":{"rendered":"<p><strong>REDACCI\u00d3N NOTI-AM\u00c9RICA (PANAM\u00c1).-<\/strong><em><strong> El presidente de la FIFA, Gianni Infantino, lleg\u00f3 a Panam\u00e1 este fin de semana para cumplir con una serie de actividades y reuniones, en el pa\u00eds canalero, con motivo de la clasificaci\u00f3n de Panam\u00e1 a la Copa Mundial 2018, en Rusia.<\/strong><\/em><\/p>\n<p>Infantino manifest\u00f3 sentirse complacido por la participaci\u00f3n de Panam\u00e1 en el Mundial, clasificaci\u00f3n que, seg\u00fan destac\u00f3, se merec\u00eda siendo uno de las 32 mejores selecciones del mundo.<\/p>\n<p>Hasta lleg\u00f3 a afirmar que nadie quiere jugar con Panam\u00e1 (al referirse a los equipos de su grupo), \u201ctodos saben que es un equipo muy duro, que juega el bal\u00f3n y siempre en un mundial hay sorpresas\u00bb, recalc\u00f3 a los periodistas deportivos que le esperaban a su llegada al aeropuerto en Panam\u00e1.<\/p>\n<p>Entre sus actividades estuvo participando de una serie de reuniones privadas con las autoridades de Concacaf, Uncaf y Fepafut, adem\u00e1s de que se reuni\u00f3n con el presidente de la Rep\u00fablica, Juan Carlos Varela y el director de Pandeportes, Mario P\u00e9rez.<\/p>\n<p>El recorrido del presidente de la FIFA cont\u00f3 con el acompa\u00f1amiento del presidente de la Federaci\u00f3n Paname\u00f1a de F\u00fatbol (FEPAFUT), Pedro Chalupa, quien en todo momento mostr\u00f3 complacencia por su visita a suelo paname\u00f1o.<\/p>\n<p>Luego de retirarse de Panam\u00e1, Gianni Infantino contin\u00faa con su recorrido por los distintos pa\u00edses que participar\u00e1n en la Copa Mundial &#8211; Rusia 2018.<\/p>\n<p><img loading=\"lazy\" decoding=\"async\" class=\"aligncenter wp-image-1249 size-large\" src=\"http:\/\/noti-america.com\/site\/panama\/wp-content\/uploads\/sites\/10\/2018\/03\/Presidente-de-FIFA-Panama-17-marzo-2018-1-1024x768.jpg\" alt=\"\" width=\"1024\" height=\"768\" srcset=\"https:\/\/noti-america.com\/site\/panama\/wp-content\/uploads\/sites\/10\/2018\/03\/Presidente-de-FIFA-Panama-17-marzo-2018-1-1024x768.jpg 1024w, https:\/\/noti-america.com\/site\/panama\/wp-content\/uploads\/sites\/10\/2018\/03\/Presidente-de-FIFA-Panama-17-marzo-2018-1-300x225.jpg 300w, https:\/\/noti-america.com\/site\/panama\/wp-content\/uploads\/sites\/10\/2018\/03\/Presidente-de-FIFA-Panama-17-marzo-2018-1-768x576.jpg 768w, https:\/\/noti-america.com\/site\/panama\/wp-content\/uploads\/sites\/10\/2018\/03\/Presidente-de-FIFA-Panama-17-marzo-2018-1.jpg 1280w\" sizes=\"auto, (max-width: 1024px) 100vw, 1024px\" \/><\/p>\n<p><img loading=\"lazy\" decoding=\"async\" class=\"aligncenter wp-image-1251 size-large\" src=\"http:\/\/noti-america.com\/site\/panama\/wp-content\/uploads\/sites\/10\/2018\/03\/Presidente-de-FIFA-Panama-17-marzo-2018-3-1024x682.jpg\" alt=\"\" width=\"1024\" height=\"682\" srcset=\"https:\/\/noti-america.com\/site\/panama\/wp-content\/uploads\/sites\/10\/2018\/03\/Presidente-de-FIFA-Panama-17-marzo-2018-3-1024x682.jpg 1024w, https:\/\/noti-america.com\/site\/panama\/wp-content\/uploads\/sites\/10\/2018\/03\/Presidente-de-FIFA-Panama-17-marzo-2018-3-300x200.jpg 300w, https:\/\/noti-america.com\/site\/panama\/wp-content\/uploads\/sites\/10\/2018\/03\/Presidente-de-FIFA-Panama-17-marzo-2018-3-768x512.jpg 768w, https:\/\/noti-america.com\/site\/panama\/wp-content\/uploads\/sites\/10\/2018\/03\/Presidente-de-FIFA-Panama-17-marzo-2018-3-272x182.jpg 272w, https:\/\/noti-america.com\/site\/panama\/wp-content\/uploads\/sites\/10\/2018\/03\/Presidente-de-FIFA-Panama-17-marzo-2018-3.jpg 1280w\" sizes=\"auto, (max-width: 1024px) 100vw, 1024px\" \/><\/p>\n<p><img loading=\"lazy\" decoding=\"async\" class=\"aligncenter wp-image-1252 size-large\" src=\"http:\/\/noti-america.com\/site\/panama\/wp-content\/uploads\/sites\/10\/2018\/03\/Presidente-de-FIFA-Panama-17-marzo-2018-4-1024x601.jpg\" alt=\"\" width=\"1024\" height=\"601\" srcset=\"https:\/\/noti-america.com\/site\/panama\/wp-content\/uploads\/sites\/10\/2018\/03\/Presidente-de-FIFA-Panama-17-marzo-2018-4-1024x601.jpg 1024w, https:\/\/noti-america.com\/site\/panama\/wp-content\/uploads\/sites\/10\/2018\/03\/Presidente-de-FIFA-Panama-17-marzo-2018-4-300x176.jpg 300w, https:\/\/noti-america.com\/site\/panama\/wp-content\/uploads\/sites\/10\/2018\/03\/Presidente-de-FIFA-Panama-17-marzo-2018-4-768x451.jpg 768w, https:\/\/noti-america.com\/site\/panama\/wp-content\/uploads\/sites\/10\/2018\/03\/Presidente-de-FIFA-Panama-17-marzo-2018-4.jpg 1279w\" sizes=\"auto, (max-width: 1024px) 100vw, 1024px\" \/><\/p>\n","protected":false},"excerpt":{"rendered":"<p>REDACCI\u00d3N NOTI-AM\u00c9RICA (PANAM\u00c1).- El presidente de la FIFA, Gianni Infantino, lleg\u00f3 a Panam\u00e1 este fin de semana para cumplir con una serie de actividades y reuniones, en el pa\u00eds canalero, con motivo de la&#46;&#46;&#46;<\/p>\n","protected":false},"author":19,"featured_media":1250,"comment_status":"open","ping_status":"open","sticky":false,"template":"","format":"standard","meta":{"footnotes":""},"categories":[16,4],"tags":[52,476,58,478,70,57,30,477,59],"class_list":["post-1248","post","type-post","status-publish","format-standard","has-post-thumbnail","hentry","category-deportes","category-internacionales","tag-deportes","tag-fifa","tag-futbol","tag-gianni-infantino","tag-juan-carlos-varela","tag-mundial","tag-panama","tag-pandeportes","tag-rusia"],"_links":{"self":[{"href":"https:\/\/noti-america.com\/site\/panama\/wp-json\/wp\/v2\/posts\/1248","targetHints":{"allow":["GET"]}}],"collection":[{"href":"https:\/\/noti-america.com\/site\/panama\/wp-json\/wp\/v2\/posts"}],"about":[{"href":"https:\/\/noti-america.com\/site\/panama\/wp-json\/wp\/v2\/types\/post"}],"author":[{"embeddable":true,"href":"https:\/\/noti-america.com\/site\/panama\/wp-json\/wp\/v2\/users\/19"}],"replies":[{"embeddable":true,"href":"https:\/\/noti-america.com\/site\/panama\/wp-json\/wp\/v2\/comments?post=1248"}],"version-history":[{"count":1,"href":"https:\/\/noti-america.com\/site\/panama\/wp-json\/wp\/v2\/posts\/1248\/revisions"}],"predecessor-version":[{"id":1253,"href":"https:\/\/noti-america.com\/site\/panama\/wp-json\/wp\/v2\/posts\/1248\/revisions\/1253"}],"wp:featuredmedia":[{"embeddable":true,"href":"https:\/\/noti-america.com\/site\/panama\/wp-json\/wp\/v2\/media\/1250"}],"wp:attachment":[{"href":"https:\/\/noti-america.com\/site\/panama\/wp-json\/wp\/v2\/media?parent=1248"}],"wp:term":[{"taxonomy":"category","embeddable":true,"href":"https:\/\/noti-america.com\/site\/panama\/wp-json\/wp\/v2\/categories?post=1248"},{"taxonomy":"post_tag","embeddable":true,"href":"https:\/\/noti-america.com\/site\/panama\/wp-json\/wp\/v2\/tags?post=1248"}],"curies":[{"name":"wp","href":"https:\/\/api.w.org\/{rel}","templated":true}]}}