{"id":1244,"date":"2018-03-18T22:21:30","date_gmt":"2018-03-18T22:21:30","guid":{"rendered":"http:\/\/noti-america.com\/site\/panama\/?p=1244"},"modified":"2018-03-18T22:23:08","modified_gmt":"2018-03-18T22:23:08","slug":"una-mujer-fantastica-pelicula-de-apertura-de-la-septima-edicion-de-iff-panama","status":"publish","type":"post","link":"https:\/\/noti-america.com\/site\/panama\/2018\/03\/18\/una-mujer-fantastica-pelicula-de-apertura-de-la-septima-edicion-de-iff-panama\/","title":{"rendered":"Una Mujer Fant\u00e1stica, pel\u00edcula de apertura de la s\u00e9ptima edici\u00f3n de IFF Panam\u00e1."},"content":{"rendered":"<p><strong>REDACCI\u00d3N NOTI-AM\u00c9RICA (PANAM\u00c1).-<\/strong><em><strong> La pel\u00edcula, ganadora del Oscar como Mejor Pel\u00edcula Extranjera, Una Mujer Fant\u00e1stica, ser\u00e1 la encargada de inaugurar la 7ma edici\u00f3n del Festival Internacional de Cine de Panam\u00e1, anunci\u00f3 la organizaci\u00f3n, y no solo ser\u00e1 la cinta de apertura, su protagonista, Daniela Vega. asistir\u00e1 a la Gala.<\/strong><\/em><\/p>\n<p>\u201cEsta noticia para nosotros es sumamente emocionante, es buen\u00edsimo para Panam\u00e1 y para el cine latinoamericano,\u201d coment\u00f3 Pituka Ortega, Directora Ejecutiva de IFF Panam\u00e1. \u201cEste es un momento muy especial para nuestro Festival,\u201d a\u00f1adi\u00f3.<\/p>\n<p>Diana S\u00e1nchez, Directora Art\u00edstica del Festival, remarc\u00f3, \u201cEstamos muy contentos con la noticia de que la actriz Daniela Vega nos acompa\u00f1ar\u00e1 en la apertura de la s\u00e9ptima edici\u00f3n de IFF Panam\u00e1. Desde el Oso de Plata en Berl\u00edn, al \u00d3scar a la Mejor pel\u00edcula extranjera, llega Una mujer fant\u00e1stica a los cines paname\u00f1os. Es una gran oportunidad para que el p\u00fablico disfrute de la obra de uno de los directores m\u00e1s vers\u00e1tiles de la regi\u00f3n, que demuestra la fuerza y la elegancia del cine latinoamericano.\u201d<\/p>\n<p>Una Mujer Fant\u00e1stica narra la historia de Marina, una mesera y cantante, y Orlando, un hombre mayor, que est\u00e1n enamorados y planean un futuro juntos. Despu\u00e9s de que Orlando muere repentinamente, Marina se ve obligada a enfrentar a su familia y a la sociedad, y luchar para demostrarles qui\u00e9n es verdaderamente: una mujer fuerte, pasional, fant\u00e1stica.<\/p>\n<div class=\"video-container\"><iframe loading=\"lazy\" title=\"Una Mujer Fant\u00e1stica (A Fantastic Woman) | IFF Panam\u00e1 2018\" width=\"500\" height=\"281\" src=\"https:\/\/www.youtube.com\/embed\/JZmrNAk1zZg?feature=oembed&#038;wmode=opaque\" frameborder=\"0\" allow=\"accelerometer; autoplay; clipboard-write; encrypted-media; gyroscope; picture-in-picture; web-share\" referrerpolicy=\"strict-origin-when-cross-origin\" allowfullscreen><\/iframe><\/div>\n<p style=\"text-align: center\">\n<p style=\"text-align: center\">\n","protected":false},"excerpt":{"rendered":"<p>REDACCI\u00d3N NOTI-AM\u00c9RICA (PANAM\u00c1).- La pel\u00edcula, ganadora del Oscar como Mejor Pel\u00edcula Extranjera, Una Mujer Fant\u00e1stica, ser\u00e1 la encargada de inaugurar la 7ma edici\u00f3n del Festival Internacional de Cine de Panam\u00e1, anunci\u00f3 la organizaci\u00f3n, y&#46;&#46;&#46;<\/p>\n","protected":false},"author":19,"featured_media":1245,"comment_status":"open","ping_status":"open","sticky":false,"template":"","format":"standard","meta":{"footnotes":""},"categories":[8],"tags":[474,37,470,475,471,30,472,473],"class_list":["post-1244","post","type-post","status-publish","format-standard","has-post-thumbnail","hentry","category-arte-y-espectaculos","tag-entretenimiento","tag-espectaculo","tag-festival-de-cine","tag-iff","tag-oscar","tag-panama","tag-pelicula","tag-una-mujer-fantastica"],"_links":{"self":[{"href":"https:\/\/noti-america.com\/site\/panama\/wp-json\/wp\/v2\/posts\/1244","targetHints":{"allow":["GET"]}}],"collection":[{"href":"https:\/\/noti-america.com\/site\/panama\/wp-json\/wp\/v2\/posts"}],"about":[{"href":"https:\/\/noti-america.com\/site\/panama\/wp-json\/wp\/v2\/types\/post"}],"author":[{"embeddable":true,"href":"https:\/\/noti-america.com\/site\/panama\/wp-json\/wp\/v2\/users\/19"}],"replies":[{"embeddable":true,"href":"https:\/\/noti-america.com\/site\/panama\/wp-json\/wp\/v2\/comments?post=1244"}],"version-history":[{"count":1,"href":"https:\/\/noti-america.com\/site\/panama\/wp-json\/wp\/v2\/posts\/1244\/revisions"}],"predecessor-version":[{"id":1246,"href":"https:\/\/noti-america.com\/site\/panama\/wp-json\/wp\/v2\/posts\/1244\/revisions\/1246"}],"wp:featuredmedia":[{"embeddable":true,"href":"https:\/\/noti-america.com\/site\/panama\/wp-json\/wp\/v2\/media\/1245"}],"wp:attachment":[{"href":"https:\/\/noti-america.com\/site\/panama\/wp-json\/wp\/v2\/media?parent=1244"}],"wp:term":[{"taxonomy":"category","embeddable":true,"href":"https:\/\/noti-america.com\/site\/panama\/wp-json\/wp\/v2\/categories?post=1244"},{"taxonomy":"post_tag","embeddable":true,"href":"https:\/\/noti-america.com\/site\/panama\/wp-json\/wp\/v2\/tags?post=1244"}],"curies":[{"name":"wp","href":"https:\/\/api.w.org\/{rel}","templated":true}]}}