{"id":1236,"date":"2018-03-18T21:41:01","date_gmt":"2018-03-18T21:41:01","guid":{"rendered":"http:\/\/noti-america.com\/site\/panama\/?p=1236"},"modified":"2018-03-18T21:42:18","modified_gmt":"2018-03-18T21:42:18","slug":"venezolanos-en-panama-se-pronuncian-ante-la-oficina-de-la-onu","status":"publish","type":"post","link":"https:\/\/noti-america.com\/site\/panama\/2018\/03\/18\/venezolanos-en-panama-se-pronuncian-ante-la-oficina-de-la-onu\/","title":{"rendered":"Venezolanos en Panam\u00e1 se pronuncian ante la oficina de la ONU."},"content":{"rendered":"<p><strong>REDACCI\u00d3N NOTI-AM\u00c9RICA (PANAM\u00c1).-<\/strong><em><strong> Un grupo de venezolanos residentes en Panam\u00e1, miembros del Frente Amplio Venezuela Libre, se manifest\u00f3 este s\u00e1bado ante la oficina de las Naciones Unidas en Panam\u00e1, con miras a dejar sentada su posici\u00f3n en torno a la situaci\u00f3n pol\u00edtica y social por la que atraviesa su pa\u00eds.<\/strong><\/em><\/p>\n<p>En principio, convocaron a una caravana, desde el \u00e1rea de Costa del Este (sector donde residen muchos venezolanos), hasta las oficinas regionales de la ONU en el \u00e1rea de Clayton, con el fin de entregar una nota al comisionado de ese organismo en Panam\u00e1, Harold Robinson.<\/p>\n<p>La nota en menci\u00f3n lleva como fin hacer del conocimiento de diplom\u00e1tico el documento entregado en Caracas, Venezuela, el pasado 12 de marzo, a nombre del Secretario General de la Organizaci\u00f3n de Las Naciones Unidas, Antonio Guterres, con el fin de dar a conocer la conformaci\u00f3n del Frente Amplio Venezuela Libre, cuyo objetivo es el de obtener, a trav\u00e9s de la v\u00eda constitucional, elecciones leg\u00edtimas, justas, libres y transparentes, para lograr el cambio y el progreso en nuestro pa\u00eds.<\/p>\n<p>Destaca la misiva cinto puntos, buscando que se establezca un trabajo conjunto, entre las Naciones Unidas y el Frente Amplio Venezuela Libre, con el fin de conciliar soluciones para atender la grave situaci\u00f3n social, econ\u00f3mica y pol\u00edtica.<\/p>\n<p>Adem\u00e1s, indica que en Panam\u00e1 los venezolanos est\u00e1n organizados para dar apoyo a la \u201c<em>tragedia<\/em>\u201d en su pa\u00eds, y que son una comunidad dispuesta a colaborar y unirse, una vez se activen los mecanismos necesarios.<\/p>\n<p>Solicitan que sea respaldada la posici\u00f3n del Alto Comisionado de la ONU, para que pueda enviar a Venezuela una comisi\u00f3n que constate la situaci\u00f3n de los Derechos Humanos en el pa\u00eds, a la vez que instan a la ONU a que ejecute las gestiones diplom\u00e1ticas necesarias para que en Venezuela se puedan realizar verdaderas elecciones libres, justas y transparentes.<\/p>\n<p>Finalizan solicitando que la ONU no se preste para avalar lo que denominan \u201c<em>farsa electoral del 20 de mayo<\/em>\u201d, carente de sentido y fundamento legal, rechazada adem\u00e1s por la comunidad nacional e internacional.<\/p>\n<p>Seg\u00fan explican, este Frente Amplio Venezuela Libre est\u00e1 fundamentado en la incorporaci\u00f3n de instituciones, organizaciones y ciudadanos que detentan la plena legitimidad en cuanto a representaci\u00f3n de sus sectores.<\/p>\n<p><img loading=\"lazy\" decoding=\"async\" class=\"aligncenter wp-image-1237 size-full\" src=\"http:\/\/noti-america.com\/site\/panama\/wp-content\/uploads\/sites\/10\/2018\/03\/Manifestaci\u00f3n-venezolanos-Panama-17-Marzo-2018-1.jpg\" alt=\"\" width=\"640\" height=\"480\" srcset=\"https:\/\/noti-america.com\/site\/panama\/wp-content\/uploads\/sites\/10\/2018\/03\/Manifestaci\u00f3n-venezolanos-Panama-17-Marzo-2018-1.jpg 640w, https:\/\/noti-america.com\/site\/panama\/wp-content\/uploads\/sites\/10\/2018\/03\/Manifestaci\u00f3n-venezolanos-Panama-17-Marzo-2018-1-300x225.jpg 300w\" sizes=\"auto, (max-width: 640px) 100vw, 640px\" \/><\/p>\n<p><img loading=\"lazy\" decoding=\"async\" class=\"aligncenter wp-image-1238 size-full\" src=\"http:\/\/noti-america.com\/site\/panama\/wp-content\/uploads\/sites\/10\/2018\/03\/Manifestaci\u00f3n-venezolanos-Panama-17-Marzo-2018-2.jpg\" alt=\"\" width=\"640\" height=\"480\" srcset=\"https:\/\/noti-america.com\/site\/panama\/wp-content\/uploads\/sites\/10\/2018\/03\/Manifestaci\u00f3n-venezolanos-Panama-17-Marzo-2018-2.jpg 640w, https:\/\/noti-america.com\/site\/panama\/wp-content\/uploads\/sites\/10\/2018\/03\/Manifestaci\u00f3n-venezolanos-Panama-17-Marzo-2018-2-300x225.jpg 300w\" sizes=\"auto, (max-width: 640px) 100vw, 640px\" \/><\/p>\n<p><img loading=\"lazy\" decoding=\"async\" class=\"aligncenter wp-image-1239 size-full\" src=\"http:\/\/noti-america.com\/site\/panama\/wp-content\/uploads\/sites\/10\/2018\/03\/Manifestaci\u00f3n-venezolanos-Panama-17-Marzo-2018-3.jpg\" alt=\"\" width=\"640\" height=\"480\" srcset=\"https:\/\/noti-america.com\/site\/panama\/wp-content\/uploads\/sites\/10\/2018\/03\/Manifestaci\u00f3n-venezolanos-Panama-17-Marzo-2018-3.jpg 640w, https:\/\/noti-america.com\/site\/panama\/wp-content\/uploads\/sites\/10\/2018\/03\/Manifestaci\u00f3n-venezolanos-Panama-17-Marzo-2018-3-300x225.jpg 300w\" sizes=\"auto, (max-width: 640px) 100vw, 640px\" \/><\/p>\n<p>&nbsp;<\/p>\n","protected":false},"excerpt":{"rendered":"<p>REDACCI\u00d3N NOTI-AM\u00c9RICA (PANAM\u00c1).- Un grupo de venezolanos residentes en Panam\u00e1, miembros del Frente Amplio Venezuela Libre, se manifest\u00f3 este s\u00e1bado ante la oficina de las Naciones Unidas en Panam\u00e1, con miras a dejar sentada&#46;&#46;&#46;<\/p>\n","protected":false},"author":19,"featured_media":1241,"comment_status":"open","ping_status":"open","sticky":false,"template":"","format":"standard","meta":{"footnotes":""},"categories":[4,3,330],"tags":[468,64,469,467,320,49,30,466],"class_list":["post-1236","post","type-post","status-publish","format-standard","has-post-thumbnail","hentry","category-internacionales","category-politica","category-politica-opinion","tag-carabana","tag-elecciones","tag-harold-robinson","tag-manifestacion","tag-naciones-unidas","tag-onu","tag-panama","tag-venezuela"],"_links":{"self":[{"href":"https:\/\/noti-america.com\/site\/panama\/wp-json\/wp\/v2\/posts\/1236","targetHints":{"allow":["GET"]}}],"collection":[{"href":"https:\/\/noti-america.com\/site\/panama\/wp-json\/wp\/v2\/posts"}],"about":[{"href":"https:\/\/noti-america.com\/site\/panama\/wp-json\/wp\/v2\/types\/post"}],"author":[{"embeddable":true,"href":"https:\/\/noti-america.com\/site\/panama\/wp-json\/wp\/v2\/users\/19"}],"replies":[{"embeddable":true,"href":"https:\/\/noti-america.com\/site\/panama\/wp-json\/wp\/v2\/comments?post=1236"}],"version-history":[{"count":2,"href":"https:\/\/noti-america.com\/site\/panama\/wp-json\/wp\/v2\/posts\/1236\/revisions"}],"predecessor-version":[{"id":1243,"href":"https:\/\/noti-america.com\/site\/panama\/wp-json\/wp\/v2\/posts\/1236\/revisions\/1243"}],"wp:featuredmedia":[{"embeddable":true,"href":"https:\/\/noti-america.com\/site\/panama\/wp-json\/wp\/v2\/media\/1241"}],"wp:attachment":[{"href":"https:\/\/noti-america.com\/site\/panama\/wp-json\/wp\/v2\/media?parent=1236"}],"wp:term":[{"taxonomy":"category","embeddable":true,"href":"https:\/\/noti-america.com\/site\/panama\/wp-json\/wp\/v2\/categories?post=1236"},{"taxonomy":"post_tag","embeddable":true,"href":"https:\/\/noti-america.com\/site\/panama\/wp-json\/wp\/v2\/tags?post=1236"}],"curies":[{"name":"wp","href":"https:\/\/api.w.org\/{rel}","templated":true}]}}