{"id":1178,"date":"2018-03-13T14:46:06","date_gmt":"2018-03-13T14:46:06","guid":{"rendered":"http:\/\/noti-america.com\/site\/panama\/?p=1178"},"modified":"2018-03-13T15:10:08","modified_gmt":"2018-03-13T15:10:08","slug":"protestas-se-toman-colon","status":"publish","type":"post","link":"https:\/\/noti-america.com\/site\/panama\/2018\/03\/13\/protestas-se-toman-colon\/","title":{"rendered":"Protestas se toman Col\u00f3n."},"content":{"rendered":"<p><strong>REDACCI\u00d3N NOTI-AM\u00c9RICA (PANAM\u00c1).-<\/strong><em><strong> Luego de anunciado el paro general en toda la provincia de Col\u00f3n, por dirigentes de algunas agrupaciones sociales de esta provincia, ubicada del lado atl\u00e1ntico del pa\u00eds, la ciudad de Col\u00f3n (cabecera) amaneci\u00f3 en medio del caos y protestas.<\/strong><\/em><\/p>\n<p>Desde antes que fuesen las 12:01 am, (hora en que se hab\u00eda anunciado el inicio de las manifestaciones), ya a \u00faltimas horas de la noche del lunes, escaramuzas de protestas, cierres de calles y avenidas, quema de llantas y hasta saqueos a algunos comercios, se apoderaron de la ciudad.<\/p>\n<p><strong>Al d\u00eda, siguen las manifestaciones<\/strong>.<\/p>\n<p>Ya este lunes se hab\u00eda anunciado toda una serie de acciones por parte de la dirigencia del movimiento. Edgardo Voitier, uno de los dirigentes del Comit\u00e9 de Lucha por la Salvaci\u00f3n de la Costa Atl\u00e1ntica, indic\u00f3 cada una de las acciones que se llevar\u00e1n a cabo hoy martes.<\/p>\n<p>Desde las 5:00am se tocar\u00edan trompetas en Sabanitas (una de las comunidades cercanas a la Ciudad de Col\u00f3n) para dar inicio a las actividades del llamado a huelga, de all\u00ed salieron en caravana hasta el centro de Col\u00f3n, invitaron a las comunidades de la carretera a unirse simult\u00e1neamente.<\/p>\n<p>Tambi\u00e9n advirtieron a los padres de familia de la provincia a que no enviaran a sus ni\u00f1os a las escuelas, por seguridad, sin embargo, el Ministerio de Educaci\u00f3n, en un Comunicado indic\u00f3 que las clases ser\u00edan regulares.<\/p>\n<p>A estas manifestaciones se unieron algunas agrupaciones de Maestros y Profesores, as\u00ed como del Sindicato \u00danico de la Construcci\u00f3n (SUNTRACS), ocho8 empresas transportistas, entre taxis y buses, de las de Lim\u00f3n, Costa Abajo, Costa Arriba, Portobelo, Salamanca, Buena Vista, Ruta urbana casco.<\/p>\n<p>Adem\u00e1s, se sumaron algunos obreros del Canal de Panam\u00e1, de una empresa minera y de algunos centros universitarios.<\/p>\n<p><img loading=\"lazy\" decoding=\"async\" class=\"wp-image-1180 size-large aligncenter\" src=\"http:\/\/noti-america.com\/site\/panama\/wp-content\/uploads\/sites\/10\/2018\/03\/Colon-2-1024x576.jpg\" alt=\"\" width=\"1024\" height=\"576\" srcset=\"https:\/\/noti-america.com\/site\/panama\/wp-content\/uploads\/sites\/10\/2018\/03\/Colon-2-1024x576.jpg 1024w, https:\/\/noti-america.com\/site\/panama\/wp-content\/uploads\/sites\/10\/2018\/03\/Colon-2-300x169.jpg 300w, https:\/\/noti-america.com\/site\/panama\/wp-content\/uploads\/sites\/10\/2018\/03\/Colon-2-768x432.jpg 768w, https:\/\/noti-america.com\/site\/panama\/wp-content\/uploads\/sites\/10\/2018\/03\/Colon-2.jpg 1280w\" sizes=\"auto, (max-width: 1024px) 100vw, 1024px\" \/><\/p>\n<p><strong>Actividades violentas en algunos puntos<\/strong>.<\/p>\n<p>En la conferencia de prensa se hab\u00eda anunciado que no se dar\u00edan enfrentamientos ni \u201ctiradera de piedras\u201d porque ser\u00eda una protesta c\u00edvica, sin embargo, este no fue el resultado, ya que algunos ciudadanos se han dado a la tarea de generar caos y destruir algunas propiedades.<\/p>\n<p>Por ejemplo, la Casa Wilcox, uno de los edificios hist\u00f3ricos, cuya restauraci\u00f3n o reconstrucci\u00f3n (r\u00e9plica) se debat\u00eda, fue encendido en horas de la madrugada, lo que probablemente genere la p\u00e9rdida de la estructura.<img loading=\"lazy\" decoding=\"async\" class=\"wp-image-1181 size-full aligncenter\" src=\"http:\/\/noti-america.com\/site\/panama\/wp-content\/uploads\/sites\/10\/2018\/03\/Colon-3.jpg\" alt=\"\" width=\"720\" height=\"625\" srcset=\"https:\/\/noti-america.com\/site\/panama\/wp-content\/uploads\/sites\/10\/2018\/03\/Colon-3.jpg 720w, https:\/\/noti-america.com\/site\/panama\/wp-content\/uploads\/sites\/10\/2018\/03\/Colon-3-300x260.jpg 300w\" sizes=\"auto, (max-width: 720px) 100vw, 720px\" \/><\/p>\n<p>&nbsp;<\/p>\n<p><strong>El Gobierno responde<\/strong>.<\/p>\n<p>A todo esto, el gobierno de Juan Carlos Varela\u00a0emiti\u00f3 un comunicado en el que indica que El Gobierno Nacional reconoce el derecho de un grupo de ciudadanos a protestar y manifestarse p\u00fablicamente de forma pac\u00edfica en la provincia de Col\u00f3n y reitera que el derecho a la protesta ciudadana debe respetar tambi\u00e9n la voluntad de aquellas personas que no quieran participar de llamados a huelgas o marchas.<\/p>\n<p>Advierte que los estamentos de seguridad velar\u00e1n por el respeto a la vida humana, la propiedad privada y el libre tr\u00e1nsito de personas y veh\u00edculos.<\/p>\n<p>Destaca tambi\u00e9n que el Gobierno Nacional realiza en la provincia de Col\u00f3n una inversi\u00f3n social y de infraestructura p\u00fablica nunca antes vista en los \u00faltimos 20 a\u00f1os. Obras como la primera etapa de Paseo Marino, los primeros mil apartamentos de Altos de Los Lagos, la instalaci\u00f3n de 12 nuevas bombas para evitar inundaciones y la pavimentaci\u00f3n de varias calles, son proyectos concretos que muestran el compromiso del avance de la renovaci\u00f3n de la ciudad de Col\u00f3n, con inversiones millonarias.<\/p>\n<p><strong>Protestas en la ciudad capital<\/strong>.<\/p>\n<p>En tanto, en la ciudad capital del pa\u00eds, se han generado una serie de movimientos de protestas y manifestaciones, relacionadas con lo que acontece en Col\u00f3n.<\/p>\n<p>El Sindicato \u00danico de la Construcci\u00f3n sali\u00f3 a manifestarse por diferentes avenidas, cerrando el paso vehicular, y estudiantes d la Universidad de Panam\u00e1 (universidad estatal) tambi\u00e9n amenazan con salir a protestar y cerrar una de las principales v\u00edas de la ciudad.<\/p>\n<p><img loading=\"lazy\" decoding=\"async\" class=\"wp-image-1182 size-large aligncenter\" src=\"http:\/\/noti-america.com\/site\/panama\/wp-content\/uploads\/sites\/10\/2018\/03\/Colon-1-1024x576.jpg\" alt=\"\" width=\"1024\" height=\"576\" srcset=\"https:\/\/noti-america.com\/site\/panama\/wp-content\/uploads\/sites\/10\/2018\/03\/Colon-1-1024x576.jpg 1024w, https:\/\/noti-america.com\/site\/panama\/wp-content\/uploads\/sites\/10\/2018\/03\/Colon-1-300x169.jpg 300w, https:\/\/noti-america.com\/site\/panama\/wp-content\/uploads\/sites\/10\/2018\/03\/Colon-1-768x432.jpg 768w, https:\/\/noti-america.com\/site\/panama\/wp-content\/uploads\/sites\/10\/2018\/03\/Colon-1.jpg 1032w\" sizes=\"auto, (max-width: 1024px) 100vw, 1024px\" \/><\/p>\n<p><img loading=\"lazy\" decoding=\"async\" class=\"wp-image-1183 size-full aligncenter\" src=\"http:\/\/noti-america.com\/site\/panama\/wp-content\/uploads\/sites\/10\/2018\/03\/Colon-4.jpg\" alt=\"\" width=\"719\" height=\"569\" srcset=\"https:\/\/noti-america.com\/site\/panama\/wp-content\/uploads\/sites\/10\/2018\/03\/Colon-4.jpg 719w, https:\/\/noti-america.com\/site\/panama\/wp-content\/uploads\/sites\/10\/2018\/03\/Colon-4-300x237.jpg 300w\" sizes=\"auto, (max-width: 719px) 100vw, 719px\" \/><\/p>\n<p><img loading=\"lazy\" decoding=\"async\" class=\"wp-image-1184 size-large aligncenter\" src=\"http:\/\/noti-america.com\/site\/panama\/wp-content\/uploads\/sites\/10\/2018\/03\/colon-1024x768.jpg\" alt=\"\" width=\"1024\" height=\"768\" srcset=\"https:\/\/noti-america.com\/site\/panama\/wp-content\/uploads\/sites\/10\/2018\/03\/colon-1024x768.jpg 1024w, https:\/\/noti-america.com\/site\/panama\/wp-content\/uploads\/sites\/10\/2018\/03\/colon-300x225.jpg 300w, https:\/\/noti-america.com\/site\/panama\/wp-content\/uploads\/sites\/10\/2018\/03\/colon-768x576.jpg 768w, https:\/\/noti-america.com\/site\/panama\/wp-content\/uploads\/sites\/10\/2018\/03\/colon.jpg 1032w\" sizes=\"auto, (max-width: 1024px) 100vw, 1024px\" \/><\/p>\n<p>&nbsp;<\/p>\n","protected":false},"excerpt":{"rendered":"<p>REDACCI\u00d3N NOTI-AM\u00c9RICA (PANAM\u00c1).- Luego de anunciado el paro general en toda la provincia de Col\u00f3n, por dirigentes de algunas agrupaciones sociales de esta provincia, ubicada del lado atl\u00e1ntico del pa\u00eds, la ciudad de Col\u00f3n&#46;&#46;&#46;<\/p>\n","protected":false},"author":19,"featured_media":1179,"comment_status":"open","ping_status":"open","sticky":false,"template":"","format":"standard","meta":{"footnotes":""},"categories":[11],"tags":[432,170,48,70,430,433,30,431,429,194],"class_list":["post-1178","post","type-post","status-publish","format-standard","has-post-thumbnail","hentry","category-sucesos","tag-casa-wilcox","tag-colon","tag-gobierno","tag-juan-carlos-varela","tag-manifestaciones","tag-marchas","tag-panama","tag-perdidas","tag-protestas","tag-suntracs"],"_links":{"self":[{"href":"https:\/\/noti-america.com\/site\/panama\/wp-json\/wp\/v2\/posts\/1178","targetHints":{"allow":["GET"]}}],"collection":[{"href":"https:\/\/noti-america.com\/site\/panama\/wp-json\/wp\/v2\/posts"}],"about":[{"href":"https:\/\/noti-america.com\/site\/panama\/wp-json\/wp\/v2\/types\/post"}],"author":[{"embeddable":true,"href":"https:\/\/noti-america.com\/site\/panama\/wp-json\/wp\/v2\/users\/19"}],"replies":[{"embeddable":true,"href":"https:\/\/noti-america.com\/site\/panama\/wp-json\/wp\/v2\/comments?post=1178"}],"version-history":[{"count":1,"href":"https:\/\/noti-america.com\/site\/panama\/wp-json\/wp\/v2\/posts\/1178\/revisions"}],"predecessor-version":[{"id":1185,"href":"https:\/\/noti-america.com\/site\/panama\/wp-json\/wp\/v2\/posts\/1178\/revisions\/1185"}],"wp:featuredmedia":[{"embeddable":true,"href":"https:\/\/noti-america.com\/site\/panama\/wp-json\/wp\/v2\/media\/1179"}],"wp:attachment":[{"href":"https:\/\/noti-america.com\/site\/panama\/wp-json\/wp\/v2\/media?parent=1178"}],"wp:term":[{"taxonomy":"category","embeddable":true,"href":"https:\/\/noti-america.com\/site\/panama\/wp-json\/wp\/v2\/categories?post=1178"},{"taxonomy":"post_tag","embeddable":true,"href":"https:\/\/noti-america.com\/site\/panama\/wp-json\/wp\/v2\/tags?post=1178"}],"curies":[{"name":"wp","href":"https:\/\/api.w.org\/{rel}","templated":true}]}}