{"id":1153,"date":"2018-02-22T23:31:38","date_gmt":"2018-02-22T23:31:38","guid":{"rendered":"http:\/\/noti-america.com\/site\/panama\/?p=1153"},"modified":"2018-02-22T23:31:38","modified_gmt":"2018-02-22T23:31:38","slug":"panama-firma-tlc-con-corea-del-sur","status":"publish","type":"post","link":"https:\/\/noti-america.com\/site\/panama\/2018\/02\/22\/panama-firma-tlc-con-corea-del-sur\/","title":{"rendered":"Panam\u00e1 firma TLC con Corea del Sur."},"content":{"rendered":"<p><strong>REDACCI\u00d3N NOTI-AM\u00c9RICA (PANAM\u00c1).-<\/strong><em><strong> Panam\u00e1 firm\u00f3 un Tratado de Libre Comercio (TLC) con la Rep\u00fablica de Corea del Sur, con el que se busca impulsar la plataforma log\u00edstica y de servicios\u00a0de Panam\u00e1, como centro estrat\u00e9gico para las industrias coreanas de manufactura de alta tecnolog\u00eda y servir de conectividad la distribuci\u00f3n de productos a toda Am\u00e9rica Latina.<\/strong><\/em><\/p>\n<p>En representaci\u00f3n de Panam\u00e1 firm\u00f3 el acuerdo la viceministra de Negociaciones Comerciales, Diana Salazar, quien destac\u00f3 que los logros obtenidos con este TLC son de gran beneficio debido a que dinamizar\u00e1 la exportaci\u00f3n de bienes y servicios hacia Corea, as\u00ed como la atracci\u00f3n de inversiones coreanas principalmente en alta tecnolog\u00eda, veh\u00edculos y auto partes y productos de l\u00ednea blanca.<\/p>\n<p>Panam\u00e1 logr\u00f3 la exclusi\u00f3n de los productos sensibles para Panam\u00e1.\u00a0 Adem\u00e1s, se estableci\u00f3 la protecci\u00f3n de las profesiones que por ley est\u00e1n restringidas para ser ejercidas solo por paname\u00f1os, enfatiz\u00f3 el Ministro de Comercio e Industrias, Augusto Arosemena, quien adem\u00e1s destac\u00f3 que en las negociaciones del TLC se cont\u00f3 con una amplia participaci\u00f3n del sector privado paname\u00f1o tanto a nivel de la comisi\u00f3n t\u00e9cnica como sectorialmente.<\/p>\n<p>Entre los gremios consultados mencion\u00f3 la C\u00e1mara de Comercio, Industrias y Agricultura de Panam\u00e1, el Sindicato de Industriales de Panam\u00e1, la Asociaci\u00f3n Paname\u00f1a de Exportadores y la Asociaci\u00f3n Paname\u00f1a de Ejecutivos de Empresa, as\u00ed como sectores muy espec\u00edficos como lecheros, carne de res y pesca, entre otros.<\/p>\n<p>Respecto a los productos del mar, se logr\u00f3 obtener acceso preferencial en: camarones, lenguados, listados o bonitos, cobias, tilapia fresca o refrigerada y congelada, langostas, cangrejos, salm\u00f3n, atunes, cangrejos y camarones (preparados o conservados), salm\u00f3n (preparados o conservados), entre otros.<\/p>\n<p>En materia de exportaciones, Panam\u00e1 logr\u00f3 tener acceso para muchos productos agr\u00edcolas y agroindustriales como: caf\u00e9, aceite de palma tanto el crudo como el refinado, carne de bovino deshuesada congelada, fresca o refrigerada, carne de la especie porcina (jamones y paletas), yuca, frutas tropicales (pi\u00f1a, banano, sand\u00eda, mel\u00f3n, papaya), procesados de pollo, az\u00facar cruda y refinada, ron, harina y polvo de pescado, entre otros, lo que permite ampliar los mercados de destino para nuestras exportaciones.<\/p>\n<p>La firma del TLC se concret\u00f3 en un acto protocolar en la ciudad de Se\u00fal, en conjunto con Honduras, Nicaragua, El Salvador y Costa Rica con el objetivo de abrir nuevas oportunidades para la regi\u00f3n, ya que contempla una amplia cobertura en bienes, servicios e inversi\u00f3n.<\/p>\n<p>Cabe destacar que en el marco de la firma del acuerdo se realiz\u00f3 un foro de negocios para empresarios coreanos, donde la viceministra Diana Salazar, present\u00f3 las ventajas competitivas que ofrece Panam\u00e1 para las inversiones, as\u00ed como la variedad y calidad de nuestros productos de exportaci\u00f3n.<\/p>\n<p>En los pr\u00f3ximos meses, el MICI organizar\u00e1 un encuentro empresarial en Se\u00fal con la participaci\u00f3n de empresarios paname\u00f1os a fin de promover las oportunidades que ofrece el TLC para los exportadores paname\u00f1os.<\/p>\n<p>La firma del acuerdo se da luego de siete rondas de negociaciones y dos sesiones entre rondas. Para entrar en vigencia el acuerdo debe ser ratificado por la Asamblea Nacional.<\/p>\n","protected":false},"excerpt":{"rendered":"<p>REDACCI\u00d3N NOTI-AM\u00c9RICA (PANAM\u00c1).- Panam\u00e1 firm\u00f3 un Tratado de Libre Comercio (TLC) con la Rep\u00fablica de Corea del Sur, con el que se busca impulsar la plataforma log\u00edstica y de servicios\u00a0de Panam\u00e1, como centro estrat\u00e9gico&#46;&#46;&#46;<\/p>\n","protected":false},"author":19,"featured_media":1154,"comment_status":"open","ping_status":"open","sticky":false,"template":"","format":"standard","meta":{"footnotes":""},"categories":[5,328,4],"tags":[413,178,75,153,416,415,417,30,412,414],"class_list":["post-1153","post","type-post","status-publish","format-standard","has-post-thumbnail","hentry","category-economia","category-economia-opinion","category-internacionales","tag-corea-del-sur","tag-diplomacia","tag-economia","tag-intercambio","tag-internacionales","tag-libre-comercio","tag-mercados","tag-panama","tag-seul","tag-tratado"],"_links":{"self":[{"href":"https:\/\/noti-america.com\/site\/panama\/wp-json\/wp\/v2\/posts\/1153","targetHints":{"allow":["GET"]}}],"collection":[{"href":"https:\/\/noti-america.com\/site\/panama\/wp-json\/wp\/v2\/posts"}],"about":[{"href":"https:\/\/noti-america.com\/site\/panama\/wp-json\/wp\/v2\/types\/post"}],"author":[{"embeddable":true,"href":"https:\/\/noti-america.com\/site\/panama\/wp-json\/wp\/v2\/users\/19"}],"replies":[{"embeddable":true,"href":"https:\/\/noti-america.com\/site\/panama\/wp-json\/wp\/v2\/comments?post=1153"}],"version-history":[{"count":1,"href":"https:\/\/noti-america.com\/site\/panama\/wp-json\/wp\/v2\/posts\/1153\/revisions"}],"predecessor-version":[{"id":1155,"href":"https:\/\/noti-america.com\/site\/panama\/wp-json\/wp\/v2\/posts\/1153\/revisions\/1155"}],"wp:featuredmedia":[{"embeddable":true,"href":"https:\/\/noti-america.com\/site\/panama\/wp-json\/wp\/v2\/media\/1154"}],"wp:attachment":[{"href":"https:\/\/noti-america.com\/site\/panama\/wp-json\/wp\/v2\/media?parent=1153"}],"wp:term":[{"taxonomy":"category","embeddable":true,"href":"https:\/\/noti-america.com\/site\/panama\/wp-json\/wp\/v2\/categories?post=1153"},{"taxonomy":"post_tag","embeddable":true,"href":"https:\/\/noti-america.com\/site\/panama\/wp-json\/wp\/v2\/tags?post=1153"}],"curies":[{"name":"wp","href":"https:\/\/api.w.org\/{rel}","templated":true}]}}