{"id":1105,"date":"2018-02-09T21:51:20","date_gmt":"2018-02-09T21:51:20","guid":{"rendered":"http:\/\/noti-america.com\/site\/panama\/?p=1105"},"modified":"2018-02-09T21:51:20","modified_gmt":"2018-02-09T21:51:20","slug":"panama-introduce-sus-sandias-a-holanda","status":"publish","type":"post","link":"https:\/\/noti-america.com\/site\/panama\/2018\/02\/09\/panama-introduce-sus-sandias-a-holanda\/","title":{"rendered":"Panam\u00e1 introduce sus sand\u00edas a Holanda."},"content":{"rendered":"<p><strong>REDACCI\u00d3N NOTI-AM\u00c9RICA (PANAM\u00c1).-<\/strong> <em><strong>Panam\u00e1 y la compa\u00f1\u00eda \u201cFruit Logistic\u201d, de Holanda, cerraron un trato en el que se acuerda la venta y compra de sand\u00edas paname\u00f1as, para ser colocadas en el mercado holand\u00e9s, por lo que ya se concluy\u00f3 la primera transacci\u00f3n,\u00a0 con la compra\/venta de unos 20 contenedores.<\/strong><\/em><\/p>\n<p>Esta transacci\u00f3n fue concretada entre\u00a0la Asociaci\u00f3n de Productores de Sandia de Exportaci\u00f3n, paname\u00f1a,\u00a0 con la empresa holandesa C.H. Robinson, que se encargar\u00e1 de la comercializaci\u00f3n de la fruta en los Pa\u00edses Bajos, donde se tiene previsto la apertura de una Oficina de la Unidad de Agronegocios del Ministerio de Desarrollo Agropecuario (MIDA), inform\u00f3 la oficina de prensa de la instituci\u00f3n.<\/p>\n<p>ISe inform\u00f3 tambi\u00e9n que unas 10 empresas europeas tienen inter\u00e9s en los productos paname\u00f1os, que se exponen en la feria de agroexportaci\u00f3n m\u00e1s importante de Aemania.<\/p>\n<p>Este acercamiento que han tenido los productores paname\u00f1os con empresarios de pa\u00edses como Alemania, Holanda, Italia y Ucrania, supone el inicio de un camino que buscar\u00e1 entrablar acuerdos para que en un futuro m\u00e1s productos cultivados en nuestro pa\u00eds, se comercialicen en el viejo continente bajo la marca pa\u00eds Panam\u00e1 Exporta.<\/p>\n<p>La delegaci\u00f3n paname\u00f1a se mostr\u00f3 optimista luego que intercambiaron experiencias con empresarios que manejan el sector hortofrut\u00edcola de Europa. Por ejemplo, una de las empresas que mostr\u00f3 un mayor inter\u00e9s por comercializar los productos paname\u00f1os fue Metro, una de las cadenas de supermercados m\u00e1s importante de Alemania.<\/p>\n<p>El ministro de Desarrollo Agropecuario, Eduardo Enrique Carles, quien se encuentra junto a los productores, reiter\u00f3 su compromiso para se logren concretar acuerdos para que m\u00e1s pa\u00edses del mundo consuman lo que Panam\u00e1 produce y se reuni\u00f3 con el Secretario del Estado de Alimentaci\u00f3n y Agricultura alem\u00e1n, Hernan Onko Aeikens, con quien trat\u00f3 diversos temas referentes al desarrollo y potencializaci\u00f3n de la agroexportaci\u00f3n de Panam\u00e1 y que los productos nacionales tengan mayor presencia en Alemania y el resto de Europa.<\/p>\n<p>Las empresas paname\u00f1as que participan en la feria de Berl\u00edn son Verba Odrec, ASECU, COBANA, Pana Fruit, Market International, Tropical Fruit, Simply Natural Harvest, FASPA, Productores de Pi\u00f1a de Zanguenga y Primero Cuarenta Group.<\/p>\n","protected":false},"excerpt":{"rendered":"<p>REDACCI\u00d3N NOTI-AM\u00c9RICA (PANAM\u00c1).- Panam\u00e1 y la compa\u00f1\u00eda \u201cFruit Logistic\u201d, de Holanda, cerraron un trato en el que se acuerda la venta y compra de sand\u00edas paname\u00f1as, para ser colocadas en el mercado holand\u00e9s, por&#46;&#46;&#46;<\/p>\n","protected":false},"author":19,"featured_media":1106,"comment_status":"open","ping_status":"open","sticky":false,"template":"","format":"standard","meta":{"footnotes":""},"categories":[5],"tags":[190,381,75,382,379,30,383,380],"class_list":["post-1105","post","type-post","status-publish","format-standard","has-post-thumbnail","hentry","category-economia","tag-acuerdos","tag-comercializacion","tag-economia","tag-frutas","tag-holanda","tag-panama","tag-sandia","tag-venta"],"_links":{"self":[{"href":"https:\/\/noti-america.com\/site\/panama\/wp-json\/wp\/v2\/posts\/1105","targetHints":{"allow":["GET"]}}],"collection":[{"href":"https:\/\/noti-america.com\/site\/panama\/wp-json\/wp\/v2\/posts"}],"about":[{"href":"https:\/\/noti-america.com\/site\/panama\/wp-json\/wp\/v2\/types\/post"}],"author":[{"embeddable":true,"href":"https:\/\/noti-america.com\/site\/panama\/wp-json\/wp\/v2\/users\/19"}],"replies":[{"embeddable":true,"href":"https:\/\/noti-america.com\/site\/panama\/wp-json\/wp\/v2\/comments?post=1105"}],"version-history":[{"count":1,"href":"https:\/\/noti-america.com\/site\/panama\/wp-json\/wp\/v2\/posts\/1105\/revisions"}],"predecessor-version":[{"id":1107,"href":"https:\/\/noti-america.com\/site\/panama\/wp-json\/wp\/v2\/posts\/1105\/revisions\/1107"}],"wp:featuredmedia":[{"embeddable":true,"href":"https:\/\/noti-america.com\/site\/panama\/wp-json\/wp\/v2\/media\/1106"}],"wp:attachment":[{"href":"https:\/\/noti-america.com\/site\/panama\/wp-json\/wp\/v2\/media?parent=1105"}],"wp:term":[{"taxonomy":"category","embeddable":true,"href":"https:\/\/noti-america.com\/site\/panama\/wp-json\/wp\/v2\/categories?post=1105"},{"taxonomy":"post_tag","embeddable":true,"href":"https:\/\/noti-america.com\/site\/panama\/wp-json\/wp\/v2\/tags?post=1105"}],"curies":[{"name":"wp","href":"https:\/\/api.w.org\/{rel}","templated":true}]}}