{"id":9945,"date":"2023-11-08T14:26:03","date_gmt":"2023-11-08T14:26:03","guid":{"rendered":"https:\/\/noti-america.com\/site\/mexico\/?p=9945"},"modified":"2023-11-08T14:26:03","modified_gmt":"2023-11-08T14:26:03","slug":"aumentan-a-48-los-fallecidos-por-huracan-otis-en-mexico","status":"publish","type":"post","link":"https:\/\/noti-america.com\/site\/mexico\/2023\/11\/08\/aumentan-a-48-los-fallecidos-por-huracan-otis-en-mexico\/","title":{"rendered":"Aumentan a 48 los fallecidos por hurac\u00e1n Otis en M\u00e9xico"},"content":{"rendered":"<p>NOTI-AMERICA.COM | M\u00c9XICO \u2013 La Coordinaci\u00f3n Nacional de Protecci\u00f3n Civil (CNPC) de M\u00e9xico, inform\u00f3 el lunes que la cifra de muertes y desapariciones se elevaron a 48, respectivamente, a causa del impacto del hurac\u00e1n Otis que devast\u00f3 el estado de Guerrero el pasado 25 de octubre.<\/p>\n<p>A 15\u00a0d\u00edas del paso del meteoro, que tom\u00f3 tierra en el balneario de Acapulco como hurac\u00e1n categor\u00eda 5 y se erigi\u00f3 como el fen\u00f3meno hidrometeorol\u00f3gico m\u00e1s fuerte en la historia climatol\u00f3gica del pa\u00eds norteamericano, se contin\u00faa en la b\u00fasqueda de personas desparecidas, as\u00ed como el recuento de da\u00f1os materiales.<\/p>\n<p>El texto divulgado por el CNPC registr\u00f3 un deceso m\u00e1s que la cantidad ofrecida por el presidente de M\u00e9xico, Andr\u00e9s Manuel L\u00f3pez Obrador, en su habitual conferencia matutina de esta jornada.<\/p>\n<p>Seg\u00fan el mandatario, hab\u00eda 47 fallecidos y 53 personas extraviadas, pero el reporte de la CNPC fij\u00f3 tanto los decesos como los desaparecidos en 48 personas.<\/p>\n<p>L\u00f3pez Obrador asegur\u00f3 el lunes que el presupuesto para la recuperaci\u00f3n de la zona portuaria de Acapulco es \u201csuficiente\u201d y \u201cno hay l\u00edmite para lo que se necesite para reconstruir actividad econ\u00f3mica, tur\u00edstica del balneario, atendiendo a todos, con preferencia a la gente m\u00e1s pobre, m\u00e1s necesitada, que es lo que estamos haciendo\u201d, apunt\u00f3.<\/p>\n<p>El Gobierno mexicano estim\u00f3 la semana pasada en 61.313 millones de pesos (m\u00e1s de\u00a03.490\u00a0millones de d\u00f3lares) el costo por concepto de reparaciones y apoyos gubernamentales a los damnificados. Sin embargo, las c\u00e1maras empresariales previeron dos a\u00f1os y hasta 300.000 millones de pesos ( 17.09\u00a0millones de d\u00f3lares) para la reconstrucci\u00f3n de Acapulco.<\/p>\n","protected":false},"excerpt":{"rendered":"<p>NOTI-AMERICA.COM | M\u00c9XICO \u2013 La Coordinaci\u00f3n Nacional de Protecci\u00f3n Civil (CNPC) de M\u00e9xico, inform\u00f3 el lunes que la cifra de muertes y desapariciones se elevaron a 48, respectivamente, a causa del impacto del hurac\u00e1n&#46;&#46;&#46;<\/p>\n","protected":false},"author":133,"featured_media":9946,"comment_status":"open","ping_status":"open","sticky":false,"template":"","format":"image","meta":{"_acf_changed":false,"om_disable_all_campaigns":false,"rop_custom_images_group":[],"rop_custom_messages_group":[],"rop_publish_now":"initial","rop_publish_now_accounts":{"twitter_242054905_242054905":""},"rop_publish_now_history":[],"rop_publish_now_status":"pending","_uf_show_specific_survey":0,"_uf_disable_surveys":false,"footnotes":""},"categories":[935],"tags":[],"class_list":["post-9945","post","type-post","status-publish","format-image","has-post-thumbnail","hentry","category-nacionales","post_format-post-format-image"],"acf":[],"aioseo_notices":[],"yoast_head":"<!-- This site is optimized with the Yoast SEO Premium plugin v24.9 (Yoast SEO v27.2) - https:\/\/yoast.com\/product\/yoast-seo-premium-wordpress\/ -->\n<title>Aumentan a 48 los fallecidos por hurac\u00e1n Otis en M\u00e9xico - M\u00e9xico<\/title>\n<meta name=\"robots\" content=\"index, follow, max-snippet:-1, max-image-preview:large, max-video-preview:-1\" \/>\n<link rel=\"canonical\" href=\"https:\/\/noti-america.com\/site\/mexico\/2023\/11\/08\/aumentan-a-48-los-fallecidos-por-huracan-otis-en-mexico\/\" \/>\n<meta property=\"og:locale\" content=\"es_ES\" \/>\n<meta property=\"og:type\" content=\"article\" \/>\n<meta property=\"og:title\" content=\"Aumentan a 48 los fallecidos por hurac\u00e1n Otis en M\u00e9xico\" \/>\n<meta property=\"og:description\" content=\"NOTI-AMERICA.COM | M\u00c9XICO \u2013 La Coordinaci\u00f3n Nacional de Protecci\u00f3n Civil (CNPC) de M\u00e9xico, inform\u00f3 el lunes que la cifra de muertes y desapariciones se elevaron a 48, respectivamente, a causa del impacto del hurac\u00e1n&#046;&#046;&#046;\" \/>\n<meta property=\"og:url\" content=\"https:\/\/noti-america.com\/site\/mexico\/2023\/11\/08\/aumentan-a-48-los-fallecidos-por-huracan-otis-en-mexico\/\" \/>\n<meta property=\"og:site_name\" content=\"M\u00e9xico\" \/>\n<meta property=\"article:author\" content=\"Mar\u00eda Valentina Noguera\" \/>\n<meta property=\"article:published_time\" content=\"2023-11-08T14:26:03+00:00\" \/>\n<meta property=\"og:image\" content=\"https:\/\/noti-america.com\/site\/mexico\/wp-content\/uploads\/sites\/13\/2023\/11\/mxxico__otis.jpg_1718483347.jpg\" \/>\n\t<meta property=\"og:image:width\" content=\"600\" \/>\n\t<meta property=\"og:image:height\" content=\"338\" \/>\n\t<meta property=\"og:image:type\" content=\"image\/jpeg\" \/>\n<meta name=\"author\" content=\"Maria Valentina Noguera Medina\" \/>\n<meta name=\"twitter:card\" content=\"summary_large_image\" \/>\n<meta name=\"twitter:label1\" content=\"Escrito por\" \/>\n\t<meta name=\"twitter:data1\" content=\"Maria Valentina Noguera Medina\" \/>\n\t<meta name=\"twitter:label2\" content=\"Tiempo estimado de lectura\" \/>\n\t<meta name=\"twitter:data2\" content=\"2 minutos\" \/>\n<script type=\"application\/ld+json\" class=\"yoast-schema-graph\">{\"@context\":\"https:\/\/schema.org\",\"@graph\":[{\"@type\":\"Article\",\"@id\":\"https:\/\/noti-america.com\/site\/mexico\/2023\/11\/08\/aumentan-a-48-los-fallecidos-por-huracan-otis-en-mexico\/#article\",\"isPartOf\":{\"@id\":\"https:\/\/noti-america.com\/site\/mexico\/2023\/11\/08\/aumentan-a-48-los-fallecidos-por-huracan-otis-en-mexico\/\"},\"author\":{\"name\":\"Maria Valentina Noguera Medina\",\"@id\":\"https:\/\/noti-america.com\/site\/mexico\/#\/schema\/person\/22806efcc2cfc4b45efb0e17be210ea8\"},\"headline\":\"Aumentan a 48 los fallecidos por hurac\u00e1n Otis en M\u00e9xico\",\"datePublished\":\"2023-11-08T14:26:03+00:00\",\"mainEntityOfPage\":{\"@id\":\"https:\/\/noti-america.com\/site\/mexico\/2023\/11\/08\/aumentan-a-48-los-fallecidos-por-huracan-otis-en-mexico\/\"},\"wordCount\":294,\"commentCount\":0,\"publisher\":{\"@id\":\"https:\/\/noti-america.com\/site\/mexico\/#organization\"},\"image\":{\"@id\":\"https:\/\/noti-america.com\/site\/mexico\/2023\/11\/08\/aumentan-a-48-los-fallecidos-por-huracan-otis-en-mexico\/#primaryimage\"},\"thumbnailUrl\":\"https:\/\/noti-america.com\/site\/mexico\/wp-content\/uploads\/sites\/13\/2023\/11\/mxxico__otis.jpg_1718483347.jpg\",\"articleSection\":[\"Nacionales\"],\"inLanguage\":\"es\",\"potentialAction\":[{\"@type\":\"CommentAction\",\"name\":\"Comment\",\"target\":[\"https:\/\/noti-america.com\/site\/mexico\/2023\/11\/08\/aumentan-a-48-los-fallecidos-por-huracan-otis-en-mexico\/#respond\"]}]},{\"@type\":\"WebPage\",\"@id\":\"https:\/\/noti-america.com\/site\/mexico\/2023\/11\/08\/aumentan-a-48-los-fallecidos-por-huracan-otis-en-mexico\/\",\"url\":\"https:\/\/noti-america.com\/site\/mexico\/2023\/11\/08\/aumentan-a-48-los-fallecidos-por-huracan-otis-en-mexico\/\",\"name\":\"Aumentan a 48 los fallecidos por hurac\u00e1n Otis en M\u00e9xico - M\u00e9xico\",\"isPartOf\":{\"@id\":\"https:\/\/noti-america.com\/site\/mexico\/#website\"},\"primaryImageOfPage\":{\"@id\":\"https:\/\/noti-america.com\/site\/mexico\/2023\/11\/08\/aumentan-a-48-los-fallecidos-por-huracan-otis-en-mexico\/#primaryimage\"},\"image\":{\"@id\":\"https:\/\/noti-america.com\/site\/mexico\/2023\/11\/08\/aumentan-a-48-los-fallecidos-por-huracan-otis-en-mexico\/#primaryimage\"},\"thumbnailUrl\":\"https:\/\/noti-america.com\/site\/mexico\/wp-content\/uploads\/sites\/13\/2023\/11\/mxxico__otis.jpg_1718483347.jpg\",\"datePublished\":\"2023-11-08T14:26:03+00:00\",\"breadcrumb\":{\"@id\":\"https:\/\/noti-america.com\/site\/mexico\/2023\/11\/08\/aumentan-a-48-los-fallecidos-por-huracan-otis-en-mexico\/#breadcrumb\"},\"inLanguage\":\"es\",\"potentialAction\":[{\"@type\":\"ReadAction\",\"target\":[\"https:\/\/noti-america.com\/site\/mexico\/2023\/11\/08\/aumentan-a-48-los-fallecidos-por-huracan-otis-en-mexico\/\"]}]},{\"@type\":\"ImageObject\",\"inLanguage\":\"es\",\"@id\":\"https:\/\/noti-america.com\/site\/mexico\/2023\/11\/08\/aumentan-a-48-los-fallecidos-por-huracan-otis-en-mexico\/#primaryimage\",\"url\":\"https:\/\/noti-america.com\/site\/mexico\/wp-content\/uploads\/sites\/13\/2023\/11\/mxxico__otis.jpg_1718483347.jpg\",\"contentUrl\":\"https:\/\/noti-america.com\/site\/mexico\/wp-content\/uploads\/sites\/13\/2023\/11\/mxxico__otis.jpg_1718483347.jpg\",\"width\":600,\"height\":338},{\"@type\":\"BreadcrumbList\",\"@id\":\"https:\/\/noti-america.com\/site\/mexico\/2023\/11\/08\/aumentan-a-48-los-fallecidos-por-huracan-otis-en-mexico\/#breadcrumb\",\"itemListElement\":[{\"@type\":\"ListItem\",\"position\":1,\"name\":\"Portada\",\"item\":\"https:\/\/noti-america.com\/site\/mexico\/\"},{\"@type\":\"ListItem\",\"position\":2,\"name\":\"Aumentan a 48 los fallecidos por hurac\u00e1n Otis en M\u00e9xico\"}]},{\"@type\":\"WebSite\",\"@id\":\"https:\/\/noti-america.com\/site\/mexico\/#website\",\"url\":\"https:\/\/noti-america.com\/site\/mexico\/\",\"name\":\"M\u00e9xico | Noti-America.com\",\"description\":\"\",\"publisher\":{\"@id\":\"https:\/\/noti-america.com\/site\/mexico\/#organization\"},\"potentialAction\":[{\"@type\":\"SearchAction\",\"target\":{\"@type\":\"EntryPoint\",\"urlTemplate\":\"https:\/\/noti-america.com\/site\/mexico\/?s={search_term_string}\"},\"query-input\":{\"@type\":\"PropertyValueSpecification\",\"valueRequired\":true,\"valueName\":\"search_term_string\"}}],\"inLanguage\":\"es\"},{\"@type\":\"Organization\",\"@id\":\"https:\/\/noti-america.com\/site\/mexico\/#organization\",\"name\":\"Noti-America LLC | M\u00e9xico\",\"url\":\"https:\/\/noti-america.com\/site\/mexico\/\",\"logo\":{\"@type\":\"ImageObject\",\"inLanguage\":\"es\",\"@id\":\"https:\/\/noti-america.com\/site\/mexico\/#\/schema\/logo\/image\/\",\"url\":\"https:\/\/noti-america.com\/site\/mexico\/wp-content\/uploads\/sites\/13\/2020\/07\/LogoNA-4x3-1.jpg\",\"contentUrl\":\"https:\/\/noti-america.com\/site\/mexico\/wp-content\/uploads\/sites\/13\/2020\/07\/LogoNA-4x3-1.jpg\",\"width\":1236,\"height\":1080,\"caption\":\"Noti-America LLC | M\u00e9xico\"},\"image\":{\"@id\":\"https:\/\/noti-america.com\/site\/mexico\/#\/schema\/logo\/image\/\"}},{\"@type\":\"Person\",\"@id\":\"https:\/\/noti-america.com\/site\/mexico\/#\/schema\/person\/22806efcc2cfc4b45efb0e17be210ea8\",\"name\":\"Maria Valentina Noguera Medina\",\"image\":{\"@type\":\"ImageObject\",\"inLanguage\":\"es\",\"@id\":\"https:\/\/secure.gravatar.com\/avatar\/4ec5eb9d099f2608a49c9df6f7341f66f04f819cdffa09d56a7a0e91d2819d56?s=96&d=mm&r=g\",\"url\":\"https:\/\/secure.gravatar.com\/avatar\/4ec5eb9d099f2608a49c9df6f7341f66f04f819cdffa09d56a7a0e91d2819d56?s=96&d=mm&r=g\",\"contentUrl\":\"https:\/\/secure.gravatar.com\/avatar\/4ec5eb9d099f2608a49c9df6f7341f66f04f819cdffa09d56a7a0e91d2819d56?s=96&d=mm&r=g\",\"caption\":\"Maria Valentina Noguera Medina\"},\"description\":\"Periodista - noti-america - Promar Community Manager - Talento Plus Dise\u00f1adora\/ creadora de contenido...\",\"sameAs\":[\"Mar\u00eda Valentina Noguera\",\"https:\/\/www.facebook.com\/mariavalentina.noguera\",\"https:\/\/www.linkedin.com\/in\/mara-valentina-noguera-medina-373075165\/\",\"https:\/\/www.pinterest.es\/valentinanoguera95\/\",\"https:\/\/www.youtube.com\/channel\/UCdek6mbUZ-Tqqw0I63i4nmQ\"],\"url\":\"https:\/\/noti-america.com\/site\/mexico\/author\/mnoguera\/\"}]}<\/script>\n<!-- \/ Yoast SEO Premium plugin. -->","yoast_head_json":{"title":"Aumentan a 48 los fallecidos por hurac\u00e1n Otis en M\u00e9xico - M\u00e9xico","robots":{"index":"index","follow":"follow","max-snippet":"max-snippet:-1","max-image-preview":"max-image-preview:large","max-video-preview":"max-video-preview:-1"},"canonical":"https:\/\/noti-america.com\/site\/mexico\/2023\/11\/08\/aumentan-a-48-los-fallecidos-por-huracan-otis-en-mexico\/","og_locale":"es_ES","og_type":"article","og_title":"Aumentan a 48 los fallecidos por hurac\u00e1n Otis en M\u00e9xico","og_description":"NOTI-AMERICA.COM | M\u00c9XICO \u2013 La Coordinaci\u00f3n Nacional de Protecci\u00f3n Civil (CNPC) de M\u00e9xico, inform\u00f3 el lunes que la cifra de muertes y desapariciones se elevaron a 48, respectivamente, a causa del impacto del hurac\u00e1n&#46;&#46;&#46;","og_url":"https:\/\/noti-america.com\/site\/mexico\/2023\/11\/08\/aumentan-a-48-los-fallecidos-por-huracan-otis-en-mexico\/","og_site_name":"M\u00e9xico","article_author":"Mar\u00eda Valentina Noguera","article_published_time":"2023-11-08T14:26:03+00:00","og_image":[{"width":600,"height":338,"url":"https:\/\/noti-america.com\/site\/mexico\/wp-content\/uploads\/sites\/13\/2023\/11\/mxxico__otis.jpg_1718483347.jpg","type":"image\/jpeg"}],"author":"Maria Valentina Noguera Medina","twitter_card":"summary_large_image","twitter_misc":{"Escrito por":"Maria Valentina Noguera Medina","Tiempo estimado de lectura":"2 minutos"},"schema":{"@context":"https:\/\/schema.org","@graph":[{"@type":"Article","@id":"https:\/\/noti-america.com\/site\/mexico\/2023\/11\/08\/aumentan-a-48-los-fallecidos-por-huracan-otis-en-mexico\/#article","isPartOf":{"@id":"https:\/\/noti-america.com\/site\/mexico\/2023\/11\/08\/aumentan-a-48-los-fallecidos-por-huracan-otis-en-mexico\/"},"author":{"name":"Maria Valentina Noguera Medina","@id":"https:\/\/noti-america.com\/site\/mexico\/#\/schema\/person\/22806efcc2cfc4b45efb0e17be210ea8"},"headline":"Aumentan a 48 los fallecidos por hurac\u00e1n Otis en M\u00e9xico","datePublished":"2023-11-08T14:26:03+00:00","mainEntityOfPage":{"@id":"https:\/\/noti-america.com\/site\/mexico\/2023\/11\/08\/aumentan-a-48-los-fallecidos-por-huracan-otis-en-mexico\/"},"wordCount":294,"commentCount":0,"publisher":{"@id":"https:\/\/noti-america.com\/site\/mexico\/#organization"},"image":{"@id":"https:\/\/noti-america.com\/site\/mexico\/2023\/11\/08\/aumentan-a-48-los-fallecidos-por-huracan-otis-en-mexico\/#primaryimage"},"thumbnailUrl":"https:\/\/noti-america.com\/site\/mexico\/wp-content\/uploads\/sites\/13\/2023\/11\/mxxico__otis.jpg_1718483347.jpg","articleSection":["Nacionales"],"inLanguage":"es","potentialAction":[{"@type":"CommentAction","name":"Comment","target":["https:\/\/noti-america.com\/site\/mexico\/2023\/11\/08\/aumentan-a-48-los-fallecidos-por-huracan-otis-en-mexico\/#respond"]}]},{"@type":"WebPage","@id":"https:\/\/noti-america.com\/site\/mexico\/2023\/11\/08\/aumentan-a-48-los-fallecidos-por-huracan-otis-en-mexico\/","url":"https:\/\/noti-america.com\/site\/mexico\/2023\/11\/08\/aumentan-a-48-los-fallecidos-por-huracan-otis-en-mexico\/","name":"Aumentan a 48 los fallecidos por hurac\u00e1n Otis en M\u00e9xico - M\u00e9xico","isPartOf":{"@id":"https:\/\/noti-america.com\/site\/mexico\/#website"},"primaryImageOfPage":{"@id":"https:\/\/noti-america.com\/site\/mexico\/2023\/11\/08\/aumentan-a-48-los-fallecidos-por-huracan-otis-en-mexico\/#primaryimage"},"image":{"@id":"https:\/\/noti-america.com\/site\/mexico\/2023\/11\/08\/aumentan-a-48-los-fallecidos-por-huracan-otis-en-mexico\/#primaryimage"},"thumbnailUrl":"https:\/\/noti-america.com\/site\/mexico\/wp-content\/uploads\/sites\/13\/2023\/11\/mxxico__otis.jpg_1718483347.jpg","datePublished":"2023-11-08T14:26:03+00:00","breadcrumb":{"@id":"https:\/\/noti-america.com\/site\/mexico\/2023\/11\/08\/aumentan-a-48-los-fallecidos-por-huracan-otis-en-mexico\/#breadcrumb"},"inLanguage":"es","potentialAction":[{"@type":"ReadAction","target":["https:\/\/noti-america.com\/site\/mexico\/2023\/11\/08\/aumentan-a-48-los-fallecidos-por-huracan-otis-en-mexico\/"]}]},{"@type":"ImageObject","inLanguage":"es","@id":"https:\/\/noti-america.com\/site\/mexico\/2023\/11\/08\/aumentan-a-48-los-fallecidos-por-huracan-otis-en-mexico\/#primaryimage","url":"https:\/\/noti-america.com\/site\/mexico\/wp-content\/uploads\/sites\/13\/2023\/11\/mxxico__otis.jpg_1718483347.jpg","contentUrl":"https:\/\/noti-america.com\/site\/mexico\/wp-content\/uploads\/sites\/13\/2023\/11\/mxxico__otis.jpg_1718483347.jpg","width":600,"height":338},{"@type":"BreadcrumbList","@id":"https:\/\/noti-america.com\/site\/mexico\/2023\/11\/08\/aumentan-a-48-los-fallecidos-por-huracan-otis-en-mexico\/#breadcrumb","itemListElement":[{"@type":"ListItem","position":1,"name":"Portada","item":"https:\/\/noti-america.com\/site\/mexico\/"},{"@type":"ListItem","position":2,"name":"Aumentan a 48 los fallecidos por hurac\u00e1n Otis en M\u00e9xico"}]},{"@type":"WebSite","@id":"https:\/\/noti-america.com\/site\/mexico\/#website","url":"https:\/\/noti-america.com\/site\/mexico\/","name":"M\u00e9xico | Noti-America.com","description":"","publisher":{"@id":"https:\/\/noti-america.com\/site\/mexico\/#organization"},"potentialAction":[{"@type":"SearchAction","target":{"@type":"EntryPoint","urlTemplate":"https:\/\/noti-america.com\/site\/mexico\/?s={search_term_string}"},"query-input":{"@type":"PropertyValueSpecification","valueRequired":true,"valueName":"search_term_string"}}],"inLanguage":"es"},{"@type":"Organization","@id":"https:\/\/noti-america.com\/site\/mexico\/#organization","name":"Noti-America LLC | M\u00e9xico","url":"https:\/\/noti-america.com\/site\/mexico\/","logo":{"@type":"ImageObject","inLanguage":"es","@id":"https:\/\/noti-america.com\/site\/mexico\/#\/schema\/logo\/image\/","url":"https:\/\/noti-america.com\/site\/mexico\/wp-content\/uploads\/sites\/13\/2020\/07\/LogoNA-4x3-1.jpg","contentUrl":"https:\/\/noti-america.com\/site\/mexico\/wp-content\/uploads\/sites\/13\/2020\/07\/LogoNA-4x3-1.jpg","width":1236,"height":1080,"caption":"Noti-America LLC | M\u00e9xico"},"image":{"@id":"https:\/\/noti-america.com\/site\/mexico\/#\/schema\/logo\/image\/"}},{"@type":"Person","@id":"https:\/\/noti-america.com\/site\/mexico\/#\/schema\/person\/22806efcc2cfc4b45efb0e17be210ea8","name":"Maria Valentina Noguera Medina","image":{"@type":"ImageObject","inLanguage":"es","@id":"https:\/\/secure.gravatar.com\/avatar\/4ec5eb9d099f2608a49c9df6f7341f66f04f819cdffa09d56a7a0e91d2819d56?s=96&d=mm&r=g","url":"https:\/\/secure.gravatar.com\/avatar\/4ec5eb9d099f2608a49c9df6f7341f66f04f819cdffa09d56a7a0e91d2819d56?s=96&d=mm&r=g","contentUrl":"https:\/\/secure.gravatar.com\/avatar\/4ec5eb9d099f2608a49c9df6f7341f66f04f819cdffa09d56a7a0e91d2819d56?s=96&d=mm&r=g","caption":"Maria Valentina Noguera Medina"},"description":"Periodista - noti-america - Promar Community Manager - Talento Plus Dise\u00f1adora\/ creadora de contenido...","sameAs":["Mar\u00eda Valentina Noguera","https:\/\/www.facebook.com\/mariavalentina.noguera","https:\/\/www.linkedin.com\/in\/mara-valentina-noguera-medina-373075165\/","https:\/\/www.pinterest.es\/valentinanoguera95\/","https:\/\/www.youtube.com\/channel\/UCdek6mbUZ-Tqqw0I63i4nmQ"],"url":"https:\/\/noti-america.com\/site\/mexico\/author\/mnoguera\/"}]}},"_links":{"self":[{"href":"https:\/\/noti-america.com\/site\/mexico\/wp-json\/wp\/v2\/posts\/9945","targetHints":{"allow":["GET"]}}],"collection":[{"href":"https:\/\/noti-america.com\/site\/mexico\/wp-json\/wp\/v2\/posts"}],"about":[{"href":"https:\/\/noti-america.com\/site\/mexico\/wp-json\/wp\/v2\/types\/post"}],"author":[{"embeddable":true,"href":"https:\/\/noti-america.com\/site\/mexico\/wp-json\/wp\/v2\/users\/133"}],"replies":[{"embeddable":true,"href":"https:\/\/noti-america.com\/site\/mexico\/wp-json\/wp\/v2\/comments?post=9945"}],"version-history":[{"count":1,"href":"https:\/\/noti-america.com\/site\/mexico\/wp-json\/wp\/v2\/posts\/9945\/revisions"}],"predecessor-version":[{"id":9947,"href":"https:\/\/noti-america.com\/site\/mexico\/wp-json\/wp\/v2\/posts\/9945\/revisions\/9947"}],"wp:featuredmedia":[{"embeddable":true,"href":"https:\/\/noti-america.com\/site\/mexico\/wp-json\/wp\/v2\/media\/9946"}],"wp:attachment":[{"href":"https:\/\/noti-america.com\/site\/mexico\/wp-json\/wp\/v2\/media?parent=9945"}],"wp:term":[{"taxonomy":"category","embeddable":true,"href":"https:\/\/noti-america.com\/site\/mexico\/wp-json\/wp\/v2\/categories?post=9945"},{"taxonomy":"post_tag","embeddable":true,"href":"https:\/\/noti-america.com\/site\/mexico\/wp-json\/wp\/v2\/tags?post=9945"}],"curies":[{"name":"wp","href":"https:\/\/api.w.org\/{rel}","templated":true}]}}