{"id":9716,"date":"2023-09-18T15:29:04","date_gmt":"2023-09-18T15:29:04","guid":{"rendered":"https:\/\/noti-america.com\/site\/mexico\/?p=9716"},"modified":"2023-09-18T15:29:04","modified_gmt":"2023-09-18T15:29:04","slug":"mexico-vigilante-ante-cierre-temporal-de-paso-de-mercancias-en-puente-con-eeuu","status":"publish","type":"post","link":"https:\/\/noti-america.com\/site\/mexico\/2023\/09\/18\/mexico-vigilante-ante-cierre-temporal-de-paso-de-mercancias-en-puente-con-eeuu\/","title":{"rendered":"M\u00e9xico vigilante ante cierre temporal de paso de mercanc\u00edas en puente con EEUU"},"content":{"rendered":"<p>NOTI-AMERICA.COM | M\u00c9XICO \u2013 M\u00e9xico anunci\u00f3 el domingo que estar\u00e1 vigilante ante el cierre temporal del paso de veh\u00edculos de carga en el puente de las Am\u00e9ricas, que comunica las localidades fronterizas de Ciudad Ju\u00e1rez con El Paso, Texas, que acord\u00f3 Estados Unidos ante el aumento del arribo de migrantes a esa regi\u00f3n.<\/p>\n<p>La medida, que entrar\u00e1 en vigor a partir del 18 de septiembre, ha generado preocupaci\u00f3n entre las autoridades del estado norte\u00f1o de Chihuahua que han advertido que la suspensi\u00f3n del paso de mercanc\u00edas en ese puente internacional tendr\u00e1 un alto impacto econ\u00f3mico.<\/p>\n<p>La Secretar\u00eda de Relaciones Exteriores de M\u00e9xico dijo en un comunicado que permanecer\u00e1 atenta por la medida unilateral de Estados Unidos, que se prev\u00e9 que se extender\u00e1 entre dos a tres d\u00edas.<\/p>\n<p>La Oficina de Aduanas y Protecci\u00f3n Fronteriza de Estados Unidos (CBP, por sus siglas en ingl\u00e9s) inform\u00f3 el viernes que cerrar\u00eda de manera temporal el procesamiento de carga en el puente de las Am\u00e9ricas para reasignar oficiales en apoyo de la Patrulla Fronteriza para las labores de procesamiento de migrantes. La agencia estadounidense indic\u00f3 que mantendr\u00eda el cruce comercial de mercanc\u00edas en los puertos de Guadalupe-Tornillo, San Jer\u00f3nimo-Santa Teresa y Zaragoza-Ysleta.<\/p>\n<p>Estados Unidos enfrenta una intensa presi\u00f3n por el creciente flujo de migrantes que ha tratado de contener con medidas m\u00e1s punitivas para quienes entren ilegalmente.<\/p>\n<p>Entre junio y julio hubo un incremento de 33% en las detenciones de migrantes en la frontera sur de Estados Unidos, de acuerdo con datos de CBP. Los agentes de la Patrulla Fronteriza se encontraron en julio con 132.652 personas en los pasos de entrada, superando considerablemente el registro del mes previo que fue de 99.545, pero a\u00fan se mantiene por debajo de las cifras de julio del 2022 cuando se detuvieron 181.834 personas.<\/p>\n<p>Mientras la canciller\u00eda mexicana se manej\u00f3 con cautela ante la decisi\u00f3n de Estados Unidos, la gobernadora opositora de Chihuahua, Maru Campos, fue m\u00e1s frontal y exigi\u00f3 al gobierno de Andr\u00e9s Manuel L\u00f3pez Obrador apoyar a las autoridades estadounidenses en el procesamiento de los migrantes para evitar la saturaci\u00f3n en la frontera.<\/p>\n<p>Campos dijo el s\u00e1bado que el cierre temporal del paso de mercanc\u00edas en el puente de las Am\u00e9ricas generar\u00e1 un fuerte impacto econ\u00f3mico debido a que por all\u00ed transitan diariamente m\u00e1s de 600 tr\u00e1ileres con destino hacia Estados Unidos.<\/p>\n","protected":false},"excerpt":{"rendered":"<p>NOTI-AMERICA.COM | M\u00c9XICO \u2013 M\u00e9xico anunci\u00f3 el domingo que estar\u00e1 vigilante ante el cierre temporal del paso de veh\u00edculos de carga en el puente de las Am\u00e9ricas, que comunica las localidades fronterizas de Ciudad&#46;&#46;&#46;<\/p>\n","protected":false},"author":133,"featured_media":9717,"comment_status":"open","ping_status":"open","sticky":false,"template":"","format":"image","meta":{"_acf_changed":false,"om_disable_all_campaigns":false,"rop_custom_images_group":[],"rop_custom_messages_group":[],"rop_publish_now":"initial","rop_publish_now_accounts":{"twitter_242054905_242054905":""},"rop_publish_now_history":[],"rop_publish_now_status":"pending","_uf_show_specific_survey":0,"_uf_disable_surveys":false,"footnotes":""},"categories":[722],"tags":[],"class_list":["post-9716","post","type-post","status-publish","format-image","has-post-thumbnail","hentry","category-actualidad","post_format-post-format-image"],"acf":[],"aioseo_notices":[],"yoast_head":"<!-- This site is optimized with the Yoast SEO Premium plugin v24.9 (Yoast SEO v27.2) - https:\/\/yoast.com\/product\/yoast-seo-premium-wordpress\/ -->\n<title>M\u00e9xico vigilante ante cierre temporal de paso de mercanc\u00edas en puente con EEUU - M\u00e9xico<\/title>\n<meta name=\"robots\" content=\"index, follow, max-snippet:-1, max-image-preview:large, max-video-preview:-1\" \/>\n<link rel=\"canonical\" href=\"https:\/\/noti-america.com\/site\/mexico\/2023\/09\/18\/mexico-vigilante-ante-cierre-temporal-de-paso-de-mercancias-en-puente-con-eeuu\/\" \/>\n<meta property=\"og:locale\" content=\"es_ES\" \/>\n<meta property=\"og:type\" content=\"article\" \/>\n<meta property=\"og:title\" content=\"M\u00e9xico vigilante ante cierre temporal de paso de mercanc\u00edas en puente con EEUU\" \/>\n<meta property=\"og:description\" content=\"NOTI-AMERICA.COM | M\u00c9XICO \u2013 M\u00e9xico anunci\u00f3 el domingo que estar\u00e1 vigilante ante el cierre temporal del paso de veh\u00edculos de carga en el puente de las Am\u00e9ricas, que comunica las localidades fronterizas de Ciudad&#046;&#046;&#046;\" \/>\n<meta property=\"og:url\" content=\"https:\/\/noti-america.com\/site\/mexico\/2023\/09\/18\/mexico-vigilante-ante-cierre-temporal-de-paso-de-mercancias-en-puente-con-eeuu\/\" \/>\n<meta property=\"og:site_name\" content=\"M\u00e9xico\" \/>\n<meta property=\"article:author\" content=\"Mar\u00eda Valentina Noguera\" \/>\n<meta property=\"article:published_time\" content=\"2023-09-18T15:29:04+00:00\" \/>\n<meta property=\"og:image\" content=\"https:\/\/noti-america.com\/site\/mexico\/wp-content\/uploads\/sites\/13\/2023\/09\/mexico-1024x683-1.jpg\" \/>\n\t<meta property=\"og:image:width\" content=\"1024\" \/>\n\t<meta property=\"og:image:height\" content=\"683\" \/>\n\t<meta property=\"og:image:type\" content=\"image\/jpeg\" \/>\n<meta name=\"author\" content=\"Maria Valentina Noguera Medina\" \/>\n<meta name=\"twitter:card\" content=\"summary_large_image\" \/>\n<meta name=\"twitter:label1\" content=\"Escrito por\" \/>\n\t<meta name=\"twitter:data1\" content=\"Maria Valentina Noguera Medina\" \/>\n\t<meta name=\"twitter:label2\" content=\"Tiempo estimado de lectura\" \/>\n\t<meta name=\"twitter:data2\" content=\"2 minutos\" \/>\n<script type=\"application\/ld+json\" class=\"yoast-schema-graph\">{\"@context\":\"https:\/\/schema.org\",\"@graph\":[{\"@type\":\"Article\",\"@id\":\"https:\/\/noti-america.com\/site\/mexico\/2023\/09\/18\/mexico-vigilante-ante-cierre-temporal-de-paso-de-mercancias-en-puente-con-eeuu\/#article\",\"isPartOf\":{\"@id\":\"https:\/\/noti-america.com\/site\/mexico\/2023\/09\/18\/mexico-vigilante-ante-cierre-temporal-de-paso-de-mercancias-en-puente-con-eeuu\/\"},\"author\":{\"name\":\"Maria Valentina Noguera Medina\",\"@id\":\"https:\/\/noti-america.com\/site\/mexico\/#\/schema\/person\/22806efcc2cfc4b45efb0e17be210ea8\"},\"headline\":\"M\u00e9xico vigilante ante cierre temporal de paso de mercanc\u00edas en puente con EEUU\",\"datePublished\":\"2023-09-18T15:29:04+00:00\",\"mainEntityOfPage\":{\"@id\":\"https:\/\/noti-america.com\/site\/mexico\/2023\/09\/18\/mexico-vigilante-ante-cierre-temporal-de-paso-de-mercancias-en-puente-con-eeuu\/\"},\"wordCount\":430,\"commentCount\":0,\"publisher\":{\"@id\":\"https:\/\/noti-america.com\/site\/mexico\/#organization\"},\"image\":{\"@id\":\"https:\/\/noti-america.com\/site\/mexico\/2023\/09\/18\/mexico-vigilante-ante-cierre-temporal-de-paso-de-mercancias-en-puente-con-eeuu\/#primaryimage\"},\"thumbnailUrl\":\"https:\/\/noti-america.com\/site\/mexico\/wp-content\/uploads\/sites\/13\/2023\/09\/mexico-1024x683-1.jpg\",\"articleSection\":[\"Actualidad\"],\"inLanguage\":\"es\",\"potentialAction\":[{\"@type\":\"CommentAction\",\"name\":\"Comment\",\"target\":[\"https:\/\/noti-america.com\/site\/mexico\/2023\/09\/18\/mexico-vigilante-ante-cierre-temporal-de-paso-de-mercancias-en-puente-con-eeuu\/#respond\"]}]},{\"@type\":\"WebPage\",\"@id\":\"https:\/\/noti-america.com\/site\/mexico\/2023\/09\/18\/mexico-vigilante-ante-cierre-temporal-de-paso-de-mercancias-en-puente-con-eeuu\/\",\"url\":\"https:\/\/noti-america.com\/site\/mexico\/2023\/09\/18\/mexico-vigilante-ante-cierre-temporal-de-paso-de-mercancias-en-puente-con-eeuu\/\",\"name\":\"M\u00e9xico vigilante ante cierre temporal de paso de mercanc\u00edas en puente con EEUU - M\u00e9xico\",\"isPartOf\":{\"@id\":\"https:\/\/noti-america.com\/site\/mexico\/#website\"},\"primaryImageOfPage\":{\"@id\":\"https:\/\/noti-america.com\/site\/mexico\/2023\/09\/18\/mexico-vigilante-ante-cierre-temporal-de-paso-de-mercancias-en-puente-con-eeuu\/#primaryimage\"},\"image\":{\"@id\":\"https:\/\/noti-america.com\/site\/mexico\/2023\/09\/18\/mexico-vigilante-ante-cierre-temporal-de-paso-de-mercancias-en-puente-con-eeuu\/#primaryimage\"},\"thumbnailUrl\":\"https:\/\/noti-america.com\/site\/mexico\/wp-content\/uploads\/sites\/13\/2023\/09\/mexico-1024x683-1.jpg\",\"datePublished\":\"2023-09-18T15:29:04+00:00\",\"breadcrumb\":{\"@id\":\"https:\/\/noti-america.com\/site\/mexico\/2023\/09\/18\/mexico-vigilante-ante-cierre-temporal-de-paso-de-mercancias-en-puente-con-eeuu\/#breadcrumb\"},\"inLanguage\":\"es\",\"potentialAction\":[{\"@type\":\"ReadAction\",\"target\":[\"https:\/\/noti-america.com\/site\/mexico\/2023\/09\/18\/mexico-vigilante-ante-cierre-temporal-de-paso-de-mercancias-en-puente-con-eeuu\/\"]}]},{\"@type\":\"ImageObject\",\"inLanguage\":\"es\",\"@id\":\"https:\/\/noti-america.com\/site\/mexico\/2023\/09\/18\/mexico-vigilante-ante-cierre-temporal-de-paso-de-mercancias-en-puente-con-eeuu\/#primaryimage\",\"url\":\"https:\/\/noti-america.com\/site\/mexico\/wp-content\/uploads\/sites\/13\/2023\/09\/mexico-1024x683-1.jpg\",\"contentUrl\":\"https:\/\/noti-america.com\/site\/mexico\/wp-content\/uploads\/sites\/13\/2023\/09\/mexico-1024x683-1.jpg\",\"width\":1024,\"height\":683},{\"@type\":\"BreadcrumbList\",\"@id\":\"https:\/\/noti-america.com\/site\/mexico\/2023\/09\/18\/mexico-vigilante-ante-cierre-temporal-de-paso-de-mercancias-en-puente-con-eeuu\/#breadcrumb\",\"itemListElement\":[{\"@type\":\"ListItem\",\"position\":1,\"name\":\"Portada\",\"item\":\"https:\/\/noti-america.com\/site\/mexico\/\"},{\"@type\":\"ListItem\",\"position\":2,\"name\":\"M\u00e9xico vigilante ante cierre temporal de paso de mercanc\u00edas en puente con EEUU\"}]},{\"@type\":\"WebSite\",\"@id\":\"https:\/\/noti-america.com\/site\/mexico\/#website\",\"url\":\"https:\/\/noti-america.com\/site\/mexico\/\",\"name\":\"M\u00e9xico | Noti-America.com\",\"description\":\"\",\"publisher\":{\"@id\":\"https:\/\/noti-america.com\/site\/mexico\/#organization\"},\"potentialAction\":[{\"@type\":\"SearchAction\",\"target\":{\"@type\":\"EntryPoint\",\"urlTemplate\":\"https:\/\/noti-america.com\/site\/mexico\/?s={search_term_string}\"},\"query-input\":{\"@type\":\"PropertyValueSpecification\",\"valueRequired\":true,\"valueName\":\"search_term_string\"}}],\"inLanguage\":\"es\"},{\"@type\":\"Organization\",\"@id\":\"https:\/\/noti-america.com\/site\/mexico\/#organization\",\"name\":\"Noti-America LLC | M\u00e9xico\",\"url\":\"https:\/\/noti-america.com\/site\/mexico\/\",\"logo\":{\"@type\":\"ImageObject\",\"inLanguage\":\"es\",\"@id\":\"https:\/\/noti-america.com\/site\/mexico\/#\/schema\/logo\/image\/\",\"url\":\"https:\/\/noti-america.com\/site\/mexico\/wp-content\/uploads\/sites\/13\/2020\/07\/LogoNA-4x3-1.jpg\",\"contentUrl\":\"https:\/\/noti-america.com\/site\/mexico\/wp-content\/uploads\/sites\/13\/2020\/07\/LogoNA-4x3-1.jpg\",\"width\":1236,\"height\":1080,\"caption\":\"Noti-America LLC | M\u00e9xico\"},\"image\":{\"@id\":\"https:\/\/noti-america.com\/site\/mexico\/#\/schema\/logo\/image\/\"}},{\"@type\":\"Person\",\"@id\":\"https:\/\/noti-america.com\/site\/mexico\/#\/schema\/person\/22806efcc2cfc4b45efb0e17be210ea8\",\"name\":\"Maria Valentina Noguera Medina\",\"image\":{\"@type\":\"ImageObject\",\"inLanguage\":\"es\",\"@id\":\"https:\/\/secure.gravatar.com\/avatar\/4ec5eb9d099f2608a49c9df6f7341f66f04f819cdffa09d56a7a0e91d2819d56?s=96&d=mm&r=g\",\"url\":\"https:\/\/secure.gravatar.com\/avatar\/4ec5eb9d099f2608a49c9df6f7341f66f04f819cdffa09d56a7a0e91d2819d56?s=96&d=mm&r=g\",\"contentUrl\":\"https:\/\/secure.gravatar.com\/avatar\/4ec5eb9d099f2608a49c9df6f7341f66f04f819cdffa09d56a7a0e91d2819d56?s=96&d=mm&r=g\",\"caption\":\"Maria Valentina Noguera Medina\"},\"description\":\"Periodista - noti-america - Promar Community Manager - Talento Plus Dise\u00f1adora\/ creadora de contenido...\",\"sameAs\":[\"Mar\u00eda Valentina Noguera\",\"https:\/\/www.facebook.com\/mariavalentina.noguera\",\"https:\/\/www.linkedin.com\/in\/mara-valentina-noguera-medina-373075165\/\",\"https:\/\/www.pinterest.es\/valentinanoguera95\/\",\"https:\/\/www.youtube.com\/channel\/UCdek6mbUZ-Tqqw0I63i4nmQ\"],\"url\":\"https:\/\/noti-america.com\/site\/mexico\/author\/mnoguera\/\"}]}<\/script>\n<!-- \/ Yoast SEO Premium plugin. -->","yoast_head_json":{"title":"M\u00e9xico vigilante ante cierre temporal de paso de mercanc\u00edas en puente con EEUU - M\u00e9xico","robots":{"index":"index","follow":"follow","max-snippet":"max-snippet:-1","max-image-preview":"max-image-preview:large","max-video-preview":"max-video-preview:-1"},"canonical":"https:\/\/noti-america.com\/site\/mexico\/2023\/09\/18\/mexico-vigilante-ante-cierre-temporal-de-paso-de-mercancias-en-puente-con-eeuu\/","og_locale":"es_ES","og_type":"article","og_title":"M\u00e9xico vigilante ante cierre temporal de paso de mercanc\u00edas en puente con EEUU","og_description":"NOTI-AMERICA.COM | M\u00c9XICO \u2013 M\u00e9xico anunci\u00f3 el domingo que estar\u00e1 vigilante ante el cierre temporal del paso de veh\u00edculos de carga en el puente de las Am\u00e9ricas, que comunica las localidades fronterizas de Ciudad&#46;&#46;&#46;","og_url":"https:\/\/noti-america.com\/site\/mexico\/2023\/09\/18\/mexico-vigilante-ante-cierre-temporal-de-paso-de-mercancias-en-puente-con-eeuu\/","og_site_name":"M\u00e9xico","article_author":"Mar\u00eda Valentina Noguera","article_published_time":"2023-09-18T15:29:04+00:00","og_image":[{"width":1024,"height":683,"url":"https:\/\/noti-america.com\/site\/mexico\/wp-content\/uploads\/sites\/13\/2023\/09\/mexico-1024x683-1.jpg","type":"image\/jpeg"}],"author":"Maria Valentina Noguera Medina","twitter_card":"summary_large_image","twitter_misc":{"Escrito por":"Maria Valentina Noguera Medina","Tiempo estimado de lectura":"2 minutos"},"schema":{"@context":"https:\/\/schema.org","@graph":[{"@type":"Article","@id":"https:\/\/noti-america.com\/site\/mexico\/2023\/09\/18\/mexico-vigilante-ante-cierre-temporal-de-paso-de-mercancias-en-puente-con-eeuu\/#article","isPartOf":{"@id":"https:\/\/noti-america.com\/site\/mexico\/2023\/09\/18\/mexico-vigilante-ante-cierre-temporal-de-paso-de-mercancias-en-puente-con-eeuu\/"},"author":{"name":"Maria Valentina Noguera Medina","@id":"https:\/\/noti-america.com\/site\/mexico\/#\/schema\/person\/22806efcc2cfc4b45efb0e17be210ea8"},"headline":"M\u00e9xico vigilante ante cierre temporal de paso de mercanc\u00edas en puente con EEUU","datePublished":"2023-09-18T15:29:04+00:00","mainEntityOfPage":{"@id":"https:\/\/noti-america.com\/site\/mexico\/2023\/09\/18\/mexico-vigilante-ante-cierre-temporal-de-paso-de-mercancias-en-puente-con-eeuu\/"},"wordCount":430,"commentCount":0,"publisher":{"@id":"https:\/\/noti-america.com\/site\/mexico\/#organization"},"image":{"@id":"https:\/\/noti-america.com\/site\/mexico\/2023\/09\/18\/mexico-vigilante-ante-cierre-temporal-de-paso-de-mercancias-en-puente-con-eeuu\/#primaryimage"},"thumbnailUrl":"https:\/\/noti-america.com\/site\/mexico\/wp-content\/uploads\/sites\/13\/2023\/09\/mexico-1024x683-1.jpg","articleSection":["Actualidad"],"inLanguage":"es","potentialAction":[{"@type":"CommentAction","name":"Comment","target":["https:\/\/noti-america.com\/site\/mexico\/2023\/09\/18\/mexico-vigilante-ante-cierre-temporal-de-paso-de-mercancias-en-puente-con-eeuu\/#respond"]}]},{"@type":"WebPage","@id":"https:\/\/noti-america.com\/site\/mexico\/2023\/09\/18\/mexico-vigilante-ante-cierre-temporal-de-paso-de-mercancias-en-puente-con-eeuu\/","url":"https:\/\/noti-america.com\/site\/mexico\/2023\/09\/18\/mexico-vigilante-ante-cierre-temporal-de-paso-de-mercancias-en-puente-con-eeuu\/","name":"M\u00e9xico vigilante ante cierre temporal de paso de mercanc\u00edas en puente con EEUU - M\u00e9xico","isPartOf":{"@id":"https:\/\/noti-america.com\/site\/mexico\/#website"},"primaryImageOfPage":{"@id":"https:\/\/noti-america.com\/site\/mexico\/2023\/09\/18\/mexico-vigilante-ante-cierre-temporal-de-paso-de-mercancias-en-puente-con-eeuu\/#primaryimage"},"image":{"@id":"https:\/\/noti-america.com\/site\/mexico\/2023\/09\/18\/mexico-vigilante-ante-cierre-temporal-de-paso-de-mercancias-en-puente-con-eeuu\/#primaryimage"},"thumbnailUrl":"https:\/\/noti-america.com\/site\/mexico\/wp-content\/uploads\/sites\/13\/2023\/09\/mexico-1024x683-1.jpg","datePublished":"2023-09-18T15:29:04+00:00","breadcrumb":{"@id":"https:\/\/noti-america.com\/site\/mexico\/2023\/09\/18\/mexico-vigilante-ante-cierre-temporal-de-paso-de-mercancias-en-puente-con-eeuu\/#breadcrumb"},"inLanguage":"es","potentialAction":[{"@type":"ReadAction","target":["https:\/\/noti-america.com\/site\/mexico\/2023\/09\/18\/mexico-vigilante-ante-cierre-temporal-de-paso-de-mercancias-en-puente-con-eeuu\/"]}]},{"@type":"ImageObject","inLanguage":"es","@id":"https:\/\/noti-america.com\/site\/mexico\/2023\/09\/18\/mexico-vigilante-ante-cierre-temporal-de-paso-de-mercancias-en-puente-con-eeuu\/#primaryimage","url":"https:\/\/noti-america.com\/site\/mexico\/wp-content\/uploads\/sites\/13\/2023\/09\/mexico-1024x683-1.jpg","contentUrl":"https:\/\/noti-america.com\/site\/mexico\/wp-content\/uploads\/sites\/13\/2023\/09\/mexico-1024x683-1.jpg","width":1024,"height":683},{"@type":"BreadcrumbList","@id":"https:\/\/noti-america.com\/site\/mexico\/2023\/09\/18\/mexico-vigilante-ante-cierre-temporal-de-paso-de-mercancias-en-puente-con-eeuu\/#breadcrumb","itemListElement":[{"@type":"ListItem","position":1,"name":"Portada","item":"https:\/\/noti-america.com\/site\/mexico\/"},{"@type":"ListItem","position":2,"name":"M\u00e9xico vigilante ante cierre temporal de paso de mercanc\u00edas en puente con EEUU"}]},{"@type":"WebSite","@id":"https:\/\/noti-america.com\/site\/mexico\/#website","url":"https:\/\/noti-america.com\/site\/mexico\/","name":"M\u00e9xico | Noti-America.com","description":"","publisher":{"@id":"https:\/\/noti-america.com\/site\/mexico\/#organization"},"potentialAction":[{"@type":"SearchAction","target":{"@type":"EntryPoint","urlTemplate":"https:\/\/noti-america.com\/site\/mexico\/?s={search_term_string}"},"query-input":{"@type":"PropertyValueSpecification","valueRequired":true,"valueName":"search_term_string"}}],"inLanguage":"es"},{"@type":"Organization","@id":"https:\/\/noti-america.com\/site\/mexico\/#organization","name":"Noti-America LLC | M\u00e9xico","url":"https:\/\/noti-america.com\/site\/mexico\/","logo":{"@type":"ImageObject","inLanguage":"es","@id":"https:\/\/noti-america.com\/site\/mexico\/#\/schema\/logo\/image\/","url":"https:\/\/noti-america.com\/site\/mexico\/wp-content\/uploads\/sites\/13\/2020\/07\/LogoNA-4x3-1.jpg","contentUrl":"https:\/\/noti-america.com\/site\/mexico\/wp-content\/uploads\/sites\/13\/2020\/07\/LogoNA-4x3-1.jpg","width":1236,"height":1080,"caption":"Noti-America LLC | M\u00e9xico"},"image":{"@id":"https:\/\/noti-america.com\/site\/mexico\/#\/schema\/logo\/image\/"}},{"@type":"Person","@id":"https:\/\/noti-america.com\/site\/mexico\/#\/schema\/person\/22806efcc2cfc4b45efb0e17be210ea8","name":"Maria Valentina Noguera Medina","image":{"@type":"ImageObject","inLanguage":"es","@id":"https:\/\/secure.gravatar.com\/avatar\/4ec5eb9d099f2608a49c9df6f7341f66f04f819cdffa09d56a7a0e91d2819d56?s=96&d=mm&r=g","url":"https:\/\/secure.gravatar.com\/avatar\/4ec5eb9d099f2608a49c9df6f7341f66f04f819cdffa09d56a7a0e91d2819d56?s=96&d=mm&r=g","contentUrl":"https:\/\/secure.gravatar.com\/avatar\/4ec5eb9d099f2608a49c9df6f7341f66f04f819cdffa09d56a7a0e91d2819d56?s=96&d=mm&r=g","caption":"Maria Valentina Noguera Medina"},"description":"Periodista - noti-america - Promar Community Manager - Talento Plus Dise\u00f1adora\/ creadora de contenido...","sameAs":["Mar\u00eda Valentina Noguera","https:\/\/www.facebook.com\/mariavalentina.noguera","https:\/\/www.linkedin.com\/in\/mara-valentina-noguera-medina-373075165\/","https:\/\/www.pinterest.es\/valentinanoguera95\/","https:\/\/www.youtube.com\/channel\/UCdek6mbUZ-Tqqw0I63i4nmQ"],"url":"https:\/\/noti-america.com\/site\/mexico\/author\/mnoguera\/"}]}},"_links":{"self":[{"href":"https:\/\/noti-america.com\/site\/mexico\/wp-json\/wp\/v2\/posts\/9716","targetHints":{"allow":["GET"]}}],"collection":[{"href":"https:\/\/noti-america.com\/site\/mexico\/wp-json\/wp\/v2\/posts"}],"about":[{"href":"https:\/\/noti-america.com\/site\/mexico\/wp-json\/wp\/v2\/types\/post"}],"author":[{"embeddable":true,"href":"https:\/\/noti-america.com\/site\/mexico\/wp-json\/wp\/v2\/users\/133"}],"replies":[{"embeddable":true,"href":"https:\/\/noti-america.com\/site\/mexico\/wp-json\/wp\/v2\/comments?post=9716"}],"version-history":[{"count":1,"href":"https:\/\/noti-america.com\/site\/mexico\/wp-json\/wp\/v2\/posts\/9716\/revisions"}],"predecessor-version":[{"id":9718,"href":"https:\/\/noti-america.com\/site\/mexico\/wp-json\/wp\/v2\/posts\/9716\/revisions\/9718"}],"wp:featuredmedia":[{"embeddable":true,"href":"https:\/\/noti-america.com\/site\/mexico\/wp-json\/wp\/v2\/media\/9717"}],"wp:attachment":[{"href":"https:\/\/noti-america.com\/site\/mexico\/wp-json\/wp\/v2\/media?parent=9716"}],"wp:term":[{"taxonomy":"category","embeddable":true,"href":"https:\/\/noti-america.com\/site\/mexico\/wp-json\/wp\/v2\/categories?post=9716"},{"taxonomy":"post_tag","embeddable":true,"href":"https:\/\/noti-america.com\/site\/mexico\/wp-json\/wp\/v2\/tags?post=9716"}],"curies":[{"name":"wp","href":"https:\/\/api.w.org\/{rel}","templated":true}]}}