{"id":9572,"date":"2023-08-24T15:16:20","date_gmt":"2023-08-24T15:16:20","guid":{"rendered":"https:\/\/noti-america.com\/site\/mexico\/?p=9572"},"modified":"2023-08-24T15:16:20","modified_gmt":"2023-08-24T15:16:20","slug":"harold-ocasiona-lluvias-torrenciales-en-el-noreste-de-mexico","status":"publish","type":"post","link":"https:\/\/noti-america.com\/site\/mexico\/2023\/08\/24\/harold-ocasiona-lluvias-torrenciales-en-el-noreste-de-mexico\/","title":{"rendered":"Harold ocasiona lluvias torrenciales en el noreste de M\u00e9xico"},"content":{"rendered":"<p>NOTI-AMERICA.COM | M\u00c9XICO \u2013 Tras tocar tierra, ahora como depresi\u00f3n tropical, Harold, provoca lluvias torrenciales en los estados de Chihuahua, Coahuila, Nuevo Le\u00f3n y Tamaulipas, en M\u00e9xico, avis\u00f3 este martes el Servicio Meteorol\u00f3gico Nacional.<\/p>\n<p>El SMN, en su m\u00e1s reciente reporte precis\u00f3 que a las 15.00 hora local \u00abel centro del sistema se localiz\u00f3 en tierra, sobre Texas, Estados Unidos\u00bb, a 28 kil\u00f3metros al este-noreste de Nuevo Laredo, estado de Tamaulipas, y a 170 km al sureste de Piedras Negras, Coahuila.<\/p>\n<p>Adem\u00e1s, agreg\u00f3 que Harold avanza con vientos m\u00e1ximos sostenidos de 55 kil\u00f3metros por hora, rachas de 75 km\/h, se desplaza hacia el oeste-noroeste a 33 km\/h y contin\u00faa debilit\u00e1ndose.<\/p>\n<p>El SMN indic\u00f3 que la circulaci\u00f3n de Harold \u00abmantiene lluvias puntuales torrenciales de 150 a 250 mil\u00edmetros en Chihuahua, Coahuila, Nuevo Le\u00f3n y Tamaulipas, as\u00ed como rachas de viento de 50 a 70 kil\u00f3metros por hora y posibles tolvaneras, torbellinos y tornados.<\/p>\n<p>Tambi\u00e9n advirti\u00f3 que las precipitaciones ocasionadas por Harold \u00abser\u00e1n con descargas el\u00e9ctricas y fuertes rachas de viento, lo que podr\u00eda generar deslaves, incremento en niveles de r\u00edos y arroyos, desbordamientos e inundaciones en zonas de los estados mencionados\u00bb.<\/p>\n<p>Ante estas condiciones, El Meteorol\u00f3gico de M\u00e9xico incit\u00f3 a la poblaci\u00f3n a estar atentos a sus avisos y seguir las recomendaciones de las autoridades de Protecci\u00f3n Civil.<\/p>\n<p>Harold es el octavo cicl\u00f3n con nombre de la temporada del Atl\u00e1ntico, despu\u00e9s del hurac\u00e1n Don y las tormentas Arlene, Bret, Cindy, Gert, Emily, y Franklin. Su impacto en el noreste de M\u00e9xico ocurre dos d\u00edas despu\u00e9s del paso del hurac\u00e1n Hilary en el noroeste del pa\u00eds, que dej\u00f3 al menos cuatro muertos en Baja California, Baja California Sur y Sinaloa.<\/p>\n<p>El Gobierno de M\u00e9xico pronostic\u00f3 en mayo la formaci\u00f3n de hasta 38 ciclones con nombre en la temporada 2023, de los cuales cinco impactar\u00edan al pa\u00eds. De esa cifra, entre 16 y 22 sistemas podr\u00edan presentarse por el oc\u00e9ano Pac\u00edfico, y entre 10 y 16 por el Atl\u00e1ntico.<\/p>\n","protected":false},"excerpt":{"rendered":"<p>NOTI-AMERICA.COM | M\u00c9XICO \u2013 Tras tocar tierra, ahora como depresi\u00f3n tropical, Harold, provoca lluvias torrenciales en los estados de Chihuahua, Coahuila, Nuevo Le\u00f3n y Tamaulipas, en M\u00e9xico, avis\u00f3 este martes el Servicio Meteorol\u00f3gico Nacional.&#46;&#46;&#46;<\/p>\n","protected":false},"author":133,"featured_media":9573,"comment_status":"open","ping_status":"open","sticky":false,"template":"","format":"image","meta":{"_acf_changed":false,"om_disable_all_campaigns":false,"rop_custom_images_group":[],"rop_custom_messages_group":[],"rop_publish_now":"initial","rop_publish_now_accounts":{"twitter_242054905_242054905":""},"rop_publish_now_history":[],"rop_publish_now_status":"pending","_uf_show_specific_survey":0,"_uf_disable_surveys":false,"footnotes":""},"categories":[935],"tags":[],"class_list":["post-9572","post","type-post","status-publish","format-image","has-post-thumbnail","hentry","category-nacionales","post_format-post-format-image"],"acf":[],"aioseo_notices":[],"yoast_head":"<!-- This site is optimized with the Yoast SEO Premium plugin v24.9 (Yoast SEO v27.2) - https:\/\/yoast.com\/product\/yoast-seo-premium-wordpress\/ -->\n<title>Harold ocasiona lluvias torrenciales en el noreste de M\u00e9xico - M\u00e9xico<\/title>\n<meta name=\"robots\" content=\"index, follow, max-snippet:-1, max-image-preview:large, max-video-preview:-1\" \/>\n<link rel=\"canonical\" href=\"https:\/\/noti-america.com\/site\/mexico\/2023\/08\/24\/harold-ocasiona-lluvias-torrenciales-en-el-noreste-de-mexico\/\" \/>\n<meta property=\"og:locale\" content=\"es_ES\" \/>\n<meta property=\"og:type\" content=\"article\" \/>\n<meta property=\"og:title\" content=\"Harold ocasiona lluvias torrenciales en el noreste de M\u00e9xico\" \/>\n<meta property=\"og:description\" content=\"NOTI-AMERICA.COM | M\u00c9XICO \u2013 Tras tocar tierra, ahora como depresi\u00f3n tropical, Harold, provoca lluvias torrenciales en los estados de Chihuahua, Coahuila, Nuevo Le\u00f3n y Tamaulipas, en M\u00e9xico, avis\u00f3 este martes el Servicio Meteorol\u00f3gico Nacional.&#046;&#046;&#046;\" \/>\n<meta property=\"og:url\" content=\"https:\/\/noti-america.com\/site\/mexico\/2023\/08\/24\/harold-ocasiona-lluvias-torrenciales-en-el-noreste-de-mexico\/\" \/>\n<meta property=\"og:site_name\" content=\"M\u00e9xico\" \/>\n<meta property=\"article:author\" content=\"Mar\u00eda Valentina Noguera\" \/>\n<meta property=\"article:published_time\" content=\"2023-08-24T15:16:20+00:00\" \/>\n<meta property=\"og:image\" content=\"https:\/\/noti-america.com\/site\/mexico\/wp-content\/uploads\/sites\/13\/2023\/08\/178a05cc46f564a80825fb7b76fadd3b7b2dff75miniw-focus-0-0-696-423.jpg\" \/>\n\t<meta property=\"og:image:width\" content=\"696\" \/>\n\t<meta property=\"og:image:height\" content=\"450\" \/>\n\t<meta property=\"og:image:type\" content=\"image\/jpeg\" \/>\n<meta name=\"author\" content=\"Maria Valentina Noguera Medina\" \/>\n<meta name=\"twitter:card\" content=\"summary_large_image\" \/>\n<meta name=\"twitter:label1\" content=\"Escrito por\" \/>\n\t<meta name=\"twitter:data1\" content=\"Maria Valentina Noguera Medina\" \/>\n\t<meta name=\"twitter:label2\" content=\"Tiempo estimado de lectura\" \/>\n\t<meta name=\"twitter:data2\" content=\"2 minutos\" \/>\n<script type=\"application\/ld+json\" class=\"yoast-schema-graph\">{\"@context\":\"https:\/\/schema.org\",\"@graph\":[{\"@type\":\"Article\",\"@id\":\"https:\/\/noti-america.com\/site\/mexico\/2023\/08\/24\/harold-ocasiona-lluvias-torrenciales-en-el-noreste-de-mexico\/#article\",\"isPartOf\":{\"@id\":\"https:\/\/noti-america.com\/site\/mexico\/2023\/08\/24\/harold-ocasiona-lluvias-torrenciales-en-el-noreste-de-mexico\/\"},\"author\":{\"name\":\"Maria Valentina Noguera Medina\",\"@id\":\"https:\/\/noti-america.com\/site\/mexico\/#\/schema\/person\/22806efcc2cfc4b45efb0e17be210ea8\"},\"headline\":\"Harold ocasiona lluvias torrenciales en el noreste de M\u00e9xico\",\"datePublished\":\"2023-08-24T15:16:20+00:00\",\"mainEntityOfPage\":{\"@id\":\"https:\/\/noti-america.com\/site\/mexico\/2023\/08\/24\/harold-ocasiona-lluvias-torrenciales-en-el-noreste-de-mexico\/\"},\"wordCount\":363,\"commentCount\":0,\"publisher\":{\"@id\":\"https:\/\/noti-america.com\/site\/mexico\/#organization\"},\"image\":{\"@id\":\"https:\/\/noti-america.com\/site\/mexico\/2023\/08\/24\/harold-ocasiona-lluvias-torrenciales-en-el-noreste-de-mexico\/#primaryimage\"},\"thumbnailUrl\":\"https:\/\/noti-america.com\/site\/mexico\/wp-content\/uploads\/sites\/13\/2023\/08\/178a05cc46f564a80825fb7b76fadd3b7b2dff75miniw-focus-0-0-696-423.jpg\",\"articleSection\":[\"Nacionales\"],\"inLanguage\":\"es\",\"potentialAction\":[{\"@type\":\"CommentAction\",\"name\":\"Comment\",\"target\":[\"https:\/\/noti-america.com\/site\/mexico\/2023\/08\/24\/harold-ocasiona-lluvias-torrenciales-en-el-noreste-de-mexico\/#respond\"]}]},{\"@type\":\"WebPage\",\"@id\":\"https:\/\/noti-america.com\/site\/mexico\/2023\/08\/24\/harold-ocasiona-lluvias-torrenciales-en-el-noreste-de-mexico\/\",\"url\":\"https:\/\/noti-america.com\/site\/mexico\/2023\/08\/24\/harold-ocasiona-lluvias-torrenciales-en-el-noreste-de-mexico\/\",\"name\":\"Harold ocasiona lluvias torrenciales en el noreste de M\u00e9xico - M\u00e9xico\",\"isPartOf\":{\"@id\":\"https:\/\/noti-america.com\/site\/mexico\/#website\"},\"primaryImageOfPage\":{\"@id\":\"https:\/\/noti-america.com\/site\/mexico\/2023\/08\/24\/harold-ocasiona-lluvias-torrenciales-en-el-noreste-de-mexico\/#primaryimage\"},\"image\":{\"@id\":\"https:\/\/noti-america.com\/site\/mexico\/2023\/08\/24\/harold-ocasiona-lluvias-torrenciales-en-el-noreste-de-mexico\/#primaryimage\"},\"thumbnailUrl\":\"https:\/\/noti-america.com\/site\/mexico\/wp-content\/uploads\/sites\/13\/2023\/08\/178a05cc46f564a80825fb7b76fadd3b7b2dff75miniw-focus-0-0-696-423.jpg\",\"datePublished\":\"2023-08-24T15:16:20+00:00\",\"breadcrumb\":{\"@id\":\"https:\/\/noti-america.com\/site\/mexico\/2023\/08\/24\/harold-ocasiona-lluvias-torrenciales-en-el-noreste-de-mexico\/#breadcrumb\"},\"inLanguage\":\"es\",\"potentialAction\":[{\"@type\":\"ReadAction\",\"target\":[\"https:\/\/noti-america.com\/site\/mexico\/2023\/08\/24\/harold-ocasiona-lluvias-torrenciales-en-el-noreste-de-mexico\/\"]}]},{\"@type\":\"ImageObject\",\"inLanguage\":\"es\",\"@id\":\"https:\/\/noti-america.com\/site\/mexico\/2023\/08\/24\/harold-ocasiona-lluvias-torrenciales-en-el-noreste-de-mexico\/#primaryimage\",\"url\":\"https:\/\/noti-america.com\/site\/mexico\/wp-content\/uploads\/sites\/13\/2023\/08\/178a05cc46f564a80825fb7b76fadd3b7b2dff75miniw-focus-0-0-696-423.jpg\",\"contentUrl\":\"https:\/\/noti-america.com\/site\/mexico\/wp-content\/uploads\/sites\/13\/2023\/08\/178a05cc46f564a80825fb7b76fadd3b7b2dff75miniw-focus-0-0-696-423.jpg\",\"width\":696,\"height\":450},{\"@type\":\"BreadcrumbList\",\"@id\":\"https:\/\/noti-america.com\/site\/mexico\/2023\/08\/24\/harold-ocasiona-lluvias-torrenciales-en-el-noreste-de-mexico\/#breadcrumb\",\"itemListElement\":[{\"@type\":\"ListItem\",\"position\":1,\"name\":\"Portada\",\"item\":\"https:\/\/noti-america.com\/site\/mexico\/\"},{\"@type\":\"ListItem\",\"position\":2,\"name\":\"Harold ocasiona lluvias torrenciales en el noreste de M\u00e9xico\"}]},{\"@type\":\"WebSite\",\"@id\":\"https:\/\/noti-america.com\/site\/mexico\/#website\",\"url\":\"https:\/\/noti-america.com\/site\/mexico\/\",\"name\":\"M\u00e9xico | Noti-America.com\",\"description\":\"\",\"publisher\":{\"@id\":\"https:\/\/noti-america.com\/site\/mexico\/#organization\"},\"potentialAction\":[{\"@type\":\"SearchAction\",\"target\":{\"@type\":\"EntryPoint\",\"urlTemplate\":\"https:\/\/noti-america.com\/site\/mexico\/?s={search_term_string}\"},\"query-input\":{\"@type\":\"PropertyValueSpecification\",\"valueRequired\":true,\"valueName\":\"search_term_string\"}}],\"inLanguage\":\"es\"},{\"@type\":\"Organization\",\"@id\":\"https:\/\/noti-america.com\/site\/mexico\/#organization\",\"name\":\"Noti-America LLC | M\u00e9xico\",\"url\":\"https:\/\/noti-america.com\/site\/mexico\/\",\"logo\":{\"@type\":\"ImageObject\",\"inLanguage\":\"es\",\"@id\":\"https:\/\/noti-america.com\/site\/mexico\/#\/schema\/logo\/image\/\",\"url\":\"https:\/\/noti-america.com\/site\/mexico\/wp-content\/uploads\/sites\/13\/2020\/07\/LogoNA-4x3-1.jpg\",\"contentUrl\":\"https:\/\/noti-america.com\/site\/mexico\/wp-content\/uploads\/sites\/13\/2020\/07\/LogoNA-4x3-1.jpg\",\"width\":1236,\"height\":1080,\"caption\":\"Noti-America LLC | M\u00e9xico\"},\"image\":{\"@id\":\"https:\/\/noti-america.com\/site\/mexico\/#\/schema\/logo\/image\/\"}},{\"@type\":\"Person\",\"@id\":\"https:\/\/noti-america.com\/site\/mexico\/#\/schema\/person\/22806efcc2cfc4b45efb0e17be210ea8\",\"name\":\"Maria Valentina Noguera Medina\",\"image\":{\"@type\":\"ImageObject\",\"inLanguage\":\"es\",\"@id\":\"https:\/\/secure.gravatar.com\/avatar\/4ec5eb9d099f2608a49c9df6f7341f66f04f819cdffa09d56a7a0e91d2819d56?s=96&d=mm&r=g\",\"url\":\"https:\/\/secure.gravatar.com\/avatar\/4ec5eb9d099f2608a49c9df6f7341f66f04f819cdffa09d56a7a0e91d2819d56?s=96&d=mm&r=g\",\"contentUrl\":\"https:\/\/secure.gravatar.com\/avatar\/4ec5eb9d099f2608a49c9df6f7341f66f04f819cdffa09d56a7a0e91d2819d56?s=96&d=mm&r=g\",\"caption\":\"Maria Valentina Noguera Medina\"},\"description\":\"Periodista - noti-america - Promar Community Manager - Talento Plus Dise\u00f1adora\/ creadora de contenido...\",\"sameAs\":[\"Mar\u00eda Valentina Noguera\",\"https:\/\/www.facebook.com\/mariavalentina.noguera\",\"https:\/\/www.linkedin.com\/in\/mara-valentina-noguera-medina-373075165\/\",\"https:\/\/www.pinterest.es\/valentinanoguera95\/\",\"https:\/\/www.youtube.com\/channel\/UCdek6mbUZ-Tqqw0I63i4nmQ\"],\"url\":\"https:\/\/noti-america.com\/site\/mexico\/author\/mnoguera\/\"}]}<\/script>\n<!-- \/ Yoast SEO Premium plugin. -->","yoast_head_json":{"title":"Harold ocasiona lluvias torrenciales en el noreste de M\u00e9xico - M\u00e9xico","robots":{"index":"index","follow":"follow","max-snippet":"max-snippet:-1","max-image-preview":"max-image-preview:large","max-video-preview":"max-video-preview:-1"},"canonical":"https:\/\/noti-america.com\/site\/mexico\/2023\/08\/24\/harold-ocasiona-lluvias-torrenciales-en-el-noreste-de-mexico\/","og_locale":"es_ES","og_type":"article","og_title":"Harold ocasiona lluvias torrenciales en el noreste de M\u00e9xico","og_description":"NOTI-AMERICA.COM | M\u00c9XICO \u2013 Tras tocar tierra, ahora como depresi\u00f3n tropical, Harold, provoca lluvias torrenciales en los estados de Chihuahua, Coahuila, Nuevo Le\u00f3n y Tamaulipas, en M\u00e9xico, avis\u00f3 este martes el Servicio Meteorol\u00f3gico Nacional.&#46;&#46;&#46;","og_url":"https:\/\/noti-america.com\/site\/mexico\/2023\/08\/24\/harold-ocasiona-lluvias-torrenciales-en-el-noreste-de-mexico\/","og_site_name":"M\u00e9xico","article_author":"Mar\u00eda Valentina Noguera","article_published_time":"2023-08-24T15:16:20+00:00","og_image":[{"width":696,"height":450,"url":"https:\/\/noti-america.com\/site\/mexico\/wp-content\/uploads\/sites\/13\/2023\/08\/178a05cc46f564a80825fb7b76fadd3b7b2dff75miniw-focus-0-0-696-423.jpg","type":"image\/jpeg"}],"author":"Maria Valentina Noguera Medina","twitter_card":"summary_large_image","twitter_misc":{"Escrito por":"Maria Valentina Noguera Medina","Tiempo estimado de lectura":"2 minutos"},"schema":{"@context":"https:\/\/schema.org","@graph":[{"@type":"Article","@id":"https:\/\/noti-america.com\/site\/mexico\/2023\/08\/24\/harold-ocasiona-lluvias-torrenciales-en-el-noreste-de-mexico\/#article","isPartOf":{"@id":"https:\/\/noti-america.com\/site\/mexico\/2023\/08\/24\/harold-ocasiona-lluvias-torrenciales-en-el-noreste-de-mexico\/"},"author":{"name":"Maria Valentina Noguera Medina","@id":"https:\/\/noti-america.com\/site\/mexico\/#\/schema\/person\/22806efcc2cfc4b45efb0e17be210ea8"},"headline":"Harold ocasiona lluvias torrenciales en el noreste de M\u00e9xico","datePublished":"2023-08-24T15:16:20+00:00","mainEntityOfPage":{"@id":"https:\/\/noti-america.com\/site\/mexico\/2023\/08\/24\/harold-ocasiona-lluvias-torrenciales-en-el-noreste-de-mexico\/"},"wordCount":363,"commentCount":0,"publisher":{"@id":"https:\/\/noti-america.com\/site\/mexico\/#organization"},"image":{"@id":"https:\/\/noti-america.com\/site\/mexico\/2023\/08\/24\/harold-ocasiona-lluvias-torrenciales-en-el-noreste-de-mexico\/#primaryimage"},"thumbnailUrl":"https:\/\/noti-america.com\/site\/mexico\/wp-content\/uploads\/sites\/13\/2023\/08\/178a05cc46f564a80825fb7b76fadd3b7b2dff75miniw-focus-0-0-696-423.jpg","articleSection":["Nacionales"],"inLanguage":"es","potentialAction":[{"@type":"CommentAction","name":"Comment","target":["https:\/\/noti-america.com\/site\/mexico\/2023\/08\/24\/harold-ocasiona-lluvias-torrenciales-en-el-noreste-de-mexico\/#respond"]}]},{"@type":"WebPage","@id":"https:\/\/noti-america.com\/site\/mexico\/2023\/08\/24\/harold-ocasiona-lluvias-torrenciales-en-el-noreste-de-mexico\/","url":"https:\/\/noti-america.com\/site\/mexico\/2023\/08\/24\/harold-ocasiona-lluvias-torrenciales-en-el-noreste-de-mexico\/","name":"Harold ocasiona lluvias torrenciales en el noreste de M\u00e9xico - M\u00e9xico","isPartOf":{"@id":"https:\/\/noti-america.com\/site\/mexico\/#website"},"primaryImageOfPage":{"@id":"https:\/\/noti-america.com\/site\/mexico\/2023\/08\/24\/harold-ocasiona-lluvias-torrenciales-en-el-noreste-de-mexico\/#primaryimage"},"image":{"@id":"https:\/\/noti-america.com\/site\/mexico\/2023\/08\/24\/harold-ocasiona-lluvias-torrenciales-en-el-noreste-de-mexico\/#primaryimage"},"thumbnailUrl":"https:\/\/noti-america.com\/site\/mexico\/wp-content\/uploads\/sites\/13\/2023\/08\/178a05cc46f564a80825fb7b76fadd3b7b2dff75miniw-focus-0-0-696-423.jpg","datePublished":"2023-08-24T15:16:20+00:00","breadcrumb":{"@id":"https:\/\/noti-america.com\/site\/mexico\/2023\/08\/24\/harold-ocasiona-lluvias-torrenciales-en-el-noreste-de-mexico\/#breadcrumb"},"inLanguage":"es","potentialAction":[{"@type":"ReadAction","target":["https:\/\/noti-america.com\/site\/mexico\/2023\/08\/24\/harold-ocasiona-lluvias-torrenciales-en-el-noreste-de-mexico\/"]}]},{"@type":"ImageObject","inLanguage":"es","@id":"https:\/\/noti-america.com\/site\/mexico\/2023\/08\/24\/harold-ocasiona-lluvias-torrenciales-en-el-noreste-de-mexico\/#primaryimage","url":"https:\/\/noti-america.com\/site\/mexico\/wp-content\/uploads\/sites\/13\/2023\/08\/178a05cc46f564a80825fb7b76fadd3b7b2dff75miniw-focus-0-0-696-423.jpg","contentUrl":"https:\/\/noti-america.com\/site\/mexico\/wp-content\/uploads\/sites\/13\/2023\/08\/178a05cc46f564a80825fb7b76fadd3b7b2dff75miniw-focus-0-0-696-423.jpg","width":696,"height":450},{"@type":"BreadcrumbList","@id":"https:\/\/noti-america.com\/site\/mexico\/2023\/08\/24\/harold-ocasiona-lluvias-torrenciales-en-el-noreste-de-mexico\/#breadcrumb","itemListElement":[{"@type":"ListItem","position":1,"name":"Portada","item":"https:\/\/noti-america.com\/site\/mexico\/"},{"@type":"ListItem","position":2,"name":"Harold ocasiona lluvias torrenciales en el noreste de M\u00e9xico"}]},{"@type":"WebSite","@id":"https:\/\/noti-america.com\/site\/mexico\/#website","url":"https:\/\/noti-america.com\/site\/mexico\/","name":"M\u00e9xico | Noti-America.com","description":"","publisher":{"@id":"https:\/\/noti-america.com\/site\/mexico\/#organization"},"potentialAction":[{"@type":"SearchAction","target":{"@type":"EntryPoint","urlTemplate":"https:\/\/noti-america.com\/site\/mexico\/?s={search_term_string}"},"query-input":{"@type":"PropertyValueSpecification","valueRequired":true,"valueName":"search_term_string"}}],"inLanguage":"es"},{"@type":"Organization","@id":"https:\/\/noti-america.com\/site\/mexico\/#organization","name":"Noti-America LLC | M\u00e9xico","url":"https:\/\/noti-america.com\/site\/mexico\/","logo":{"@type":"ImageObject","inLanguage":"es","@id":"https:\/\/noti-america.com\/site\/mexico\/#\/schema\/logo\/image\/","url":"https:\/\/noti-america.com\/site\/mexico\/wp-content\/uploads\/sites\/13\/2020\/07\/LogoNA-4x3-1.jpg","contentUrl":"https:\/\/noti-america.com\/site\/mexico\/wp-content\/uploads\/sites\/13\/2020\/07\/LogoNA-4x3-1.jpg","width":1236,"height":1080,"caption":"Noti-America LLC | M\u00e9xico"},"image":{"@id":"https:\/\/noti-america.com\/site\/mexico\/#\/schema\/logo\/image\/"}},{"@type":"Person","@id":"https:\/\/noti-america.com\/site\/mexico\/#\/schema\/person\/22806efcc2cfc4b45efb0e17be210ea8","name":"Maria Valentina Noguera Medina","image":{"@type":"ImageObject","inLanguage":"es","@id":"https:\/\/secure.gravatar.com\/avatar\/4ec5eb9d099f2608a49c9df6f7341f66f04f819cdffa09d56a7a0e91d2819d56?s=96&d=mm&r=g","url":"https:\/\/secure.gravatar.com\/avatar\/4ec5eb9d099f2608a49c9df6f7341f66f04f819cdffa09d56a7a0e91d2819d56?s=96&d=mm&r=g","contentUrl":"https:\/\/secure.gravatar.com\/avatar\/4ec5eb9d099f2608a49c9df6f7341f66f04f819cdffa09d56a7a0e91d2819d56?s=96&d=mm&r=g","caption":"Maria Valentina Noguera Medina"},"description":"Periodista - noti-america - Promar Community Manager - Talento Plus Dise\u00f1adora\/ creadora de contenido...","sameAs":["Mar\u00eda Valentina Noguera","https:\/\/www.facebook.com\/mariavalentina.noguera","https:\/\/www.linkedin.com\/in\/mara-valentina-noguera-medina-373075165\/","https:\/\/www.pinterest.es\/valentinanoguera95\/","https:\/\/www.youtube.com\/channel\/UCdek6mbUZ-Tqqw0I63i4nmQ"],"url":"https:\/\/noti-america.com\/site\/mexico\/author\/mnoguera\/"}]}},"_links":{"self":[{"href":"https:\/\/noti-america.com\/site\/mexico\/wp-json\/wp\/v2\/posts\/9572","targetHints":{"allow":["GET"]}}],"collection":[{"href":"https:\/\/noti-america.com\/site\/mexico\/wp-json\/wp\/v2\/posts"}],"about":[{"href":"https:\/\/noti-america.com\/site\/mexico\/wp-json\/wp\/v2\/types\/post"}],"author":[{"embeddable":true,"href":"https:\/\/noti-america.com\/site\/mexico\/wp-json\/wp\/v2\/users\/133"}],"replies":[{"embeddable":true,"href":"https:\/\/noti-america.com\/site\/mexico\/wp-json\/wp\/v2\/comments?post=9572"}],"version-history":[{"count":1,"href":"https:\/\/noti-america.com\/site\/mexico\/wp-json\/wp\/v2\/posts\/9572\/revisions"}],"predecessor-version":[{"id":9574,"href":"https:\/\/noti-america.com\/site\/mexico\/wp-json\/wp\/v2\/posts\/9572\/revisions\/9574"}],"wp:featuredmedia":[{"embeddable":true,"href":"https:\/\/noti-america.com\/site\/mexico\/wp-json\/wp\/v2\/media\/9573"}],"wp:attachment":[{"href":"https:\/\/noti-america.com\/site\/mexico\/wp-json\/wp\/v2\/media?parent=9572"}],"wp:term":[{"taxonomy":"category","embeddable":true,"href":"https:\/\/noti-america.com\/site\/mexico\/wp-json\/wp\/v2\/categories?post=9572"},{"taxonomy":"post_tag","embeddable":true,"href":"https:\/\/noti-america.com\/site\/mexico\/wp-json\/wp\/v2\/tags?post=9572"}],"curies":[{"name":"wp","href":"https:\/\/api.w.org\/{rel}","templated":true}]}}