{"id":9556,"date":"2023-08-22T15:22:20","date_gmt":"2023-08-22T15:22:20","guid":{"rendered":"https:\/\/noti-america.com\/site\/mexico\/?p=9556"},"modified":"2023-08-22T15:22:20","modified_gmt":"2023-08-22T15:22:20","slug":"mexico-realizara-segundo-simulacro-sismico-nacional","status":"publish","type":"post","link":"https:\/\/noti-america.com\/site\/mexico\/2023\/08\/22\/mexico-realizara-segundo-simulacro-sismico-nacional\/","title":{"rendered":"M\u00e9xico realizar\u00e1 segundo simulacro s\u00edsmico nacional"},"content":{"rendered":"<p>NOTI-AMERICA.COM | M\u00c9XICO \u2013 El Gobierno de M\u00e9xico anunci\u00f3 que, para este pr\u00f3ximo 19 de septiembre, realizar\u00e1 el segundo simulacro s\u00edsmico nacional, en esta ocasi\u00f3n con cuatro escenarios hipot\u00e9ticos que pueden darse en la naci\u00f3n latinoamericana.<\/p>\n<p>El ejercicio se llevar\u00e1 a cabo a las 11H00 (hora local, 15H00 GMT) del 19 de septiembre, fecha en la que el a\u00f1o 2022 se registr\u00f3 un sismo de magnitud 7,7, y en la que se experimentaron los terremotos del 1985 y 2017, los m\u00e1s destructivos de la historia reciente de ese pa\u00eds.<\/p>\n<p>Respecto a los escenarios hipot\u00e9ticos, uno ser\u00e1 un sismo de magnitud 8,0 en la escala de Richter en Acapulco, Guerrero. Asimismo, otro supuesto temblor ser\u00e1 en la localidad de Sonora, Chihuahua.<\/p>\n<p>Por otra parte, se llevar\u00e1 a cabo un simulacro de cicl\u00f3n tropical en categor\u00eda tres en Quintana Roo, Tabasco y Veracruz.<\/p>\n<p>Entretanto, en Baja California ser\u00e1 el otro escenario de cicl\u00f3n, cuando la poblaci\u00f3n y autoridades se enfrenten a un supuesto categor\u00eda cuatro.<\/p>\n<p>Esta es la primera vez que la naci\u00f3n mexicana realiza ejercicios simult\u00e1neos de enfrentamiento a sismos y huracanes a nivel nacional.<\/p>\n<p>&nbsp;<\/p>\n","protected":false},"excerpt":{"rendered":"<p>NOTI-AMERICA.COM | M\u00c9XICO \u2013 El Gobierno de M\u00e9xico anunci\u00f3 que, para este pr\u00f3ximo 19 de septiembre, realizar\u00e1 el segundo simulacro s\u00edsmico nacional, en esta ocasi\u00f3n con cuatro escenarios hipot\u00e9ticos que pueden darse en la&#46;&#46;&#46;<\/p>\n","protected":false},"author":133,"featured_media":9557,"comment_status":"open","ping_status":"open","sticky":false,"template":"","format":"image","meta":{"_acf_changed":false,"om_disable_all_campaigns":false,"rop_custom_images_group":[],"rop_custom_messages_group":[],"rop_publish_now":"initial","rop_publish_now_accounts":{"twitter_242054905_242054905":""},"rop_publish_now_history":[],"rop_publish_now_status":"pending","_uf_show_specific_survey":0,"_uf_disable_surveys":false,"footnotes":""},"categories":[935],"tags":[],"class_list":["post-9556","post","type-post","status-publish","format-image","has-post-thumbnail","hentry","category-nacionales","post_format-post-format-image"],"acf":[],"aioseo_notices":[],"yoast_head":"<!-- This site is optimized with the Yoast SEO Premium plugin v24.9 (Yoast SEO v27.2) - https:\/\/yoast.com\/product\/yoast-seo-premium-wordpress\/ -->\n<title>M\u00e9xico realizar\u00e1 segundo simulacro s\u00edsmico nacional - M\u00e9xico<\/title>\n<meta name=\"robots\" content=\"index, follow, max-snippet:-1, max-image-preview:large, max-video-preview:-1\" \/>\n<link rel=\"canonical\" href=\"https:\/\/noti-america.com\/site\/mexico\/2023\/08\/22\/mexico-realizara-segundo-simulacro-sismico-nacional\/\" \/>\n<meta property=\"og:locale\" content=\"es_ES\" \/>\n<meta property=\"og:type\" content=\"article\" \/>\n<meta property=\"og:title\" content=\"M\u00e9xico realizar\u00e1 segundo simulacro s\u00edsmico nacional\" \/>\n<meta property=\"og:description\" content=\"NOTI-AMERICA.COM | M\u00c9XICO \u2013 El Gobierno de M\u00e9xico anunci\u00f3 que, para este pr\u00f3ximo 19 de septiembre, realizar\u00e1 el segundo simulacro s\u00edsmico nacional, en esta ocasi\u00f3n con cuatro escenarios hipot\u00e9ticos que pueden darse en la&#046;&#046;&#046;\" \/>\n<meta property=\"og:url\" content=\"https:\/\/noti-america.com\/site\/mexico\/2023\/08\/22\/mexico-realizara-segundo-simulacro-sismico-nacional\/\" \/>\n<meta property=\"og:site_name\" content=\"M\u00e9xico\" \/>\n<meta property=\"article:author\" content=\"Mar\u00eda Valentina Noguera\" \/>\n<meta property=\"article:published_time\" content=\"2023-08-22T15:22:20+00:00\" \/>\n<meta property=\"og:image\" content=\"https:\/\/noti-america.com\/site\/mexico\/wp-content\/uploads\/sites\/13\/2023\/08\/obj_20220601t143331t0001d_1_1-1.jpg_1689854195.jpg\" \/>\n\t<meta property=\"og:image:width\" content=\"600\" \/>\n\t<meta property=\"og:image:height\" content=\"330\" \/>\n\t<meta property=\"og:image:type\" content=\"image\/jpeg\" \/>\n<meta name=\"author\" content=\"Maria Valentina Noguera Medina\" \/>\n<meta name=\"twitter:card\" content=\"summary_large_image\" \/>\n<meta name=\"twitter:label1\" content=\"Escrito por\" \/>\n\t<meta name=\"twitter:data1\" content=\"Maria Valentina Noguera Medina\" \/>\n\t<meta name=\"twitter:label2\" content=\"Tiempo estimado de lectura\" \/>\n\t<meta name=\"twitter:data2\" content=\"1 minuto\" \/>\n<script type=\"application\/ld+json\" class=\"yoast-schema-graph\">{\"@context\":\"https:\/\/schema.org\",\"@graph\":[{\"@type\":\"Article\",\"@id\":\"https:\/\/noti-america.com\/site\/mexico\/2023\/08\/22\/mexico-realizara-segundo-simulacro-sismico-nacional\/#article\",\"isPartOf\":{\"@id\":\"https:\/\/noti-america.com\/site\/mexico\/2023\/08\/22\/mexico-realizara-segundo-simulacro-sismico-nacional\/\"},\"author\":{\"name\":\"Maria Valentina Noguera Medina\",\"@id\":\"https:\/\/noti-america.com\/site\/mexico\/#\/schema\/person\/22806efcc2cfc4b45efb0e17be210ea8\"},\"headline\":\"M\u00e9xico realizar\u00e1 segundo simulacro s\u00edsmico nacional\",\"datePublished\":\"2023-08-22T15:22:20+00:00\",\"mainEntityOfPage\":{\"@id\":\"https:\/\/noti-america.com\/site\/mexico\/2023\/08\/22\/mexico-realizara-segundo-simulacro-sismico-nacional\/\"},\"wordCount\":203,\"commentCount\":0,\"publisher\":{\"@id\":\"https:\/\/noti-america.com\/site\/mexico\/#organization\"},\"image\":{\"@id\":\"https:\/\/noti-america.com\/site\/mexico\/2023\/08\/22\/mexico-realizara-segundo-simulacro-sismico-nacional\/#primaryimage\"},\"thumbnailUrl\":\"https:\/\/noti-america.com\/site\/mexico\/wp-content\/uploads\/sites\/13\/2023\/08\/obj_20220601t143331t0001d_1_1-1.jpg_1689854195.jpg\",\"articleSection\":[\"Nacionales\"],\"inLanguage\":\"es\",\"potentialAction\":[{\"@type\":\"CommentAction\",\"name\":\"Comment\",\"target\":[\"https:\/\/noti-america.com\/site\/mexico\/2023\/08\/22\/mexico-realizara-segundo-simulacro-sismico-nacional\/#respond\"]}]},{\"@type\":\"WebPage\",\"@id\":\"https:\/\/noti-america.com\/site\/mexico\/2023\/08\/22\/mexico-realizara-segundo-simulacro-sismico-nacional\/\",\"url\":\"https:\/\/noti-america.com\/site\/mexico\/2023\/08\/22\/mexico-realizara-segundo-simulacro-sismico-nacional\/\",\"name\":\"M\u00e9xico realizar\u00e1 segundo simulacro s\u00edsmico nacional - M\u00e9xico\",\"isPartOf\":{\"@id\":\"https:\/\/noti-america.com\/site\/mexico\/#website\"},\"primaryImageOfPage\":{\"@id\":\"https:\/\/noti-america.com\/site\/mexico\/2023\/08\/22\/mexico-realizara-segundo-simulacro-sismico-nacional\/#primaryimage\"},\"image\":{\"@id\":\"https:\/\/noti-america.com\/site\/mexico\/2023\/08\/22\/mexico-realizara-segundo-simulacro-sismico-nacional\/#primaryimage\"},\"thumbnailUrl\":\"https:\/\/noti-america.com\/site\/mexico\/wp-content\/uploads\/sites\/13\/2023\/08\/obj_20220601t143331t0001d_1_1-1.jpg_1689854195.jpg\",\"datePublished\":\"2023-08-22T15:22:20+00:00\",\"breadcrumb\":{\"@id\":\"https:\/\/noti-america.com\/site\/mexico\/2023\/08\/22\/mexico-realizara-segundo-simulacro-sismico-nacional\/#breadcrumb\"},\"inLanguage\":\"es\",\"potentialAction\":[{\"@type\":\"ReadAction\",\"target\":[\"https:\/\/noti-america.com\/site\/mexico\/2023\/08\/22\/mexico-realizara-segundo-simulacro-sismico-nacional\/\"]}]},{\"@type\":\"ImageObject\",\"inLanguage\":\"es\",\"@id\":\"https:\/\/noti-america.com\/site\/mexico\/2023\/08\/22\/mexico-realizara-segundo-simulacro-sismico-nacional\/#primaryimage\",\"url\":\"https:\/\/noti-america.com\/site\/mexico\/wp-content\/uploads\/sites\/13\/2023\/08\/obj_20220601t143331t0001d_1_1-1.jpg_1689854195.jpg\",\"contentUrl\":\"https:\/\/noti-america.com\/site\/mexico\/wp-content\/uploads\/sites\/13\/2023\/08\/obj_20220601t143331t0001d_1_1-1.jpg_1689854195.jpg\",\"width\":600,\"height\":330},{\"@type\":\"BreadcrumbList\",\"@id\":\"https:\/\/noti-america.com\/site\/mexico\/2023\/08\/22\/mexico-realizara-segundo-simulacro-sismico-nacional\/#breadcrumb\",\"itemListElement\":[{\"@type\":\"ListItem\",\"position\":1,\"name\":\"Portada\",\"item\":\"https:\/\/noti-america.com\/site\/mexico\/\"},{\"@type\":\"ListItem\",\"position\":2,\"name\":\"M\u00e9xico realizar\u00e1 segundo simulacro s\u00edsmico nacional\"}]},{\"@type\":\"WebSite\",\"@id\":\"https:\/\/noti-america.com\/site\/mexico\/#website\",\"url\":\"https:\/\/noti-america.com\/site\/mexico\/\",\"name\":\"M\u00e9xico | Noti-America.com\",\"description\":\"\",\"publisher\":{\"@id\":\"https:\/\/noti-america.com\/site\/mexico\/#organization\"},\"potentialAction\":[{\"@type\":\"SearchAction\",\"target\":{\"@type\":\"EntryPoint\",\"urlTemplate\":\"https:\/\/noti-america.com\/site\/mexico\/?s={search_term_string}\"},\"query-input\":{\"@type\":\"PropertyValueSpecification\",\"valueRequired\":true,\"valueName\":\"search_term_string\"}}],\"inLanguage\":\"es\"},{\"@type\":\"Organization\",\"@id\":\"https:\/\/noti-america.com\/site\/mexico\/#organization\",\"name\":\"Noti-America LLC | M\u00e9xico\",\"url\":\"https:\/\/noti-america.com\/site\/mexico\/\",\"logo\":{\"@type\":\"ImageObject\",\"inLanguage\":\"es\",\"@id\":\"https:\/\/noti-america.com\/site\/mexico\/#\/schema\/logo\/image\/\",\"url\":\"https:\/\/noti-america.com\/site\/mexico\/wp-content\/uploads\/sites\/13\/2020\/07\/LogoNA-4x3-1.jpg\",\"contentUrl\":\"https:\/\/noti-america.com\/site\/mexico\/wp-content\/uploads\/sites\/13\/2020\/07\/LogoNA-4x3-1.jpg\",\"width\":1236,\"height\":1080,\"caption\":\"Noti-America LLC | M\u00e9xico\"},\"image\":{\"@id\":\"https:\/\/noti-america.com\/site\/mexico\/#\/schema\/logo\/image\/\"}},{\"@type\":\"Person\",\"@id\":\"https:\/\/noti-america.com\/site\/mexico\/#\/schema\/person\/22806efcc2cfc4b45efb0e17be210ea8\",\"name\":\"Maria Valentina Noguera Medina\",\"image\":{\"@type\":\"ImageObject\",\"inLanguage\":\"es\",\"@id\":\"https:\/\/secure.gravatar.com\/avatar\/4ec5eb9d099f2608a49c9df6f7341f66f04f819cdffa09d56a7a0e91d2819d56?s=96&d=mm&r=g\",\"url\":\"https:\/\/secure.gravatar.com\/avatar\/4ec5eb9d099f2608a49c9df6f7341f66f04f819cdffa09d56a7a0e91d2819d56?s=96&d=mm&r=g\",\"contentUrl\":\"https:\/\/secure.gravatar.com\/avatar\/4ec5eb9d099f2608a49c9df6f7341f66f04f819cdffa09d56a7a0e91d2819d56?s=96&d=mm&r=g\",\"caption\":\"Maria Valentina Noguera Medina\"},\"description\":\"Periodista - noti-america - Promar Community Manager - Talento Plus Dise\u00f1adora\/ creadora de contenido...\",\"sameAs\":[\"Mar\u00eda Valentina Noguera\",\"https:\/\/www.facebook.com\/mariavalentina.noguera\",\"https:\/\/www.linkedin.com\/in\/mara-valentina-noguera-medina-373075165\/\",\"https:\/\/www.pinterest.es\/valentinanoguera95\/\",\"https:\/\/www.youtube.com\/channel\/UCdek6mbUZ-Tqqw0I63i4nmQ\"],\"url\":\"https:\/\/noti-america.com\/site\/mexico\/author\/mnoguera\/\"}]}<\/script>\n<!-- \/ Yoast SEO Premium plugin. -->","yoast_head_json":{"title":"M\u00e9xico realizar\u00e1 segundo simulacro s\u00edsmico nacional - M\u00e9xico","robots":{"index":"index","follow":"follow","max-snippet":"max-snippet:-1","max-image-preview":"max-image-preview:large","max-video-preview":"max-video-preview:-1"},"canonical":"https:\/\/noti-america.com\/site\/mexico\/2023\/08\/22\/mexico-realizara-segundo-simulacro-sismico-nacional\/","og_locale":"es_ES","og_type":"article","og_title":"M\u00e9xico realizar\u00e1 segundo simulacro s\u00edsmico nacional","og_description":"NOTI-AMERICA.COM | M\u00c9XICO \u2013 El Gobierno de M\u00e9xico anunci\u00f3 que, para este pr\u00f3ximo 19 de septiembre, realizar\u00e1 el segundo simulacro s\u00edsmico nacional, en esta ocasi\u00f3n con cuatro escenarios hipot\u00e9ticos que pueden darse en la&#46;&#46;&#46;","og_url":"https:\/\/noti-america.com\/site\/mexico\/2023\/08\/22\/mexico-realizara-segundo-simulacro-sismico-nacional\/","og_site_name":"M\u00e9xico","article_author":"Mar\u00eda Valentina Noguera","article_published_time":"2023-08-22T15:22:20+00:00","og_image":[{"width":600,"height":330,"url":"https:\/\/noti-america.com\/site\/mexico\/wp-content\/uploads\/sites\/13\/2023\/08\/obj_20220601t143331t0001d_1_1-1.jpg_1689854195.jpg","type":"image\/jpeg"}],"author":"Maria Valentina Noguera Medina","twitter_card":"summary_large_image","twitter_misc":{"Escrito por":"Maria Valentina Noguera Medina","Tiempo estimado de lectura":"1 minuto"},"schema":{"@context":"https:\/\/schema.org","@graph":[{"@type":"Article","@id":"https:\/\/noti-america.com\/site\/mexico\/2023\/08\/22\/mexico-realizara-segundo-simulacro-sismico-nacional\/#article","isPartOf":{"@id":"https:\/\/noti-america.com\/site\/mexico\/2023\/08\/22\/mexico-realizara-segundo-simulacro-sismico-nacional\/"},"author":{"name":"Maria Valentina Noguera Medina","@id":"https:\/\/noti-america.com\/site\/mexico\/#\/schema\/person\/22806efcc2cfc4b45efb0e17be210ea8"},"headline":"M\u00e9xico realizar\u00e1 segundo simulacro s\u00edsmico nacional","datePublished":"2023-08-22T15:22:20+00:00","mainEntityOfPage":{"@id":"https:\/\/noti-america.com\/site\/mexico\/2023\/08\/22\/mexico-realizara-segundo-simulacro-sismico-nacional\/"},"wordCount":203,"commentCount":0,"publisher":{"@id":"https:\/\/noti-america.com\/site\/mexico\/#organization"},"image":{"@id":"https:\/\/noti-america.com\/site\/mexico\/2023\/08\/22\/mexico-realizara-segundo-simulacro-sismico-nacional\/#primaryimage"},"thumbnailUrl":"https:\/\/noti-america.com\/site\/mexico\/wp-content\/uploads\/sites\/13\/2023\/08\/obj_20220601t143331t0001d_1_1-1.jpg_1689854195.jpg","articleSection":["Nacionales"],"inLanguage":"es","potentialAction":[{"@type":"CommentAction","name":"Comment","target":["https:\/\/noti-america.com\/site\/mexico\/2023\/08\/22\/mexico-realizara-segundo-simulacro-sismico-nacional\/#respond"]}]},{"@type":"WebPage","@id":"https:\/\/noti-america.com\/site\/mexico\/2023\/08\/22\/mexico-realizara-segundo-simulacro-sismico-nacional\/","url":"https:\/\/noti-america.com\/site\/mexico\/2023\/08\/22\/mexico-realizara-segundo-simulacro-sismico-nacional\/","name":"M\u00e9xico realizar\u00e1 segundo simulacro s\u00edsmico nacional - M\u00e9xico","isPartOf":{"@id":"https:\/\/noti-america.com\/site\/mexico\/#website"},"primaryImageOfPage":{"@id":"https:\/\/noti-america.com\/site\/mexico\/2023\/08\/22\/mexico-realizara-segundo-simulacro-sismico-nacional\/#primaryimage"},"image":{"@id":"https:\/\/noti-america.com\/site\/mexico\/2023\/08\/22\/mexico-realizara-segundo-simulacro-sismico-nacional\/#primaryimage"},"thumbnailUrl":"https:\/\/noti-america.com\/site\/mexico\/wp-content\/uploads\/sites\/13\/2023\/08\/obj_20220601t143331t0001d_1_1-1.jpg_1689854195.jpg","datePublished":"2023-08-22T15:22:20+00:00","breadcrumb":{"@id":"https:\/\/noti-america.com\/site\/mexico\/2023\/08\/22\/mexico-realizara-segundo-simulacro-sismico-nacional\/#breadcrumb"},"inLanguage":"es","potentialAction":[{"@type":"ReadAction","target":["https:\/\/noti-america.com\/site\/mexico\/2023\/08\/22\/mexico-realizara-segundo-simulacro-sismico-nacional\/"]}]},{"@type":"ImageObject","inLanguage":"es","@id":"https:\/\/noti-america.com\/site\/mexico\/2023\/08\/22\/mexico-realizara-segundo-simulacro-sismico-nacional\/#primaryimage","url":"https:\/\/noti-america.com\/site\/mexico\/wp-content\/uploads\/sites\/13\/2023\/08\/obj_20220601t143331t0001d_1_1-1.jpg_1689854195.jpg","contentUrl":"https:\/\/noti-america.com\/site\/mexico\/wp-content\/uploads\/sites\/13\/2023\/08\/obj_20220601t143331t0001d_1_1-1.jpg_1689854195.jpg","width":600,"height":330},{"@type":"BreadcrumbList","@id":"https:\/\/noti-america.com\/site\/mexico\/2023\/08\/22\/mexico-realizara-segundo-simulacro-sismico-nacional\/#breadcrumb","itemListElement":[{"@type":"ListItem","position":1,"name":"Portada","item":"https:\/\/noti-america.com\/site\/mexico\/"},{"@type":"ListItem","position":2,"name":"M\u00e9xico realizar\u00e1 segundo simulacro s\u00edsmico nacional"}]},{"@type":"WebSite","@id":"https:\/\/noti-america.com\/site\/mexico\/#website","url":"https:\/\/noti-america.com\/site\/mexico\/","name":"M\u00e9xico | Noti-America.com","description":"","publisher":{"@id":"https:\/\/noti-america.com\/site\/mexico\/#organization"},"potentialAction":[{"@type":"SearchAction","target":{"@type":"EntryPoint","urlTemplate":"https:\/\/noti-america.com\/site\/mexico\/?s={search_term_string}"},"query-input":{"@type":"PropertyValueSpecification","valueRequired":true,"valueName":"search_term_string"}}],"inLanguage":"es"},{"@type":"Organization","@id":"https:\/\/noti-america.com\/site\/mexico\/#organization","name":"Noti-America LLC | M\u00e9xico","url":"https:\/\/noti-america.com\/site\/mexico\/","logo":{"@type":"ImageObject","inLanguage":"es","@id":"https:\/\/noti-america.com\/site\/mexico\/#\/schema\/logo\/image\/","url":"https:\/\/noti-america.com\/site\/mexico\/wp-content\/uploads\/sites\/13\/2020\/07\/LogoNA-4x3-1.jpg","contentUrl":"https:\/\/noti-america.com\/site\/mexico\/wp-content\/uploads\/sites\/13\/2020\/07\/LogoNA-4x3-1.jpg","width":1236,"height":1080,"caption":"Noti-America LLC | M\u00e9xico"},"image":{"@id":"https:\/\/noti-america.com\/site\/mexico\/#\/schema\/logo\/image\/"}},{"@type":"Person","@id":"https:\/\/noti-america.com\/site\/mexico\/#\/schema\/person\/22806efcc2cfc4b45efb0e17be210ea8","name":"Maria Valentina Noguera Medina","image":{"@type":"ImageObject","inLanguage":"es","@id":"https:\/\/secure.gravatar.com\/avatar\/4ec5eb9d099f2608a49c9df6f7341f66f04f819cdffa09d56a7a0e91d2819d56?s=96&d=mm&r=g","url":"https:\/\/secure.gravatar.com\/avatar\/4ec5eb9d099f2608a49c9df6f7341f66f04f819cdffa09d56a7a0e91d2819d56?s=96&d=mm&r=g","contentUrl":"https:\/\/secure.gravatar.com\/avatar\/4ec5eb9d099f2608a49c9df6f7341f66f04f819cdffa09d56a7a0e91d2819d56?s=96&d=mm&r=g","caption":"Maria Valentina Noguera Medina"},"description":"Periodista - noti-america - Promar Community Manager - Talento Plus Dise\u00f1adora\/ creadora de contenido...","sameAs":["Mar\u00eda Valentina Noguera","https:\/\/www.facebook.com\/mariavalentina.noguera","https:\/\/www.linkedin.com\/in\/mara-valentina-noguera-medina-373075165\/","https:\/\/www.pinterest.es\/valentinanoguera95\/","https:\/\/www.youtube.com\/channel\/UCdek6mbUZ-Tqqw0I63i4nmQ"],"url":"https:\/\/noti-america.com\/site\/mexico\/author\/mnoguera\/"}]}},"_links":{"self":[{"href":"https:\/\/noti-america.com\/site\/mexico\/wp-json\/wp\/v2\/posts\/9556","targetHints":{"allow":["GET"]}}],"collection":[{"href":"https:\/\/noti-america.com\/site\/mexico\/wp-json\/wp\/v2\/posts"}],"about":[{"href":"https:\/\/noti-america.com\/site\/mexico\/wp-json\/wp\/v2\/types\/post"}],"author":[{"embeddable":true,"href":"https:\/\/noti-america.com\/site\/mexico\/wp-json\/wp\/v2\/users\/133"}],"replies":[{"embeddable":true,"href":"https:\/\/noti-america.com\/site\/mexico\/wp-json\/wp\/v2\/comments?post=9556"}],"version-history":[{"count":1,"href":"https:\/\/noti-america.com\/site\/mexico\/wp-json\/wp\/v2\/posts\/9556\/revisions"}],"predecessor-version":[{"id":9558,"href":"https:\/\/noti-america.com\/site\/mexico\/wp-json\/wp\/v2\/posts\/9556\/revisions\/9558"}],"wp:featuredmedia":[{"embeddable":true,"href":"https:\/\/noti-america.com\/site\/mexico\/wp-json\/wp\/v2\/media\/9557"}],"wp:attachment":[{"href":"https:\/\/noti-america.com\/site\/mexico\/wp-json\/wp\/v2\/media?parent=9556"}],"wp:term":[{"taxonomy":"category","embeddable":true,"href":"https:\/\/noti-america.com\/site\/mexico\/wp-json\/wp\/v2\/categories?post=9556"},{"taxonomy":"post_tag","embeddable":true,"href":"https:\/\/noti-america.com\/site\/mexico\/wp-json\/wp\/v2\/tags?post=9556"}],"curies":[{"name":"wp","href":"https:\/\/api.w.org\/{rel}","templated":true}]}}