{"id":9275,"date":"2023-06-26T15:42:31","date_gmt":"2023-06-26T15:42:31","guid":{"rendered":"https:\/\/noti-america.com\/site\/mexico\/?p=9275"},"modified":"2023-06-26T15:42:31","modified_gmt":"2023-06-26T15:42:31","slug":"mexico-y-colombia-dominan-la-natacion-en-centroamericanos-2023","status":"publish","type":"post","link":"https:\/\/noti-america.com\/site\/mexico\/2023\/06\/26\/mexico-y-colombia-dominan-la-natacion-en-centroamericanos-2023\/","title":{"rendered":"M\u00e9xico y Colombia dominan la nataci\u00f3n en Centroamericanos 2023"},"content":{"rendered":"<p>NOTI-AMERICA.COM | M\u00c9XICO \u2013 Los atletas de los equipos de nataci\u00f3n de M\u00e9xico y Colombia cosecharon varios t\u00edtulos en la primera\u00a0jornada de la nataci\u00f3n de los Juegos Centroamericanos y del Caribe de San Salvador 2023.<\/p>\n<p>Los nadadores mexicanos\u00a0ganaron tres medallas de oro en la piscina del Complejo Acu\u00e1tico Merliot, a la cuenta del relevo masculino 4\u00d7200 estilo libre, el relevo 4\u00d7100 combinado y la nadadora\u00a0Tayde Sansores en 50 espalda.<\/p>\n<p>Por su parte, Colombia alcanz\u00f3 par de preseas\u00a0doradas,\u00a0 con los triunfos de las nadadoras Stefania G\u00f3mez, en los 100 metros estilo pecho y Karen Durango, en los 400 libre.<\/p>\n<div>\n<div id=\"twitter-93\" class=\"ck-twitter\">\n<p>Guatemala, con Erik Gordillo, en 200 metros estilo mariposa y Trinidad y Tobago, por mediaci\u00f3n de Dylan Carter, en 100 metros libre, fueron las otras naciones que consiguieron al menos una medalla dorada\u00a0en la jornada que abri\u00f3 las competiciones de la nataci\u00f3n en la cita centroamericana.<\/p>\n<p>En el caso de Guatemala, ante la sanci\u00f3n del Comit\u00e9 Ol\u00edmpico Internacional (COI) que suspendi\u00f3 al\u00a0Comit\u00e9 Ol\u00edmpico del pa\u00eds centroamericano, sus atletas\u00a0tendr\u00e1n que competir como parte del\u00a0Centro Caribe Sports, sin himno ni bandera.<\/p>\n<p>Tras los resultados del s\u00e1bado, M\u00e9xico lidera la tabla de posiciones con tres medallas de oro, una de plata y dos de bronce, escoltado por Colombia (2-2-0), Guatemala (1-0-0), Trinidad y Tobago (1-0-0), Aruba (0-1-0), Bermuda (0-1-0), Cuba (0-1-0), Puerto Rico (0-1-0), Venezuela (0-0-4) y Rep\u00fablica Dominicana (0-0-1).<\/p>\n<p>Para la segunda jornada de la nataci\u00f3n de los Juegos Centroamericanos y del Caribe, prevista para este domingo, est\u00e1n programadas siete finales, incluida la del relevo 4\u00d7100 metros estilo libre masculino, considerado por expertos y seguidores como la prueba m\u00e1s espectacular de este deporte.<\/p>\n<\/div>\n<\/div>\n","protected":false},"excerpt":{"rendered":"<p>NOTI-AMERICA.COM | M\u00c9XICO \u2013 Los atletas de los equipos de nataci\u00f3n de M\u00e9xico y Colombia cosecharon varios t\u00edtulos en la primera\u00a0jornada de la nataci\u00f3n de los Juegos Centroamericanos y del Caribe de San Salvador&#46;&#46;&#46;<\/p>\n","protected":false},"author":133,"featured_media":9276,"comment_status":"open","ping_status":"open","sticky":false,"template":"","format":"image","meta":{"_acf_changed":false,"om_disable_all_campaigns":false,"rop_custom_images_group":[],"rop_custom_messages_group":[],"rop_publish_now":"initial","rop_publish_now_accounts":{"twitter_242054905_242054905":""},"rop_publish_now_history":[],"rop_publish_now_status":"pending","_uf_show_specific_survey":0,"_uf_disable_surveys":false,"footnotes":""},"categories":[16],"tags":[],"class_list":["post-9275","post","type-post","status-publish","format-image","has-post-thumbnail","hentry","category-deportes","post_format-post-format-image"],"acf":[],"aioseo_notices":[],"yoast_head":"<!-- This site is optimized with the Yoast SEO Premium plugin v24.9 (Yoast SEO v27.2) - https:\/\/yoast.com\/product\/yoast-seo-premium-wordpress\/ -->\n<title>M\u00e9xico y Colombia dominan la nataci\u00f3n en Centroamericanos 2023 - M\u00e9xico<\/title>\n<meta name=\"robots\" content=\"index, follow, max-snippet:-1, max-image-preview:large, max-video-preview:-1\" \/>\n<link rel=\"canonical\" href=\"https:\/\/noti-america.com\/site\/mexico\/2023\/06\/26\/mexico-y-colombia-dominan-la-natacion-en-centroamericanos-2023\/\" \/>\n<meta property=\"og:locale\" content=\"es_ES\" \/>\n<meta property=\"og:type\" content=\"article\" \/>\n<meta property=\"og:title\" content=\"M\u00e9xico y Colombia dominan la nataci\u00f3n en Centroamericanos 2023\" \/>\n<meta property=\"og:description\" content=\"NOTI-AMERICA.COM | M\u00c9XICO \u2013 Los atletas de los equipos de nataci\u00f3n de M\u00e9xico y Colombia cosecharon varios t\u00edtulos en la primera\u00a0jornada de la nataci\u00f3n de los Juegos Centroamericanos y del Caribe de San Salvador&#046;&#046;&#046;\" \/>\n<meta property=\"og:url\" content=\"https:\/\/noti-america.com\/site\/mexico\/2023\/06\/26\/mexico-y-colombia-dominan-la-natacion-en-centroamericanos-2023\/\" \/>\n<meta property=\"og:site_name\" content=\"M\u00e9xico\" \/>\n<meta property=\"article:author\" content=\"Mar\u00eda Valentina Noguera\" \/>\n<meta property=\"article:published_time\" content=\"2023-06-26T15:42:31+00:00\" \/>\n<meta property=\"og:image\" content=\"https:\/\/noti-america.com\/site\/mexico\/wp-content\/uploads\/sites\/13\/2023\/06\/mxxico__natacixn.jpg_1718483347.jpg\" \/>\n\t<meta property=\"og:image:width\" content=\"600\" \/>\n\t<meta property=\"og:image:height\" content=\"338\" \/>\n\t<meta property=\"og:image:type\" content=\"image\/jpeg\" \/>\n<meta name=\"author\" content=\"Maria Valentina Noguera Medina\" \/>\n<meta name=\"twitter:card\" content=\"summary_large_image\" \/>\n<meta name=\"twitter:label1\" content=\"Escrito por\" \/>\n\t<meta name=\"twitter:data1\" content=\"Maria Valentina Noguera Medina\" \/>\n\t<meta name=\"twitter:label2\" content=\"Tiempo estimado de lectura\" \/>\n\t<meta name=\"twitter:data2\" content=\"2 minutos\" \/>\n<script type=\"application\/ld+json\" class=\"yoast-schema-graph\">{\"@context\":\"https:\/\/schema.org\",\"@graph\":[{\"@type\":\"Article\",\"@id\":\"https:\/\/noti-america.com\/site\/mexico\/2023\/06\/26\/mexico-y-colombia-dominan-la-natacion-en-centroamericanos-2023\/#article\",\"isPartOf\":{\"@id\":\"https:\/\/noti-america.com\/site\/mexico\/2023\/06\/26\/mexico-y-colombia-dominan-la-natacion-en-centroamericanos-2023\/\"},\"author\":{\"name\":\"Maria Valentina Noguera Medina\",\"@id\":\"https:\/\/noti-america.com\/site\/mexico\/#\/schema\/person\/22806efcc2cfc4b45efb0e17be210ea8\"},\"headline\":\"M\u00e9xico y Colombia dominan la nataci\u00f3n en Centroamericanos 2023\",\"datePublished\":\"2023-06-26T15:42:31+00:00\",\"mainEntityOfPage\":{\"@id\":\"https:\/\/noti-america.com\/site\/mexico\/2023\/06\/26\/mexico-y-colombia-dominan-la-natacion-en-centroamericanos-2023\/\"},\"wordCount\":306,\"commentCount\":0,\"publisher\":{\"@id\":\"https:\/\/noti-america.com\/site\/mexico\/#organization\"},\"image\":{\"@id\":\"https:\/\/noti-america.com\/site\/mexico\/2023\/06\/26\/mexico-y-colombia-dominan-la-natacion-en-centroamericanos-2023\/#primaryimage\"},\"thumbnailUrl\":\"https:\/\/noti-america.com\/site\/mexico\/wp-content\/uploads\/sites\/13\/2023\/06\/mxxico__natacixn.jpg_1718483347.jpg\",\"articleSection\":[\"Deportes\"],\"inLanguage\":\"es\",\"potentialAction\":[{\"@type\":\"CommentAction\",\"name\":\"Comment\",\"target\":[\"https:\/\/noti-america.com\/site\/mexico\/2023\/06\/26\/mexico-y-colombia-dominan-la-natacion-en-centroamericanos-2023\/#respond\"]}]},{\"@type\":\"WebPage\",\"@id\":\"https:\/\/noti-america.com\/site\/mexico\/2023\/06\/26\/mexico-y-colombia-dominan-la-natacion-en-centroamericanos-2023\/\",\"url\":\"https:\/\/noti-america.com\/site\/mexico\/2023\/06\/26\/mexico-y-colombia-dominan-la-natacion-en-centroamericanos-2023\/\",\"name\":\"M\u00e9xico y Colombia dominan la nataci\u00f3n en Centroamericanos 2023 - M\u00e9xico\",\"isPartOf\":{\"@id\":\"https:\/\/noti-america.com\/site\/mexico\/#website\"},\"primaryImageOfPage\":{\"@id\":\"https:\/\/noti-america.com\/site\/mexico\/2023\/06\/26\/mexico-y-colombia-dominan-la-natacion-en-centroamericanos-2023\/#primaryimage\"},\"image\":{\"@id\":\"https:\/\/noti-america.com\/site\/mexico\/2023\/06\/26\/mexico-y-colombia-dominan-la-natacion-en-centroamericanos-2023\/#primaryimage\"},\"thumbnailUrl\":\"https:\/\/noti-america.com\/site\/mexico\/wp-content\/uploads\/sites\/13\/2023\/06\/mxxico__natacixn.jpg_1718483347.jpg\",\"datePublished\":\"2023-06-26T15:42:31+00:00\",\"breadcrumb\":{\"@id\":\"https:\/\/noti-america.com\/site\/mexico\/2023\/06\/26\/mexico-y-colombia-dominan-la-natacion-en-centroamericanos-2023\/#breadcrumb\"},\"inLanguage\":\"es\",\"potentialAction\":[{\"@type\":\"ReadAction\",\"target\":[\"https:\/\/noti-america.com\/site\/mexico\/2023\/06\/26\/mexico-y-colombia-dominan-la-natacion-en-centroamericanos-2023\/\"]}]},{\"@type\":\"ImageObject\",\"inLanguage\":\"es\",\"@id\":\"https:\/\/noti-america.com\/site\/mexico\/2023\/06\/26\/mexico-y-colombia-dominan-la-natacion-en-centroamericanos-2023\/#primaryimage\",\"url\":\"https:\/\/noti-america.com\/site\/mexico\/wp-content\/uploads\/sites\/13\/2023\/06\/mxxico__natacixn.jpg_1718483347.jpg\",\"contentUrl\":\"https:\/\/noti-america.com\/site\/mexico\/wp-content\/uploads\/sites\/13\/2023\/06\/mxxico__natacixn.jpg_1718483347.jpg\",\"width\":600,\"height\":338},{\"@type\":\"BreadcrumbList\",\"@id\":\"https:\/\/noti-america.com\/site\/mexico\/2023\/06\/26\/mexico-y-colombia-dominan-la-natacion-en-centroamericanos-2023\/#breadcrumb\",\"itemListElement\":[{\"@type\":\"ListItem\",\"position\":1,\"name\":\"Portada\",\"item\":\"https:\/\/noti-america.com\/site\/mexico\/\"},{\"@type\":\"ListItem\",\"position\":2,\"name\":\"M\u00e9xico y Colombia dominan la nataci\u00f3n en Centroamericanos 2023\"}]},{\"@type\":\"WebSite\",\"@id\":\"https:\/\/noti-america.com\/site\/mexico\/#website\",\"url\":\"https:\/\/noti-america.com\/site\/mexico\/\",\"name\":\"M\u00e9xico | Noti-America.com\",\"description\":\"\",\"publisher\":{\"@id\":\"https:\/\/noti-america.com\/site\/mexico\/#organization\"},\"potentialAction\":[{\"@type\":\"SearchAction\",\"target\":{\"@type\":\"EntryPoint\",\"urlTemplate\":\"https:\/\/noti-america.com\/site\/mexico\/?s={search_term_string}\"},\"query-input\":{\"@type\":\"PropertyValueSpecification\",\"valueRequired\":true,\"valueName\":\"search_term_string\"}}],\"inLanguage\":\"es\"},{\"@type\":\"Organization\",\"@id\":\"https:\/\/noti-america.com\/site\/mexico\/#organization\",\"name\":\"Noti-America LLC | M\u00e9xico\",\"url\":\"https:\/\/noti-america.com\/site\/mexico\/\",\"logo\":{\"@type\":\"ImageObject\",\"inLanguage\":\"es\",\"@id\":\"https:\/\/noti-america.com\/site\/mexico\/#\/schema\/logo\/image\/\",\"url\":\"https:\/\/noti-america.com\/site\/mexico\/wp-content\/uploads\/sites\/13\/2020\/07\/LogoNA-4x3-1.jpg\",\"contentUrl\":\"https:\/\/noti-america.com\/site\/mexico\/wp-content\/uploads\/sites\/13\/2020\/07\/LogoNA-4x3-1.jpg\",\"width\":1236,\"height\":1080,\"caption\":\"Noti-America LLC | M\u00e9xico\"},\"image\":{\"@id\":\"https:\/\/noti-america.com\/site\/mexico\/#\/schema\/logo\/image\/\"}},{\"@type\":\"Person\",\"@id\":\"https:\/\/noti-america.com\/site\/mexico\/#\/schema\/person\/22806efcc2cfc4b45efb0e17be210ea8\",\"name\":\"Maria Valentina Noguera Medina\",\"image\":{\"@type\":\"ImageObject\",\"inLanguage\":\"es\",\"@id\":\"https:\/\/secure.gravatar.com\/avatar\/4ec5eb9d099f2608a49c9df6f7341f66f04f819cdffa09d56a7a0e91d2819d56?s=96&d=mm&r=g\",\"url\":\"https:\/\/secure.gravatar.com\/avatar\/4ec5eb9d099f2608a49c9df6f7341f66f04f819cdffa09d56a7a0e91d2819d56?s=96&d=mm&r=g\",\"contentUrl\":\"https:\/\/secure.gravatar.com\/avatar\/4ec5eb9d099f2608a49c9df6f7341f66f04f819cdffa09d56a7a0e91d2819d56?s=96&d=mm&r=g\",\"caption\":\"Maria Valentina Noguera Medina\"},\"description\":\"Periodista - noti-america - Promar Community Manager - Talento Plus Dise\u00f1adora\/ creadora de contenido...\",\"sameAs\":[\"Mar\u00eda Valentina Noguera\",\"https:\/\/www.facebook.com\/mariavalentina.noguera\",\"https:\/\/www.linkedin.com\/in\/mara-valentina-noguera-medina-373075165\/\",\"https:\/\/www.pinterest.es\/valentinanoguera95\/\",\"https:\/\/www.youtube.com\/channel\/UCdek6mbUZ-Tqqw0I63i4nmQ\"],\"url\":\"https:\/\/noti-america.com\/site\/mexico\/author\/mnoguera\/\"}]}<\/script>\n<!-- \/ Yoast SEO Premium plugin. -->","yoast_head_json":{"title":"M\u00e9xico y Colombia dominan la nataci\u00f3n en Centroamericanos 2023 - M\u00e9xico","robots":{"index":"index","follow":"follow","max-snippet":"max-snippet:-1","max-image-preview":"max-image-preview:large","max-video-preview":"max-video-preview:-1"},"canonical":"https:\/\/noti-america.com\/site\/mexico\/2023\/06\/26\/mexico-y-colombia-dominan-la-natacion-en-centroamericanos-2023\/","og_locale":"es_ES","og_type":"article","og_title":"M\u00e9xico y Colombia dominan la nataci\u00f3n en Centroamericanos 2023","og_description":"NOTI-AMERICA.COM | M\u00c9XICO \u2013 Los atletas de los equipos de nataci\u00f3n de M\u00e9xico y Colombia cosecharon varios t\u00edtulos en la primera\u00a0jornada de la nataci\u00f3n de los Juegos Centroamericanos y del Caribe de San Salvador&#46;&#46;&#46;","og_url":"https:\/\/noti-america.com\/site\/mexico\/2023\/06\/26\/mexico-y-colombia-dominan-la-natacion-en-centroamericanos-2023\/","og_site_name":"M\u00e9xico","article_author":"Mar\u00eda Valentina Noguera","article_published_time":"2023-06-26T15:42:31+00:00","og_image":[{"width":600,"height":338,"url":"https:\/\/noti-america.com\/site\/mexico\/wp-content\/uploads\/sites\/13\/2023\/06\/mxxico__natacixn.jpg_1718483347.jpg","type":"image\/jpeg"}],"author":"Maria Valentina Noguera Medina","twitter_card":"summary_large_image","twitter_misc":{"Escrito por":"Maria Valentina Noguera Medina","Tiempo estimado de lectura":"2 minutos"},"schema":{"@context":"https:\/\/schema.org","@graph":[{"@type":"Article","@id":"https:\/\/noti-america.com\/site\/mexico\/2023\/06\/26\/mexico-y-colombia-dominan-la-natacion-en-centroamericanos-2023\/#article","isPartOf":{"@id":"https:\/\/noti-america.com\/site\/mexico\/2023\/06\/26\/mexico-y-colombia-dominan-la-natacion-en-centroamericanos-2023\/"},"author":{"name":"Maria Valentina Noguera Medina","@id":"https:\/\/noti-america.com\/site\/mexico\/#\/schema\/person\/22806efcc2cfc4b45efb0e17be210ea8"},"headline":"M\u00e9xico y Colombia dominan la nataci\u00f3n en Centroamericanos 2023","datePublished":"2023-06-26T15:42:31+00:00","mainEntityOfPage":{"@id":"https:\/\/noti-america.com\/site\/mexico\/2023\/06\/26\/mexico-y-colombia-dominan-la-natacion-en-centroamericanos-2023\/"},"wordCount":306,"commentCount":0,"publisher":{"@id":"https:\/\/noti-america.com\/site\/mexico\/#organization"},"image":{"@id":"https:\/\/noti-america.com\/site\/mexico\/2023\/06\/26\/mexico-y-colombia-dominan-la-natacion-en-centroamericanos-2023\/#primaryimage"},"thumbnailUrl":"https:\/\/noti-america.com\/site\/mexico\/wp-content\/uploads\/sites\/13\/2023\/06\/mxxico__natacixn.jpg_1718483347.jpg","articleSection":["Deportes"],"inLanguage":"es","potentialAction":[{"@type":"CommentAction","name":"Comment","target":["https:\/\/noti-america.com\/site\/mexico\/2023\/06\/26\/mexico-y-colombia-dominan-la-natacion-en-centroamericanos-2023\/#respond"]}]},{"@type":"WebPage","@id":"https:\/\/noti-america.com\/site\/mexico\/2023\/06\/26\/mexico-y-colombia-dominan-la-natacion-en-centroamericanos-2023\/","url":"https:\/\/noti-america.com\/site\/mexico\/2023\/06\/26\/mexico-y-colombia-dominan-la-natacion-en-centroamericanos-2023\/","name":"M\u00e9xico y Colombia dominan la nataci\u00f3n en Centroamericanos 2023 - M\u00e9xico","isPartOf":{"@id":"https:\/\/noti-america.com\/site\/mexico\/#website"},"primaryImageOfPage":{"@id":"https:\/\/noti-america.com\/site\/mexico\/2023\/06\/26\/mexico-y-colombia-dominan-la-natacion-en-centroamericanos-2023\/#primaryimage"},"image":{"@id":"https:\/\/noti-america.com\/site\/mexico\/2023\/06\/26\/mexico-y-colombia-dominan-la-natacion-en-centroamericanos-2023\/#primaryimage"},"thumbnailUrl":"https:\/\/noti-america.com\/site\/mexico\/wp-content\/uploads\/sites\/13\/2023\/06\/mxxico__natacixn.jpg_1718483347.jpg","datePublished":"2023-06-26T15:42:31+00:00","breadcrumb":{"@id":"https:\/\/noti-america.com\/site\/mexico\/2023\/06\/26\/mexico-y-colombia-dominan-la-natacion-en-centroamericanos-2023\/#breadcrumb"},"inLanguage":"es","potentialAction":[{"@type":"ReadAction","target":["https:\/\/noti-america.com\/site\/mexico\/2023\/06\/26\/mexico-y-colombia-dominan-la-natacion-en-centroamericanos-2023\/"]}]},{"@type":"ImageObject","inLanguage":"es","@id":"https:\/\/noti-america.com\/site\/mexico\/2023\/06\/26\/mexico-y-colombia-dominan-la-natacion-en-centroamericanos-2023\/#primaryimage","url":"https:\/\/noti-america.com\/site\/mexico\/wp-content\/uploads\/sites\/13\/2023\/06\/mxxico__natacixn.jpg_1718483347.jpg","contentUrl":"https:\/\/noti-america.com\/site\/mexico\/wp-content\/uploads\/sites\/13\/2023\/06\/mxxico__natacixn.jpg_1718483347.jpg","width":600,"height":338},{"@type":"BreadcrumbList","@id":"https:\/\/noti-america.com\/site\/mexico\/2023\/06\/26\/mexico-y-colombia-dominan-la-natacion-en-centroamericanos-2023\/#breadcrumb","itemListElement":[{"@type":"ListItem","position":1,"name":"Portada","item":"https:\/\/noti-america.com\/site\/mexico\/"},{"@type":"ListItem","position":2,"name":"M\u00e9xico y Colombia dominan la nataci\u00f3n en Centroamericanos 2023"}]},{"@type":"WebSite","@id":"https:\/\/noti-america.com\/site\/mexico\/#website","url":"https:\/\/noti-america.com\/site\/mexico\/","name":"M\u00e9xico | Noti-America.com","description":"","publisher":{"@id":"https:\/\/noti-america.com\/site\/mexico\/#organization"},"potentialAction":[{"@type":"SearchAction","target":{"@type":"EntryPoint","urlTemplate":"https:\/\/noti-america.com\/site\/mexico\/?s={search_term_string}"},"query-input":{"@type":"PropertyValueSpecification","valueRequired":true,"valueName":"search_term_string"}}],"inLanguage":"es"},{"@type":"Organization","@id":"https:\/\/noti-america.com\/site\/mexico\/#organization","name":"Noti-America LLC | M\u00e9xico","url":"https:\/\/noti-america.com\/site\/mexico\/","logo":{"@type":"ImageObject","inLanguage":"es","@id":"https:\/\/noti-america.com\/site\/mexico\/#\/schema\/logo\/image\/","url":"https:\/\/noti-america.com\/site\/mexico\/wp-content\/uploads\/sites\/13\/2020\/07\/LogoNA-4x3-1.jpg","contentUrl":"https:\/\/noti-america.com\/site\/mexico\/wp-content\/uploads\/sites\/13\/2020\/07\/LogoNA-4x3-1.jpg","width":1236,"height":1080,"caption":"Noti-America LLC | M\u00e9xico"},"image":{"@id":"https:\/\/noti-america.com\/site\/mexico\/#\/schema\/logo\/image\/"}},{"@type":"Person","@id":"https:\/\/noti-america.com\/site\/mexico\/#\/schema\/person\/22806efcc2cfc4b45efb0e17be210ea8","name":"Maria Valentina Noguera Medina","image":{"@type":"ImageObject","inLanguage":"es","@id":"https:\/\/secure.gravatar.com\/avatar\/4ec5eb9d099f2608a49c9df6f7341f66f04f819cdffa09d56a7a0e91d2819d56?s=96&d=mm&r=g","url":"https:\/\/secure.gravatar.com\/avatar\/4ec5eb9d099f2608a49c9df6f7341f66f04f819cdffa09d56a7a0e91d2819d56?s=96&d=mm&r=g","contentUrl":"https:\/\/secure.gravatar.com\/avatar\/4ec5eb9d099f2608a49c9df6f7341f66f04f819cdffa09d56a7a0e91d2819d56?s=96&d=mm&r=g","caption":"Maria Valentina Noguera Medina"},"description":"Periodista - noti-america - Promar Community Manager - Talento Plus Dise\u00f1adora\/ creadora de contenido...","sameAs":["Mar\u00eda Valentina Noguera","https:\/\/www.facebook.com\/mariavalentina.noguera","https:\/\/www.linkedin.com\/in\/mara-valentina-noguera-medina-373075165\/","https:\/\/www.pinterest.es\/valentinanoguera95\/","https:\/\/www.youtube.com\/channel\/UCdek6mbUZ-Tqqw0I63i4nmQ"],"url":"https:\/\/noti-america.com\/site\/mexico\/author\/mnoguera\/"}]}},"_links":{"self":[{"href":"https:\/\/noti-america.com\/site\/mexico\/wp-json\/wp\/v2\/posts\/9275","targetHints":{"allow":["GET"]}}],"collection":[{"href":"https:\/\/noti-america.com\/site\/mexico\/wp-json\/wp\/v2\/posts"}],"about":[{"href":"https:\/\/noti-america.com\/site\/mexico\/wp-json\/wp\/v2\/types\/post"}],"author":[{"embeddable":true,"href":"https:\/\/noti-america.com\/site\/mexico\/wp-json\/wp\/v2\/users\/133"}],"replies":[{"embeddable":true,"href":"https:\/\/noti-america.com\/site\/mexico\/wp-json\/wp\/v2\/comments?post=9275"}],"version-history":[{"count":1,"href":"https:\/\/noti-america.com\/site\/mexico\/wp-json\/wp\/v2\/posts\/9275\/revisions"}],"predecessor-version":[{"id":9277,"href":"https:\/\/noti-america.com\/site\/mexico\/wp-json\/wp\/v2\/posts\/9275\/revisions\/9277"}],"wp:featuredmedia":[{"embeddable":true,"href":"https:\/\/noti-america.com\/site\/mexico\/wp-json\/wp\/v2\/media\/9276"}],"wp:attachment":[{"href":"https:\/\/noti-america.com\/site\/mexico\/wp-json\/wp\/v2\/media?parent=9275"}],"wp:term":[{"taxonomy":"category","embeddable":true,"href":"https:\/\/noti-america.com\/site\/mexico\/wp-json\/wp\/v2\/categories?post=9275"},{"taxonomy":"post_tag","embeddable":true,"href":"https:\/\/noti-america.com\/site\/mexico\/wp-json\/wp\/v2\/tags?post=9275"}],"curies":[{"name":"wp","href":"https:\/\/api.w.org\/{rel}","templated":true}]}}