{"id":9083,"date":"2023-05-08T15:33:47","date_gmt":"2023-05-08T15:33:47","guid":{"rendered":"https:\/\/noti-america.com\/site\/mexico\/?p=9083"},"modified":"2023-05-08T15:37:23","modified_gmt":"2023-05-08T15:37:23","slug":"mexico-advierte-a-migrantes-que-seguiran-las-expulsiones-y-riesgos","status":"publish","type":"post","link":"https:\/\/noti-america.com\/site\/mexico\/2023\/05\/08\/mexico-advierte-a-migrantes-que-seguiran-las-expulsiones-y-riesgos\/","title":{"rendered":"M\u00e9xico advierte a migrantes que seguir\u00e1n las expulsiones y riesgos"},"content":{"rendered":"<p style=\"text-align: justify\">NOTI-AMERICA.COM | M\u00c9XICO \u2013 El gobierno mexicano envi\u00f3 este viernes un mensaje contundente a los migrantes para que no se dejen enga\u00f1ar por los traficantes y opten por llegar a Estados Unidos gestionando sus solicitudes para las visas antes de entrar a M\u00e9xico, porque aunque la semana que viene cambiar\u00e1n algunas normas, Washington seguir\u00e1 expulsando a quienes crucen ilegalmente y los riesgos de cruzar el pa\u00eds latinoamericano siguen siendo una realidad.<\/p>\n<p style=\"text-align: justify\">\u201cEstamos viendo un flujo los \u00faltimos d\u00edas muy importante sobre la base de un enga\u00f1o\u201d, explic\u00f3 el secretario de Relaciones Exteriores, Marcelo Ebrard. Los traficantes o polleros \u201cles dicen: ap\u00farense a llegar a Estados Unidos cruzando M\u00e9xico porque el 11 de mayo van a quitar el titulo 42\u201d, la norma sanitaria impuesta al inicio de la pandemia que permit\u00eda expulsiones inmediatas con la excusa de la Covid-19.<\/p>\n<p style=\"text-align: justify\">\u201cNo es cierto\u2026 que van a dejar de repatriar a personas que ingresen de manera indocumentada\u201d, insisti\u00f3 el canciller durante la conferencia matutina presidencial. \u201cEs un enga\u00f1o y se arriesgan\u201d.<\/p>\n<p style=\"text-align: justify\">Adem\u00e1s del peligro de viajar hacinados en camiones, o de exponerse a robos o extorsiones de delincuentes y autoridades, otro de los grandes riesgos son los secuestros.<\/p>\n<p style=\"text-align: justify\">El a\u00f1o pasado, m\u00e1s de 2.100 extranjeros fueron retenidos por traficantes de migrantes, seg\u00fan inform\u00f3 el viernes el Instituto Nacional de Migraci\u00f3n en un comunicado. En los \u00faltimos meses la situaci\u00f3n ha empeorado o, al menos, se ha tenido informaci\u00f3n de m\u00e1s casos masivos.<\/p>\n<p style=\"text-align: justify\">Uno de los \u00faltimos tuvo lugar en Sonora, estado fronterizo con Arizona, donde diez colombianos fueron secuestrados esta semana y liberados el viernes por la noche, confirmaron a la AP familiares y el c\u00f3nsul de Colombia en M\u00e9xico, Andr\u00e9s Camilo Hern\u00e1ndez.<\/p>\n<p style=\"text-align: justify\">Seg\u00fan explic\u00f3 Johan Morales por v\u00eda telef\u00f3nica desde Bogot\u00e1, el martes por la ma\u00f1ana perdieron la pista de sus padres, su hermano de 18 a\u00f1os, sus t\u00edos y varios amigos ya cerca de la ciudad fronteriza San Luis R\u00edo Colorado, desde donde planeaban entregarse a las autoridades estadounidenses para solicitar asilo despu\u00e9s de recorrer en autob\u00fas casi 1.800 kil\u00f3metros, desde la ciudad de Tepic, en el Pac\u00edfico.<\/p>\n<p>&nbsp;<\/p>\n<p>&nbsp;<\/p>\n<p><strong>Fuente: El Informador\u00a0<\/strong><\/p>\n","protected":false},"excerpt":{"rendered":"<p>NOTI-AMERICA.COM | M\u00c9XICO \u2013 El gobierno mexicano envi\u00f3 este viernes un mensaje contundente a los migrantes para que no se dejen enga\u00f1ar por los traficantes y opten por llegar a Estados Unidos gestionando sus&#46;&#46;&#46;<\/p>\n","protected":false},"author":133,"featured_media":9084,"comment_status":"open","ping_status":"open","sticky":false,"template":"","format":"image","meta":{"_acf_changed":false,"om_disable_all_campaigns":false,"rop_custom_images_group":[],"rop_custom_messages_group":[],"rop_publish_now":"initial","rop_publish_now_accounts":{"twitter_242054905_242054905":""},"rop_publish_now_history":[],"rop_publish_now_status":"pending","_uf_show_specific_survey":0,"_uf_disable_surveys":false,"footnotes":""},"categories":[740],"tags":[],"class_list":["post-9083","post","type-post","status-publish","format-image","has-post-thumbnail","hentry","category-migracion","post_format-post-format-image"],"acf":[],"aioseo_notices":[],"yoast_head":"<!-- This site is optimized with the Yoast SEO Premium plugin v24.9 (Yoast SEO v27.2) - https:\/\/yoast.com\/product\/yoast-seo-premium-wordpress\/ -->\n<title>M\u00e9xico advierte a migrantes que seguir\u00e1n las expulsiones y riesgos - M\u00e9xico<\/title>\n<meta name=\"robots\" content=\"index, follow, max-snippet:-1, max-image-preview:large, max-video-preview:-1\" \/>\n<link rel=\"canonical\" href=\"https:\/\/noti-america.com\/site\/mexico\/2023\/05\/08\/mexico-advierte-a-migrantes-que-seguiran-las-expulsiones-y-riesgos\/\" \/>\n<meta property=\"og:locale\" content=\"es_ES\" \/>\n<meta property=\"og:type\" content=\"article\" \/>\n<meta property=\"og:title\" content=\"M\u00e9xico advierte a migrantes que seguir\u00e1n las expulsiones y riesgos\" \/>\n<meta property=\"og:description\" content=\"NOTI-AMERICA.COM | M\u00c9XICO \u2013 El gobierno mexicano envi\u00f3 este viernes un mensaje contundente a los migrantes para que no se dejen enga\u00f1ar por los traficantes y opten por llegar a Estados Unidos gestionando sus&#046;&#046;&#046;\" \/>\n<meta property=\"og:url\" content=\"https:\/\/noti-america.com\/site\/mexico\/2023\/05\/08\/mexico-advierte-a-migrantes-que-seguiran-las-expulsiones-y-riesgos\/\" \/>\n<meta property=\"og:site_name\" content=\"M\u00e9xico\" \/>\n<meta property=\"article:author\" content=\"Mar\u00eda Valentina Noguera\" \/>\n<meta property=\"article:published_time\" content=\"2023-05-08T15:33:47+00:00\" \/>\n<meta property=\"article:modified_time\" content=\"2023-05-08T15:37:23+00:00\" \/>\n<meta property=\"og:image\" content=\"https:\/\/noti-america.com\/site\/mexico\/wp-content\/uploads\/sites\/13\/2023\/05\/migrantes-mexico-ap.jpeg\" \/>\n\t<meta property=\"og:image:width\" content=\"1024\" \/>\n\t<meta property=\"og:image:height\" content=\"683\" \/>\n\t<meta property=\"og:image:type\" content=\"image\/jpeg\" \/>\n<meta name=\"author\" content=\"Maria Valentina Noguera Medina\" \/>\n<meta name=\"twitter:card\" content=\"summary_large_image\" \/>\n<meta name=\"twitter:label1\" content=\"Escrito por\" \/>\n\t<meta name=\"twitter:data1\" content=\"Maria Valentina Noguera Medina\" \/>\n\t<meta name=\"twitter:label2\" content=\"Tiempo estimado de lectura\" \/>\n\t<meta name=\"twitter:data2\" content=\"2 minutos\" \/>\n<script type=\"application\/ld+json\" class=\"yoast-schema-graph\">{\"@context\":\"https:\/\/schema.org\",\"@graph\":[{\"@type\":\"Article\",\"@id\":\"https:\/\/noti-america.com\/site\/mexico\/2023\/05\/08\/mexico-advierte-a-migrantes-que-seguiran-las-expulsiones-y-riesgos\/#article\",\"isPartOf\":{\"@id\":\"https:\/\/noti-america.com\/site\/mexico\/2023\/05\/08\/mexico-advierte-a-migrantes-que-seguiran-las-expulsiones-y-riesgos\/\"},\"author\":{\"name\":\"Maria Valentina Noguera Medina\",\"@id\":\"https:\/\/noti-america.com\/site\/mexico\/#\/schema\/person\/22806efcc2cfc4b45efb0e17be210ea8\"},\"headline\":\"M\u00e9xico advierte a migrantes que seguir\u00e1n las expulsiones y riesgos\",\"datePublished\":\"2023-05-08T15:33:47+00:00\",\"dateModified\":\"2023-05-08T15:37:23+00:00\",\"mainEntityOfPage\":{\"@id\":\"https:\/\/noti-america.com\/site\/mexico\/2023\/05\/08\/mexico-advierte-a-migrantes-que-seguiran-las-expulsiones-y-riesgos\/\"},\"wordCount\":392,\"commentCount\":0,\"publisher\":{\"@id\":\"https:\/\/noti-america.com\/site\/mexico\/#organization\"},\"image\":{\"@id\":\"https:\/\/noti-america.com\/site\/mexico\/2023\/05\/08\/mexico-advierte-a-migrantes-que-seguiran-las-expulsiones-y-riesgos\/#primaryimage\"},\"thumbnailUrl\":\"https:\/\/noti-america.com\/site\/mexico\/wp-content\/uploads\/sites\/13\/2023\/05\/migrantes-mexico-ap.jpeg\",\"articleSection\":[\"Migraci\u00f3n\"],\"inLanguage\":\"es\",\"potentialAction\":[{\"@type\":\"CommentAction\",\"name\":\"Comment\",\"target\":[\"https:\/\/noti-america.com\/site\/mexico\/2023\/05\/08\/mexico-advierte-a-migrantes-que-seguiran-las-expulsiones-y-riesgos\/#respond\"]}]},{\"@type\":\"WebPage\",\"@id\":\"https:\/\/noti-america.com\/site\/mexico\/2023\/05\/08\/mexico-advierte-a-migrantes-que-seguiran-las-expulsiones-y-riesgos\/\",\"url\":\"https:\/\/noti-america.com\/site\/mexico\/2023\/05\/08\/mexico-advierte-a-migrantes-que-seguiran-las-expulsiones-y-riesgos\/\",\"name\":\"M\u00e9xico advierte a migrantes que seguir\u00e1n las expulsiones y riesgos - M\u00e9xico\",\"isPartOf\":{\"@id\":\"https:\/\/noti-america.com\/site\/mexico\/#website\"},\"primaryImageOfPage\":{\"@id\":\"https:\/\/noti-america.com\/site\/mexico\/2023\/05\/08\/mexico-advierte-a-migrantes-que-seguiran-las-expulsiones-y-riesgos\/#primaryimage\"},\"image\":{\"@id\":\"https:\/\/noti-america.com\/site\/mexico\/2023\/05\/08\/mexico-advierte-a-migrantes-que-seguiran-las-expulsiones-y-riesgos\/#primaryimage\"},\"thumbnailUrl\":\"https:\/\/noti-america.com\/site\/mexico\/wp-content\/uploads\/sites\/13\/2023\/05\/migrantes-mexico-ap.jpeg\",\"datePublished\":\"2023-05-08T15:33:47+00:00\",\"dateModified\":\"2023-05-08T15:37:23+00:00\",\"breadcrumb\":{\"@id\":\"https:\/\/noti-america.com\/site\/mexico\/2023\/05\/08\/mexico-advierte-a-migrantes-que-seguiran-las-expulsiones-y-riesgos\/#breadcrumb\"},\"inLanguage\":\"es\",\"potentialAction\":[{\"@type\":\"ReadAction\",\"target\":[\"https:\/\/noti-america.com\/site\/mexico\/2023\/05\/08\/mexico-advierte-a-migrantes-que-seguiran-las-expulsiones-y-riesgos\/\"]}]},{\"@type\":\"ImageObject\",\"inLanguage\":\"es\",\"@id\":\"https:\/\/noti-america.com\/site\/mexico\/2023\/05\/08\/mexico-advierte-a-migrantes-que-seguiran-las-expulsiones-y-riesgos\/#primaryimage\",\"url\":\"https:\/\/noti-america.com\/site\/mexico\/wp-content\/uploads\/sites\/13\/2023\/05\/migrantes-mexico-ap.jpeg\",\"contentUrl\":\"https:\/\/noti-america.com\/site\/mexico\/wp-content\/uploads\/sites\/13\/2023\/05\/migrantes-mexico-ap.jpeg\",\"width\":1024,\"height\":683},{\"@type\":\"BreadcrumbList\",\"@id\":\"https:\/\/noti-america.com\/site\/mexico\/2023\/05\/08\/mexico-advierte-a-migrantes-que-seguiran-las-expulsiones-y-riesgos\/#breadcrumb\",\"itemListElement\":[{\"@type\":\"ListItem\",\"position\":1,\"name\":\"Portada\",\"item\":\"https:\/\/noti-america.com\/site\/mexico\/\"},{\"@type\":\"ListItem\",\"position\":2,\"name\":\"M\u00e9xico advierte a migrantes que seguir\u00e1n las expulsiones y riesgos\"}]},{\"@type\":\"WebSite\",\"@id\":\"https:\/\/noti-america.com\/site\/mexico\/#website\",\"url\":\"https:\/\/noti-america.com\/site\/mexico\/\",\"name\":\"M\u00e9xico | Noti-America.com\",\"description\":\"\",\"publisher\":{\"@id\":\"https:\/\/noti-america.com\/site\/mexico\/#organization\"},\"potentialAction\":[{\"@type\":\"SearchAction\",\"target\":{\"@type\":\"EntryPoint\",\"urlTemplate\":\"https:\/\/noti-america.com\/site\/mexico\/?s={search_term_string}\"},\"query-input\":{\"@type\":\"PropertyValueSpecification\",\"valueRequired\":true,\"valueName\":\"search_term_string\"}}],\"inLanguage\":\"es\"},{\"@type\":\"Organization\",\"@id\":\"https:\/\/noti-america.com\/site\/mexico\/#organization\",\"name\":\"Noti-America LLC | M\u00e9xico\",\"url\":\"https:\/\/noti-america.com\/site\/mexico\/\",\"logo\":{\"@type\":\"ImageObject\",\"inLanguage\":\"es\",\"@id\":\"https:\/\/noti-america.com\/site\/mexico\/#\/schema\/logo\/image\/\",\"url\":\"https:\/\/noti-america.com\/site\/mexico\/wp-content\/uploads\/sites\/13\/2020\/07\/LogoNA-4x3-1.jpg\",\"contentUrl\":\"https:\/\/noti-america.com\/site\/mexico\/wp-content\/uploads\/sites\/13\/2020\/07\/LogoNA-4x3-1.jpg\",\"width\":1236,\"height\":1080,\"caption\":\"Noti-America LLC | M\u00e9xico\"},\"image\":{\"@id\":\"https:\/\/noti-america.com\/site\/mexico\/#\/schema\/logo\/image\/\"}},{\"@type\":\"Person\",\"@id\":\"https:\/\/noti-america.com\/site\/mexico\/#\/schema\/person\/22806efcc2cfc4b45efb0e17be210ea8\",\"name\":\"Maria Valentina Noguera Medina\",\"image\":{\"@type\":\"ImageObject\",\"inLanguage\":\"es\",\"@id\":\"https:\/\/secure.gravatar.com\/avatar\/4ec5eb9d099f2608a49c9df6f7341f66f04f819cdffa09d56a7a0e91d2819d56?s=96&d=mm&r=g\",\"url\":\"https:\/\/secure.gravatar.com\/avatar\/4ec5eb9d099f2608a49c9df6f7341f66f04f819cdffa09d56a7a0e91d2819d56?s=96&d=mm&r=g\",\"contentUrl\":\"https:\/\/secure.gravatar.com\/avatar\/4ec5eb9d099f2608a49c9df6f7341f66f04f819cdffa09d56a7a0e91d2819d56?s=96&d=mm&r=g\",\"caption\":\"Maria Valentina Noguera Medina\"},\"description\":\"Periodista - noti-america - Promar Community Manager - Talento Plus Dise\u00f1adora\/ creadora de contenido...\",\"sameAs\":[\"Mar\u00eda Valentina Noguera\",\"https:\/\/www.facebook.com\/mariavalentina.noguera\",\"https:\/\/www.linkedin.com\/in\/mara-valentina-noguera-medina-373075165\/\",\"https:\/\/www.pinterest.es\/valentinanoguera95\/\",\"https:\/\/www.youtube.com\/channel\/UCdek6mbUZ-Tqqw0I63i4nmQ\"],\"url\":\"https:\/\/noti-america.com\/site\/mexico\/author\/mnoguera\/\"}]}<\/script>\n<!-- \/ Yoast SEO Premium plugin. -->","yoast_head_json":{"title":"M\u00e9xico advierte a migrantes que seguir\u00e1n las expulsiones y riesgos - M\u00e9xico","robots":{"index":"index","follow":"follow","max-snippet":"max-snippet:-1","max-image-preview":"max-image-preview:large","max-video-preview":"max-video-preview:-1"},"canonical":"https:\/\/noti-america.com\/site\/mexico\/2023\/05\/08\/mexico-advierte-a-migrantes-que-seguiran-las-expulsiones-y-riesgos\/","og_locale":"es_ES","og_type":"article","og_title":"M\u00e9xico advierte a migrantes que seguir\u00e1n las expulsiones y riesgos","og_description":"NOTI-AMERICA.COM | M\u00c9XICO \u2013 El gobierno mexicano envi\u00f3 este viernes un mensaje contundente a los migrantes para que no se dejen enga\u00f1ar por los traficantes y opten por llegar a Estados Unidos gestionando sus&#46;&#46;&#46;","og_url":"https:\/\/noti-america.com\/site\/mexico\/2023\/05\/08\/mexico-advierte-a-migrantes-que-seguiran-las-expulsiones-y-riesgos\/","og_site_name":"M\u00e9xico","article_author":"Mar\u00eda Valentina Noguera","article_published_time":"2023-05-08T15:33:47+00:00","article_modified_time":"2023-05-08T15:37:23+00:00","og_image":[{"width":1024,"height":683,"url":"https:\/\/noti-america.com\/site\/mexico\/wp-content\/uploads\/sites\/13\/2023\/05\/migrantes-mexico-ap.jpeg","type":"image\/jpeg"}],"author":"Maria Valentina Noguera Medina","twitter_card":"summary_large_image","twitter_misc":{"Escrito por":"Maria Valentina Noguera Medina","Tiempo estimado de lectura":"2 minutos"},"schema":{"@context":"https:\/\/schema.org","@graph":[{"@type":"Article","@id":"https:\/\/noti-america.com\/site\/mexico\/2023\/05\/08\/mexico-advierte-a-migrantes-que-seguiran-las-expulsiones-y-riesgos\/#article","isPartOf":{"@id":"https:\/\/noti-america.com\/site\/mexico\/2023\/05\/08\/mexico-advierte-a-migrantes-que-seguiran-las-expulsiones-y-riesgos\/"},"author":{"name":"Maria Valentina Noguera Medina","@id":"https:\/\/noti-america.com\/site\/mexico\/#\/schema\/person\/22806efcc2cfc4b45efb0e17be210ea8"},"headline":"M\u00e9xico advierte a migrantes que seguir\u00e1n las expulsiones y riesgos","datePublished":"2023-05-08T15:33:47+00:00","dateModified":"2023-05-08T15:37:23+00:00","mainEntityOfPage":{"@id":"https:\/\/noti-america.com\/site\/mexico\/2023\/05\/08\/mexico-advierte-a-migrantes-que-seguiran-las-expulsiones-y-riesgos\/"},"wordCount":392,"commentCount":0,"publisher":{"@id":"https:\/\/noti-america.com\/site\/mexico\/#organization"},"image":{"@id":"https:\/\/noti-america.com\/site\/mexico\/2023\/05\/08\/mexico-advierte-a-migrantes-que-seguiran-las-expulsiones-y-riesgos\/#primaryimage"},"thumbnailUrl":"https:\/\/noti-america.com\/site\/mexico\/wp-content\/uploads\/sites\/13\/2023\/05\/migrantes-mexico-ap.jpeg","articleSection":["Migraci\u00f3n"],"inLanguage":"es","potentialAction":[{"@type":"CommentAction","name":"Comment","target":["https:\/\/noti-america.com\/site\/mexico\/2023\/05\/08\/mexico-advierte-a-migrantes-que-seguiran-las-expulsiones-y-riesgos\/#respond"]}]},{"@type":"WebPage","@id":"https:\/\/noti-america.com\/site\/mexico\/2023\/05\/08\/mexico-advierte-a-migrantes-que-seguiran-las-expulsiones-y-riesgos\/","url":"https:\/\/noti-america.com\/site\/mexico\/2023\/05\/08\/mexico-advierte-a-migrantes-que-seguiran-las-expulsiones-y-riesgos\/","name":"M\u00e9xico advierte a migrantes que seguir\u00e1n las expulsiones y riesgos - M\u00e9xico","isPartOf":{"@id":"https:\/\/noti-america.com\/site\/mexico\/#website"},"primaryImageOfPage":{"@id":"https:\/\/noti-america.com\/site\/mexico\/2023\/05\/08\/mexico-advierte-a-migrantes-que-seguiran-las-expulsiones-y-riesgos\/#primaryimage"},"image":{"@id":"https:\/\/noti-america.com\/site\/mexico\/2023\/05\/08\/mexico-advierte-a-migrantes-que-seguiran-las-expulsiones-y-riesgos\/#primaryimage"},"thumbnailUrl":"https:\/\/noti-america.com\/site\/mexico\/wp-content\/uploads\/sites\/13\/2023\/05\/migrantes-mexico-ap.jpeg","datePublished":"2023-05-08T15:33:47+00:00","dateModified":"2023-05-08T15:37:23+00:00","breadcrumb":{"@id":"https:\/\/noti-america.com\/site\/mexico\/2023\/05\/08\/mexico-advierte-a-migrantes-que-seguiran-las-expulsiones-y-riesgos\/#breadcrumb"},"inLanguage":"es","potentialAction":[{"@type":"ReadAction","target":["https:\/\/noti-america.com\/site\/mexico\/2023\/05\/08\/mexico-advierte-a-migrantes-que-seguiran-las-expulsiones-y-riesgos\/"]}]},{"@type":"ImageObject","inLanguage":"es","@id":"https:\/\/noti-america.com\/site\/mexico\/2023\/05\/08\/mexico-advierte-a-migrantes-que-seguiran-las-expulsiones-y-riesgos\/#primaryimage","url":"https:\/\/noti-america.com\/site\/mexico\/wp-content\/uploads\/sites\/13\/2023\/05\/migrantes-mexico-ap.jpeg","contentUrl":"https:\/\/noti-america.com\/site\/mexico\/wp-content\/uploads\/sites\/13\/2023\/05\/migrantes-mexico-ap.jpeg","width":1024,"height":683},{"@type":"BreadcrumbList","@id":"https:\/\/noti-america.com\/site\/mexico\/2023\/05\/08\/mexico-advierte-a-migrantes-que-seguiran-las-expulsiones-y-riesgos\/#breadcrumb","itemListElement":[{"@type":"ListItem","position":1,"name":"Portada","item":"https:\/\/noti-america.com\/site\/mexico\/"},{"@type":"ListItem","position":2,"name":"M\u00e9xico advierte a migrantes que seguir\u00e1n las expulsiones y riesgos"}]},{"@type":"WebSite","@id":"https:\/\/noti-america.com\/site\/mexico\/#website","url":"https:\/\/noti-america.com\/site\/mexico\/","name":"M\u00e9xico | Noti-America.com","description":"","publisher":{"@id":"https:\/\/noti-america.com\/site\/mexico\/#organization"},"potentialAction":[{"@type":"SearchAction","target":{"@type":"EntryPoint","urlTemplate":"https:\/\/noti-america.com\/site\/mexico\/?s={search_term_string}"},"query-input":{"@type":"PropertyValueSpecification","valueRequired":true,"valueName":"search_term_string"}}],"inLanguage":"es"},{"@type":"Organization","@id":"https:\/\/noti-america.com\/site\/mexico\/#organization","name":"Noti-America LLC | M\u00e9xico","url":"https:\/\/noti-america.com\/site\/mexico\/","logo":{"@type":"ImageObject","inLanguage":"es","@id":"https:\/\/noti-america.com\/site\/mexico\/#\/schema\/logo\/image\/","url":"https:\/\/noti-america.com\/site\/mexico\/wp-content\/uploads\/sites\/13\/2020\/07\/LogoNA-4x3-1.jpg","contentUrl":"https:\/\/noti-america.com\/site\/mexico\/wp-content\/uploads\/sites\/13\/2020\/07\/LogoNA-4x3-1.jpg","width":1236,"height":1080,"caption":"Noti-America LLC | M\u00e9xico"},"image":{"@id":"https:\/\/noti-america.com\/site\/mexico\/#\/schema\/logo\/image\/"}},{"@type":"Person","@id":"https:\/\/noti-america.com\/site\/mexico\/#\/schema\/person\/22806efcc2cfc4b45efb0e17be210ea8","name":"Maria Valentina Noguera Medina","image":{"@type":"ImageObject","inLanguage":"es","@id":"https:\/\/secure.gravatar.com\/avatar\/4ec5eb9d099f2608a49c9df6f7341f66f04f819cdffa09d56a7a0e91d2819d56?s=96&d=mm&r=g","url":"https:\/\/secure.gravatar.com\/avatar\/4ec5eb9d099f2608a49c9df6f7341f66f04f819cdffa09d56a7a0e91d2819d56?s=96&d=mm&r=g","contentUrl":"https:\/\/secure.gravatar.com\/avatar\/4ec5eb9d099f2608a49c9df6f7341f66f04f819cdffa09d56a7a0e91d2819d56?s=96&d=mm&r=g","caption":"Maria Valentina Noguera Medina"},"description":"Periodista - noti-america - Promar Community Manager - Talento Plus Dise\u00f1adora\/ creadora de contenido...","sameAs":["Mar\u00eda Valentina Noguera","https:\/\/www.facebook.com\/mariavalentina.noguera","https:\/\/www.linkedin.com\/in\/mara-valentina-noguera-medina-373075165\/","https:\/\/www.pinterest.es\/valentinanoguera95\/","https:\/\/www.youtube.com\/channel\/UCdek6mbUZ-Tqqw0I63i4nmQ"],"url":"https:\/\/noti-america.com\/site\/mexico\/author\/mnoguera\/"}]}},"_links":{"self":[{"href":"https:\/\/noti-america.com\/site\/mexico\/wp-json\/wp\/v2\/posts\/9083","targetHints":{"allow":["GET"]}}],"collection":[{"href":"https:\/\/noti-america.com\/site\/mexico\/wp-json\/wp\/v2\/posts"}],"about":[{"href":"https:\/\/noti-america.com\/site\/mexico\/wp-json\/wp\/v2\/types\/post"}],"author":[{"embeddable":true,"href":"https:\/\/noti-america.com\/site\/mexico\/wp-json\/wp\/v2\/users\/133"}],"replies":[{"embeddable":true,"href":"https:\/\/noti-america.com\/site\/mexico\/wp-json\/wp\/v2\/comments?post=9083"}],"version-history":[{"count":1,"href":"https:\/\/noti-america.com\/site\/mexico\/wp-json\/wp\/v2\/posts\/9083\/revisions"}],"predecessor-version":[{"id":9085,"href":"https:\/\/noti-america.com\/site\/mexico\/wp-json\/wp\/v2\/posts\/9083\/revisions\/9085"}],"wp:featuredmedia":[{"embeddable":true,"href":"https:\/\/noti-america.com\/site\/mexico\/wp-json\/wp\/v2\/media\/9084"}],"wp:attachment":[{"href":"https:\/\/noti-america.com\/site\/mexico\/wp-json\/wp\/v2\/media?parent=9083"}],"wp:term":[{"taxonomy":"category","embeddable":true,"href":"https:\/\/noti-america.com\/site\/mexico\/wp-json\/wp\/v2\/categories?post=9083"},{"taxonomy":"post_tag","embeddable":true,"href":"https:\/\/noti-america.com\/site\/mexico\/wp-json\/wp\/v2\/tags?post=9083"}],"curies":[{"name":"wp","href":"https:\/\/api.w.org\/{rel}","templated":true}]}}