{"id":9071,"date":"2023-05-05T14:56:56","date_gmt":"2023-05-05T14:56:56","guid":{"rendered":"https:\/\/noti-america.com\/site\/mexico\/?p=9071"},"modified":"2023-05-05T15:15:20","modified_gmt":"2023-05-05T15:15:20","slug":"llego-la-temporada-de-la-arana-violinista-como-identificarla-y-evitar-un-susto","status":"publish","type":"post","link":"https:\/\/noti-america.com\/site\/mexico\/2023\/05\/05\/llego-la-temporada-de-la-arana-violinista-como-identificarla-y-evitar-un-susto\/","title":{"rendered":"\u00a1Lleg\u00f3 la temporada de la ara\u00f1a violinista! \u00bfC\u00f3mo identificarla y evitar un susto?"},"content":{"rendered":"<p>NOTI-AMERICA.COM | M\u00c9XICO \u2013 La temporada de la ara\u00f1a violinista\u00a0inicia en mayo, y especialistas tambi\u00e9n han comprobado su aparici\u00f3n en los meses de junio y julio con las lluvias. Como es bien sabido, una picadura puede llegar a ser mortal, es por esto que te traemos informaci\u00f3n importante sobre c\u00f3mo identificar al ar\u00e1cnido y qu\u00e9 hacer en caso de que te pique.<\/p>\n<p style=\"text-align: justify\">La ara\u00f1a violinista se caracteriza por ser un animal nocturno y s\u00f3lo ataca si se siente amenazada; debido a su naturaleza, le gustan los\u00a0lugares con poca luz\u00a0y casi siempre se refugian debajo de muebles, as\u00ed como en huecos en paredes y pisos. Debido a ello, es importante mover los muebles y objetos caseros con cierta regularidad para evitar la crianza de este y otros bichos.<\/p>\n<p style=\"text-align: justify\">\n<h2 style=\"text-align: justify\">CARACTER\u00cdSTICAS DE LA ARA\u00d1A VIOLINISTA<\/h2>\n<p style=\"text-align: justify\">Este tipo de ara\u00f1a es muy f\u00e1cil de identificar, ya que\u00a0se distingue por la marca en forma de viol\u00edn que tiene en su cabeza y cuerpo. Mide aproximadamente tres cent\u00edmetros de largo,\u00a0puede ser de color gris o caf\u00e9 y tiene ocho patas delgadas muy largas.<\/p>\n<h2 style=\"text-align: justify\">UNA ESPECIE TRANQUILA<\/h2>\n<p style=\"text-align: justify\">Las ara\u00f1as violinistas\u00a0no atacan al ser humano a menos de que se sientan amenazadas,\u00a0y es por ello que se recomienda no intentar matar o capturarlas, ya que su mordedura puede ser mortal en la mayor\u00eda de los casos. Es importante cuidar a los m\u00e1s peque\u00f1os de la casa, pues podr\u00edan intentar manipularla y ser atacados.<\/p>\n<p style=\"text-align: justify\">En M\u00e9xico, las ara\u00f1as violinistas\u00a0habitan principalmente en Sonora, Chihuahua, Morelos, en la zona del Baj\u00edo y en la Ciudad de M\u00e9xico.\u00a0Tambi\u00e9n es normal encontrarla en pa\u00edses como Estados Unidos, Chile, Per\u00fa y Argentina.<\/p>\n<h2 style=\"text-align: justify\">\u00bfMATARLA DE UN PISOT\u00d3N?<\/h2>\n<p style=\"text-align: justify\">\u00bfEncontraste una ara\u00f1a violinista y ahora debes matarla?\u00a0Tal vez esto te interese: no se recomienda aplastarla con ninguna parte del cuerpo, ya que se corre el peligro de que te pique y escape debido a que son muy r\u00e1pidas. Es mejor aplicarle directamente un insecticida que contenga principalmente cyfluthrin, sypermethrin o lambda-cyhalothrin.<\/p>\n<p style=\"text-align: justify\">\n<p>&nbsp;<\/p>\n<p><strong>Con informaci\u00f3n de: informador.mx<\/strong><\/p>\n","protected":false},"excerpt":{"rendered":"<p>NOTI-AMERICA.COM | M\u00c9XICO \u2013 La temporada de la ara\u00f1a violinista\u00a0inicia en mayo, y especialistas tambi\u00e9n han comprobado su aparici\u00f3n en los meses de junio y julio con las lluvias. Como es bien sabido, una&#46;&#46;&#46;<\/p>\n","protected":false},"author":133,"featured_media":9072,"comment_status":"open","ping_status":"open","sticky":false,"template":"","format":"image","meta":{"_acf_changed":false,"om_disable_all_campaigns":false,"rop_custom_images_group":[],"rop_custom_messages_group":[],"rop_publish_now":"initial","rop_publish_now_accounts":{"twitter_242054905_242054905":""},"rop_publish_now_history":[],"rop_publish_now_status":"pending","_uf_show_specific_survey":0,"_uf_disable_surveys":false,"footnotes":""},"categories":[722],"tags":[],"class_list":["post-9071","post","type-post","status-publish","format-image","has-post-thumbnail","hentry","category-actualidad","post_format-post-format-image"],"acf":[],"aioseo_notices":[],"yoast_head":"<!-- This site is optimized with the Yoast SEO Premium plugin v24.9 (Yoast SEO v27.2) - https:\/\/yoast.com\/product\/yoast-seo-premium-wordpress\/ -->\n<title>\u00a1Lleg\u00f3 la temporada de la ara\u00f1a violinista! \u00bfC\u00f3mo identificarla y evitar un susto? - M\u00e9xico<\/title>\n<meta name=\"robots\" content=\"index, follow, max-snippet:-1, max-image-preview:large, max-video-preview:-1\" \/>\n<link rel=\"canonical\" href=\"https:\/\/noti-america.com\/site\/mexico\/2023\/05\/05\/llego-la-temporada-de-la-arana-violinista-como-identificarla-y-evitar-un-susto\/\" \/>\n<meta property=\"og:locale\" content=\"es_ES\" \/>\n<meta property=\"og:type\" content=\"article\" \/>\n<meta property=\"og:title\" content=\"\u00a1Lleg\u00f3 la temporada de la ara\u00f1a violinista! \u00bfC\u00f3mo identificarla y evitar un susto?\" \/>\n<meta property=\"og:description\" content=\"NOTI-AMERICA.COM | M\u00c9XICO \u2013 La temporada de la ara\u00f1a violinista\u00a0inicia en mayo, y especialistas tambi\u00e9n han comprobado su aparici\u00f3n en los meses de junio y julio con las lluvias. Como es bien sabido, una&#046;&#046;&#046;\" \/>\n<meta property=\"og:url\" content=\"https:\/\/noti-america.com\/site\/mexico\/2023\/05\/05\/llego-la-temporada-de-la-arana-violinista-como-identificarla-y-evitar-un-susto\/\" \/>\n<meta property=\"og:site_name\" content=\"M\u00e9xico\" \/>\n<meta property=\"article:author\" content=\"Mar\u00eda Valentina Noguera\" \/>\n<meta property=\"article:published_time\" content=\"2023-05-05T14:56:56+00:00\" \/>\n<meta property=\"article:modified_time\" content=\"2023-05-05T15:15:20+00:00\" \/>\n<meta property=\"og:image\" content=\"https:\/\/noti-america.com\/site\/mexico\/wp-content\/uploads\/sites\/13\/2023\/05\/2943659.jpg\" \/>\n\t<meta property=\"og:image:width\" content=\"800\" \/>\n\t<meta property=\"og:image:height\" content=\"600\" \/>\n\t<meta property=\"og:image:type\" content=\"image\/jpeg\" \/>\n<meta name=\"author\" content=\"Maria Valentina Noguera Medina\" \/>\n<meta name=\"twitter:card\" content=\"summary_large_image\" \/>\n<meta name=\"twitter:label1\" content=\"Escrito por\" \/>\n\t<meta name=\"twitter:data1\" content=\"Maria Valentina Noguera Medina\" \/>\n\t<meta name=\"twitter:label2\" content=\"Tiempo estimado de lectura\" \/>\n\t<meta name=\"twitter:data2\" content=\"2 minutos\" \/>\n<script type=\"application\/ld+json\" class=\"yoast-schema-graph\">{\"@context\":\"https:\/\/schema.org\",\"@graph\":[{\"@type\":\"Article\",\"@id\":\"https:\/\/noti-america.com\/site\/mexico\/2023\/05\/05\/llego-la-temporada-de-la-arana-violinista-como-identificarla-y-evitar-un-susto\/#article\",\"isPartOf\":{\"@id\":\"https:\/\/noti-america.com\/site\/mexico\/2023\/05\/05\/llego-la-temporada-de-la-arana-violinista-como-identificarla-y-evitar-un-susto\/\"},\"author\":{\"name\":\"Maria Valentina Noguera Medina\",\"@id\":\"https:\/\/noti-america.com\/site\/mexico\/#\/schema\/person\/22806efcc2cfc4b45efb0e17be210ea8\"},\"headline\":\"\u00a1Lleg\u00f3 la temporada de la ara\u00f1a violinista! \u00bfC\u00f3mo identificarla y evitar un susto?\",\"datePublished\":\"2023-05-05T14:56:56+00:00\",\"dateModified\":\"2023-05-05T15:15:20+00:00\",\"mainEntityOfPage\":{\"@id\":\"https:\/\/noti-america.com\/site\/mexico\/2023\/05\/05\/llego-la-temporada-de-la-arana-violinista-como-identificarla-y-evitar-un-susto\/\"},\"wordCount\":384,\"commentCount\":0,\"publisher\":{\"@id\":\"https:\/\/noti-america.com\/site\/mexico\/#organization\"},\"image\":{\"@id\":\"https:\/\/noti-america.com\/site\/mexico\/2023\/05\/05\/llego-la-temporada-de-la-arana-violinista-como-identificarla-y-evitar-un-susto\/#primaryimage\"},\"thumbnailUrl\":\"https:\/\/noti-america.com\/site\/mexico\/wp-content\/uploads\/sites\/13\/2023\/05\/2943659.jpg\",\"articleSection\":[\"Actualidad\"],\"inLanguage\":\"es\",\"potentialAction\":[{\"@type\":\"CommentAction\",\"name\":\"Comment\",\"target\":[\"https:\/\/noti-america.com\/site\/mexico\/2023\/05\/05\/llego-la-temporada-de-la-arana-violinista-como-identificarla-y-evitar-un-susto\/#respond\"]}]},{\"@type\":\"WebPage\",\"@id\":\"https:\/\/noti-america.com\/site\/mexico\/2023\/05\/05\/llego-la-temporada-de-la-arana-violinista-como-identificarla-y-evitar-un-susto\/\",\"url\":\"https:\/\/noti-america.com\/site\/mexico\/2023\/05\/05\/llego-la-temporada-de-la-arana-violinista-como-identificarla-y-evitar-un-susto\/\",\"name\":\"\u00a1Lleg\u00f3 la temporada de la ara\u00f1a violinista! \u00bfC\u00f3mo identificarla y evitar un susto? - M\u00e9xico\",\"isPartOf\":{\"@id\":\"https:\/\/noti-america.com\/site\/mexico\/#website\"},\"primaryImageOfPage\":{\"@id\":\"https:\/\/noti-america.com\/site\/mexico\/2023\/05\/05\/llego-la-temporada-de-la-arana-violinista-como-identificarla-y-evitar-un-susto\/#primaryimage\"},\"image\":{\"@id\":\"https:\/\/noti-america.com\/site\/mexico\/2023\/05\/05\/llego-la-temporada-de-la-arana-violinista-como-identificarla-y-evitar-un-susto\/#primaryimage\"},\"thumbnailUrl\":\"https:\/\/noti-america.com\/site\/mexico\/wp-content\/uploads\/sites\/13\/2023\/05\/2943659.jpg\",\"datePublished\":\"2023-05-05T14:56:56+00:00\",\"dateModified\":\"2023-05-05T15:15:20+00:00\",\"breadcrumb\":{\"@id\":\"https:\/\/noti-america.com\/site\/mexico\/2023\/05\/05\/llego-la-temporada-de-la-arana-violinista-como-identificarla-y-evitar-un-susto\/#breadcrumb\"},\"inLanguage\":\"es\",\"potentialAction\":[{\"@type\":\"ReadAction\",\"target\":[\"https:\/\/noti-america.com\/site\/mexico\/2023\/05\/05\/llego-la-temporada-de-la-arana-violinista-como-identificarla-y-evitar-un-susto\/\"]}]},{\"@type\":\"ImageObject\",\"inLanguage\":\"es\",\"@id\":\"https:\/\/noti-america.com\/site\/mexico\/2023\/05\/05\/llego-la-temporada-de-la-arana-violinista-como-identificarla-y-evitar-un-susto\/#primaryimage\",\"url\":\"https:\/\/noti-america.com\/site\/mexico\/wp-content\/uploads\/sites\/13\/2023\/05\/2943659.jpg\",\"contentUrl\":\"https:\/\/noti-america.com\/site\/mexico\/wp-content\/uploads\/sites\/13\/2023\/05\/2943659.jpg\",\"width\":800,\"height\":600},{\"@type\":\"BreadcrumbList\",\"@id\":\"https:\/\/noti-america.com\/site\/mexico\/2023\/05\/05\/llego-la-temporada-de-la-arana-violinista-como-identificarla-y-evitar-un-susto\/#breadcrumb\",\"itemListElement\":[{\"@type\":\"ListItem\",\"position\":1,\"name\":\"Portada\",\"item\":\"https:\/\/noti-america.com\/site\/mexico\/\"},{\"@type\":\"ListItem\",\"position\":2,\"name\":\"\u00a1Lleg\u00f3 la temporada de la ara\u00f1a violinista! \u00bfC\u00f3mo identificarla y evitar un susto?\"}]},{\"@type\":\"WebSite\",\"@id\":\"https:\/\/noti-america.com\/site\/mexico\/#website\",\"url\":\"https:\/\/noti-america.com\/site\/mexico\/\",\"name\":\"M\u00e9xico | Noti-America.com\",\"description\":\"\",\"publisher\":{\"@id\":\"https:\/\/noti-america.com\/site\/mexico\/#organization\"},\"potentialAction\":[{\"@type\":\"SearchAction\",\"target\":{\"@type\":\"EntryPoint\",\"urlTemplate\":\"https:\/\/noti-america.com\/site\/mexico\/?s={search_term_string}\"},\"query-input\":{\"@type\":\"PropertyValueSpecification\",\"valueRequired\":true,\"valueName\":\"search_term_string\"}}],\"inLanguage\":\"es\"},{\"@type\":\"Organization\",\"@id\":\"https:\/\/noti-america.com\/site\/mexico\/#organization\",\"name\":\"Noti-America LLC | M\u00e9xico\",\"url\":\"https:\/\/noti-america.com\/site\/mexico\/\",\"logo\":{\"@type\":\"ImageObject\",\"inLanguage\":\"es\",\"@id\":\"https:\/\/noti-america.com\/site\/mexico\/#\/schema\/logo\/image\/\",\"url\":\"https:\/\/noti-america.com\/site\/mexico\/wp-content\/uploads\/sites\/13\/2020\/07\/LogoNA-4x3-1.jpg\",\"contentUrl\":\"https:\/\/noti-america.com\/site\/mexico\/wp-content\/uploads\/sites\/13\/2020\/07\/LogoNA-4x3-1.jpg\",\"width\":1236,\"height\":1080,\"caption\":\"Noti-America LLC | M\u00e9xico\"},\"image\":{\"@id\":\"https:\/\/noti-america.com\/site\/mexico\/#\/schema\/logo\/image\/\"}},{\"@type\":\"Person\",\"@id\":\"https:\/\/noti-america.com\/site\/mexico\/#\/schema\/person\/22806efcc2cfc4b45efb0e17be210ea8\",\"name\":\"Maria Valentina Noguera Medina\",\"image\":{\"@type\":\"ImageObject\",\"inLanguage\":\"es\",\"@id\":\"https:\/\/secure.gravatar.com\/avatar\/4ec5eb9d099f2608a49c9df6f7341f66f04f819cdffa09d56a7a0e91d2819d56?s=96&d=mm&r=g\",\"url\":\"https:\/\/secure.gravatar.com\/avatar\/4ec5eb9d099f2608a49c9df6f7341f66f04f819cdffa09d56a7a0e91d2819d56?s=96&d=mm&r=g\",\"contentUrl\":\"https:\/\/secure.gravatar.com\/avatar\/4ec5eb9d099f2608a49c9df6f7341f66f04f819cdffa09d56a7a0e91d2819d56?s=96&d=mm&r=g\",\"caption\":\"Maria Valentina Noguera Medina\"},\"description\":\"Periodista - noti-america - Promar Community Manager - Talento Plus Dise\u00f1adora\/ creadora de contenido...\",\"sameAs\":[\"Mar\u00eda Valentina Noguera\",\"https:\/\/www.facebook.com\/mariavalentina.noguera\",\"https:\/\/www.linkedin.com\/in\/mara-valentina-noguera-medina-373075165\/\",\"https:\/\/www.pinterest.es\/valentinanoguera95\/\",\"https:\/\/www.youtube.com\/channel\/UCdek6mbUZ-Tqqw0I63i4nmQ\"],\"url\":\"https:\/\/noti-america.com\/site\/mexico\/author\/mnoguera\/\"}]}<\/script>\n<!-- \/ Yoast SEO Premium plugin. -->","yoast_head_json":{"title":"\u00a1Lleg\u00f3 la temporada de la ara\u00f1a violinista! \u00bfC\u00f3mo identificarla y evitar un susto? - M\u00e9xico","robots":{"index":"index","follow":"follow","max-snippet":"max-snippet:-1","max-image-preview":"max-image-preview:large","max-video-preview":"max-video-preview:-1"},"canonical":"https:\/\/noti-america.com\/site\/mexico\/2023\/05\/05\/llego-la-temporada-de-la-arana-violinista-como-identificarla-y-evitar-un-susto\/","og_locale":"es_ES","og_type":"article","og_title":"\u00a1Lleg\u00f3 la temporada de la ara\u00f1a violinista! \u00bfC\u00f3mo identificarla y evitar un susto?","og_description":"NOTI-AMERICA.COM | M\u00c9XICO \u2013 La temporada de la ara\u00f1a violinista\u00a0inicia en mayo, y especialistas tambi\u00e9n han comprobado su aparici\u00f3n en los meses de junio y julio con las lluvias. Como es bien sabido, una&#46;&#46;&#46;","og_url":"https:\/\/noti-america.com\/site\/mexico\/2023\/05\/05\/llego-la-temporada-de-la-arana-violinista-como-identificarla-y-evitar-un-susto\/","og_site_name":"M\u00e9xico","article_author":"Mar\u00eda Valentina Noguera","article_published_time":"2023-05-05T14:56:56+00:00","article_modified_time":"2023-05-05T15:15:20+00:00","og_image":[{"width":800,"height":600,"url":"https:\/\/noti-america.com\/site\/mexico\/wp-content\/uploads\/sites\/13\/2023\/05\/2943659.jpg","type":"image\/jpeg"}],"author":"Maria Valentina Noguera Medina","twitter_card":"summary_large_image","twitter_misc":{"Escrito por":"Maria Valentina Noguera Medina","Tiempo estimado de lectura":"2 minutos"},"schema":{"@context":"https:\/\/schema.org","@graph":[{"@type":"Article","@id":"https:\/\/noti-america.com\/site\/mexico\/2023\/05\/05\/llego-la-temporada-de-la-arana-violinista-como-identificarla-y-evitar-un-susto\/#article","isPartOf":{"@id":"https:\/\/noti-america.com\/site\/mexico\/2023\/05\/05\/llego-la-temporada-de-la-arana-violinista-como-identificarla-y-evitar-un-susto\/"},"author":{"name":"Maria Valentina Noguera Medina","@id":"https:\/\/noti-america.com\/site\/mexico\/#\/schema\/person\/22806efcc2cfc4b45efb0e17be210ea8"},"headline":"\u00a1Lleg\u00f3 la temporada de la ara\u00f1a violinista! \u00bfC\u00f3mo identificarla y evitar un susto?","datePublished":"2023-05-05T14:56:56+00:00","dateModified":"2023-05-05T15:15:20+00:00","mainEntityOfPage":{"@id":"https:\/\/noti-america.com\/site\/mexico\/2023\/05\/05\/llego-la-temporada-de-la-arana-violinista-como-identificarla-y-evitar-un-susto\/"},"wordCount":384,"commentCount":0,"publisher":{"@id":"https:\/\/noti-america.com\/site\/mexico\/#organization"},"image":{"@id":"https:\/\/noti-america.com\/site\/mexico\/2023\/05\/05\/llego-la-temporada-de-la-arana-violinista-como-identificarla-y-evitar-un-susto\/#primaryimage"},"thumbnailUrl":"https:\/\/noti-america.com\/site\/mexico\/wp-content\/uploads\/sites\/13\/2023\/05\/2943659.jpg","articleSection":["Actualidad"],"inLanguage":"es","potentialAction":[{"@type":"CommentAction","name":"Comment","target":["https:\/\/noti-america.com\/site\/mexico\/2023\/05\/05\/llego-la-temporada-de-la-arana-violinista-como-identificarla-y-evitar-un-susto\/#respond"]}]},{"@type":"WebPage","@id":"https:\/\/noti-america.com\/site\/mexico\/2023\/05\/05\/llego-la-temporada-de-la-arana-violinista-como-identificarla-y-evitar-un-susto\/","url":"https:\/\/noti-america.com\/site\/mexico\/2023\/05\/05\/llego-la-temporada-de-la-arana-violinista-como-identificarla-y-evitar-un-susto\/","name":"\u00a1Lleg\u00f3 la temporada de la ara\u00f1a violinista! \u00bfC\u00f3mo identificarla y evitar un susto? - M\u00e9xico","isPartOf":{"@id":"https:\/\/noti-america.com\/site\/mexico\/#website"},"primaryImageOfPage":{"@id":"https:\/\/noti-america.com\/site\/mexico\/2023\/05\/05\/llego-la-temporada-de-la-arana-violinista-como-identificarla-y-evitar-un-susto\/#primaryimage"},"image":{"@id":"https:\/\/noti-america.com\/site\/mexico\/2023\/05\/05\/llego-la-temporada-de-la-arana-violinista-como-identificarla-y-evitar-un-susto\/#primaryimage"},"thumbnailUrl":"https:\/\/noti-america.com\/site\/mexico\/wp-content\/uploads\/sites\/13\/2023\/05\/2943659.jpg","datePublished":"2023-05-05T14:56:56+00:00","dateModified":"2023-05-05T15:15:20+00:00","breadcrumb":{"@id":"https:\/\/noti-america.com\/site\/mexico\/2023\/05\/05\/llego-la-temporada-de-la-arana-violinista-como-identificarla-y-evitar-un-susto\/#breadcrumb"},"inLanguage":"es","potentialAction":[{"@type":"ReadAction","target":["https:\/\/noti-america.com\/site\/mexico\/2023\/05\/05\/llego-la-temporada-de-la-arana-violinista-como-identificarla-y-evitar-un-susto\/"]}]},{"@type":"ImageObject","inLanguage":"es","@id":"https:\/\/noti-america.com\/site\/mexico\/2023\/05\/05\/llego-la-temporada-de-la-arana-violinista-como-identificarla-y-evitar-un-susto\/#primaryimage","url":"https:\/\/noti-america.com\/site\/mexico\/wp-content\/uploads\/sites\/13\/2023\/05\/2943659.jpg","contentUrl":"https:\/\/noti-america.com\/site\/mexico\/wp-content\/uploads\/sites\/13\/2023\/05\/2943659.jpg","width":800,"height":600},{"@type":"BreadcrumbList","@id":"https:\/\/noti-america.com\/site\/mexico\/2023\/05\/05\/llego-la-temporada-de-la-arana-violinista-como-identificarla-y-evitar-un-susto\/#breadcrumb","itemListElement":[{"@type":"ListItem","position":1,"name":"Portada","item":"https:\/\/noti-america.com\/site\/mexico\/"},{"@type":"ListItem","position":2,"name":"\u00a1Lleg\u00f3 la temporada de la ara\u00f1a violinista! \u00bfC\u00f3mo identificarla y evitar un susto?"}]},{"@type":"WebSite","@id":"https:\/\/noti-america.com\/site\/mexico\/#website","url":"https:\/\/noti-america.com\/site\/mexico\/","name":"M\u00e9xico | Noti-America.com","description":"","publisher":{"@id":"https:\/\/noti-america.com\/site\/mexico\/#organization"},"potentialAction":[{"@type":"SearchAction","target":{"@type":"EntryPoint","urlTemplate":"https:\/\/noti-america.com\/site\/mexico\/?s={search_term_string}"},"query-input":{"@type":"PropertyValueSpecification","valueRequired":true,"valueName":"search_term_string"}}],"inLanguage":"es"},{"@type":"Organization","@id":"https:\/\/noti-america.com\/site\/mexico\/#organization","name":"Noti-America LLC | M\u00e9xico","url":"https:\/\/noti-america.com\/site\/mexico\/","logo":{"@type":"ImageObject","inLanguage":"es","@id":"https:\/\/noti-america.com\/site\/mexico\/#\/schema\/logo\/image\/","url":"https:\/\/noti-america.com\/site\/mexico\/wp-content\/uploads\/sites\/13\/2020\/07\/LogoNA-4x3-1.jpg","contentUrl":"https:\/\/noti-america.com\/site\/mexico\/wp-content\/uploads\/sites\/13\/2020\/07\/LogoNA-4x3-1.jpg","width":1236,"height":1080,"caption":"Noti-America LLC | M\u00e9xico"},"image":{"@id":"https:\/\/noti-america.com\/site\/mexico\/#\/schema\/logo\/image\/"}},{"@type":"Person","@id":"https:\/\/noti-america.com\/site\/mexico\/#\/schema\/person\/22806efcc2cfc4b45efb0e17be210ea8","name":"Maria Valentina Noguera Medina","image":{"@type":"ImageObject","inLanguage":"es","@id":"https:\/\/secure.gravatar.com\/avatar\/4ec5eb9d099f2608a49c9df6f7341f66f04f819cdffa09d56a7a0e91d2819d56?s=96&d=mm&r=g","url":"https:\/\/secure.gravatar.com\/avatar\/4ec5eb9d099f2608a49c9df6f7341f66f04f819cdffa09d56a7a0e91d2819d56?s=96&d=mm&r=g","contentUrl":"https:\/\/secure.gravatar.com\/avatar\/4ec5eb9d099f2608a49c9df6f7341f66f04f819cdffa09d56a7a0e91d2819d56?s=96&d=mm&r=g","caption":"Maria Valentina Noguera Medina"},"description":"Periodista - noti-america - Promar Community Manager - Talento Plus Dise\u00f1adora\/ creadora de contenido...","sameAs":["Mar\u00eda Valentina Noguera","https:\/\/www.facebook.com\/mariavalentina.noguera","https:\/\/www.linkedin.com\/in\/mara-valentina-noguera-medina-373075165\/","https:\/\/www.pinterest.es\/valentinanoguera95\/","https:\/\/www.youtube.com\/channel\/UCdek6mbUZ-Tqqw0I63i4nmQ"],"url":"https:\/\/noti-america.com\/site\/mexico\/author\/mnoguera\/"}]}},"_links":{"self":[{"href":"https:\/\/noti-america.com\/site\/mexico\/wp-json\/wp\/v2\/posts\/9071","targetHints":{"allow":["GET"]}}],"collection":[{"href":"https:\/\/noti-america.com\/site\/mexico\/wp-json\/wp\/v2\/posts"}],"about":[{"href":"https:\/\/noti-america.com\/site\/mexico\/wp-json\/wp\/v2\/types\/post"}],"author":[{"embeddable":true,"href":"https:\/\/noti-america.com\/site\/mexico\/wp-json\/wp\/v2\/users\/133"}],"replies":[{"embeddable":true,"href":"https:\/\/noti-america.com\/site\/mexico\/wp-json\/wp\/v2\/comments?post=9071"}],"version-history":[{"count":1,"href":"https:\/\/noti-america.com\/site\/mexico\/wp-json\/wp\/v2\/posts\/9071\/revisions"}],"predecessor-version":[{"id":9073,"href":"https:\/\/noti-america.com\/site\/mexico\/wp-json\/wp\/v2\/posts\/9071\/revisions\/9073"}],"wp:featuredmedia":[{"embeddable":true,"href":"https:\/\/noti-america.com\/site\/mexico\/wp-json\/wp\/v2\/media\/9072"}],"wp:attachment":[{"href":"https:\/\/noti-america.com\/site\/mexico\/wp-json\/wp\/v2\/media?parent=9071"}],"wp:term":[{"taxonomy":"category","embeddable":true,"href":"https:\/\/noti-america.com\/site\/mexico\/wp-json\/wp\/v2\/categories?post=9071"},{"taxonomy":"post_tag","embeddable":true,"href":"https:\/\/noti-america.com\/site\/mexico\/wp-json\/wp\/v2\/tags?post=9071"}],"curies":[{"name":"wp","href":"https:\/\/api.w.org\/{rel}","templated":true}]}}