{"id":8982,"date":"2023-02-28T15:03:44","date_gmt":"2023-02-28T15:03:44","guid":{"rendered":"https:\/\/noti-america.com\/site\/mexico\/?p=8982"},"modified":"2023-02-28T15:03:44","modified_gmt":"2023-02-28T15:03:44","slug":"el-sueno-americano-es-mas-llevadero-de-la-mano-de-sergio-carta","status":"publish","type":"post","link":"https:\/\/noti-america.com\/site\/mexico\/2023\/02\/28\/el-sueno-americano-es-mas-llevadero-de-la-mano-de-sergio-carta\/","title":{"rendered":"El sue\u00f1o americano es m\u00e1s llevadero de la mano de Sergio Carta"},"content":{"rendered":"<p>Con tan solo 31 a\u00f1os de edad y respaldado por su experiencia, el venezolano <strong>Sergio Carta<\/strong> apoya a millones de inmigrantes que llegan con \u201cel sue\u00f1o americano\u201d a <strong>Estados Unidos<\/strong>.<\/p>\n<p>El objetivo de Carta es que la experiencia laboral de los inmigrantes sea diferente y m\u00e1s llevadera, con su empresa <strong>Carta Bussines Group<\/strong> lo hace posible.<\/p>\n<p>\u201cDurante los \u00faltimos cinco a\u00f1os he ayudado a cientos de inmigrantes hispanos a poder desarrollarse profesionalmente en los Estados Unidos. Capacit\u00e1ndolos como asesores financieros, mejorando su calidad de vida y ganando por encima de las seis cifras anuales gracias al sistema educativo creado en Carta Business Group\u201d, comenta Carta.<\/p>\n<p>Sergio asegura que los inmigrantes tienen la posibilidad de formarse profesionalmente en la industria de <strong>Servicios Financieros<\/strong> y \u201cllevar una vida digna en este maravilloso pa\u00eds\u201d.<\/p>\n<p>\u201cHe creado un sistema educativo totalmente duplicable, en el que el acompa\u00f1amiento uno a uno es nuestra marca de presentaci\u00f3n, permiti\u00e9ndonos elaborar planes de trabajo personalizados con cada uno de nuestros miembros en pro de ayudarlos a alcanzar sus objetivos\u201d, reitera Carta.<\/p>\n<p>Carta Business Group brinda la oportunidad a los inmigrantes de desarrollar una carrera en Estados Unidos a pesar de limitantes como la falta de dominio del idioma o el hecho no tener experiencia previa en la industria de servicios financieros.<\/p>\n<p>\u201cSin ning\u00fan tipo de discriminaci\u00f3n nuestra funci\u00f3n es capacitar a nuestros prospectos orient\u00e1ndolos y ayud\u00e1ndolos en su proceso de formaci\u00f3n como agentes de servicios financieros y as\u00ed poder obtener una mejor calidad de vida y libertad financiera\u201d, apunt\u00f3.<\/p>\n<p>Carta asegura que los grandes resultados est\u00e1 en la mentalidad y los h\u00e1bitos, por ende aconseja:<\/p>\n<ol>\n<li><strong>Definir a las personajes cercanas: buscar un mentor<\/strong><\/li>\n<li><strong>Finalizar lo que inicies por m\u00e1s tarde que obtengas resultados<\/strong><\/li>\n<li><strong>Piensa, anal\u00edzate y autoeval\u00faate para actuar mejor<\/strong><\/li>\n<\/ol>\n<p>Con estos tres sencillos pasos, seg\u00fan Sergio, lograr\u00e1s resultados extraordinarios.<\/p>\n","protected":false},"excerpt":{"rendered":"<p>Con tan solo 31 a\u00f1os de edad y respaldado por su experiencia, el venezolano Sergio Carta apoya a millones de inmigrantes que llegan con \u201cel sue\u00f1o americano\u201d a Estados Unidos. El objetivo de Carta&#46;&#46;&#46;<\/p>\n","protected":false},"author":127,"featured_media":8983,"comment_status":"open","ping_status":"open","sticky":false,"template":"","format":"image","meta":{"_acf_changed":false,"om_disable_all_campaigns":false,"rop_custom_images_group":[],"rop_custom_messages_group":[],"rop_publish_now":"initial","rop_publish_now_accounts":{"twitter_242054905_242054905":""},"rop_publish_now_history":[],"rop_publish_now_status":"pending","_uf_show_specific_survey":0,"_uf_disable_surveys":false,"footnotes":""},"categories":[1],"tags":[],"class_list":["post-8982","post","type-post","status-publish","format-image","has-post-thumbnail","hentry","category-uncategorized","post_format-post-format-image"],"acf":[],"aioseo_notices":[],"yoast_head":"<!-- This site is optimized with the Yoast SEO Premium plugin v24.9 (Yoast SEO v27.2) - https:\/\/yoast.com\/product\/yoast-seo-premium-wordpress\/ -->\n<title>El sue\u00f1o americano es m\u00e1s llevadero de la mano de Sergio Carta - M\u00e9xico<\/title>\n<meta name=\"robots\" content=\"index, follow, max-snippet:-1, max-image-preview:large, max-video-preview:-1\" \/>\n<link rel=\"canonical\" href=\"https:\/\/noti-america.com\/site\/mexico\/2023\/02\/28\/el-sueno-americano-es-mas-llevadero-de-la-mano-de-sergio-carta\/\" \/>\n<meta property=\"og:locale\" content=\"es_ES\" \/>\n<meta property=\"og:type\" content=\"article\" \/>\n<meta property=\"og:title\" content=\"El sue\u00f1o americano es m\u00e1s llevadero de la mano de Sergio Carta\" \/>\n<meta property=\"og:description\" content=\"Con tan solo 31 a\u00f1os de edad y respaldado por su experiencia, el venezolano Sergio Carta apoya a millones de inmigrantes que llegan con \u201cel sue\u00f1o americano\u201d a Estados Unidos. El objetivo de Carta&#046;&#046;&#046;\" \/>\n<meta property=\"og:url\" content=\"https:\/\/noti-america.com\/site\/mexico\/2023\/02\/28\/el-sueno-americano-es-mas-llevadero-de-la-mano-de-sergio-carta\/\" \/>\n<meta property=\"og:site_name\" content=\"M\u00e9xico\" \/>\n<meta property=\"article:published_time\" content=\"2023-02-28T15:03:44+00:00\" \/>\n<meta property=\"og:image\" content=\"https:\/\/noti-america.com\/site\/mexico\/wp-content\/uploads\/sites\/13\/2023\/02\/Foto-15-3-22-10-45-06-a.-m.-scaled.jpg\" \/>\n\t<meta property=\"og:image:width\" content=\"1707\" \/>\n\t<meta property=\"og:image:height\" content=\"2560\" \/>\n\t<meta property=\"og:image:type\" content=\"image\/jpeg\" \/>\n<meta name=\"author\" content=\"Yoelvzla\" \/>\n<meta name=\"twitter:card\" content=\"summary_large_image\" \/>\n<meta name=\"twitter:label1\" content=\"Escrito por\" \/>\n\t<meta name=\"twitter:data1\" content=\"Yoelvzla\" \/>\n\t<meta name=\"twitter:label2\" content=\"Tiempo estimado de lectura\" \/>\n\t<meta name=\"twitter:data2\" content=\"2 minutos\" \/>\n<script type=\"application\/ld+json\" class=\"yoast-schema-graph\">{\"@context\":\"https:\/\/schema.org\",\"@graph\":[{\"@type\":\"Article\",\"@id\":\"https:\/\/noti-america.com\/site\/mexico\/2023\/02\/28\/el-sueno-americano-es-mas-llevadero-de-la-mano-de-sergio-carta\/#article\",\"isPartOf\":{\"@id\":\"https:\/\/noti-america.com\/site\/mexico\/2023\/02\/28\/el-sueno-americano-es-mas-llevadero-de-la-mano-de-sergio-carta\/\"},\"author\":{\"name\":\"Yoelvzla\",\"@id\":\"https:\/\/noti-america.com\/site\/mexico\/#\/schema\/person\/376ccc7b3cc7a8d5a43c3ece07a43857\"},\"headline\":\"El sue\u00f1o americano es m\u00e1s llevadero de la mano de Sergio Carta\",\"datePublished\":\"2023-02-28T15:03:44+00:00\",\"mainEntityOfPage\":{\"@id\":\"https:\/\/noti-america.com\/site\/mexico\/2023\/02\/28\/el-sueno-americano-es-mas-llevadero-de-la-mano-de-sergio-carta\/\"},\"wordCount\":336,\"commentCount\":0,\"publisher\":{\"@id\":\"https:\/\/noti-america.com\/site\/mexico\/#organization\"},\"image\":{\"@id\":\"https:\/\/noti-america.com\/site\/mexico\/2023\/02\/28\/el-sueno-americano-es-mas-llevadero-de-la-mano-de-sergio-carta\/#primaryimage\"},\"thumbnailUrl\":\"https:\/\/noti-america.com\/site\/mexico\/wp-content\/uploads\/sites\/13\/2023\/02\/Foto-15-3-22-10-45-06-a.-m.-scaled.jpg\",\"articleSection\":[\"Uncategorized\"],\"inLanguage\":\"es\",\"potentialAction\":[{\"@type\":\"CommentAction\",\"name\":\"Comment\",\"target\":[\"https:\/\/noti-america.com\/site\/mexico\/2023\/02\/28\/el-sueno-americano-es-mas-llevadero-de-la-mano-de-sergio-carta\/#respond\"]}]},{\"@type\":\"WebPage\",\"@id\":\"https:\/\/noti-america.com\/site\/mexico\/2023\/02\/28\/el-sueno-americano-es-mas-llevadero-de-la-mano-de-sergio-carta\/\",\"url\":\"https:\/\/noti-america.com\/site\/mexico\/2023\/02\/28\/el-sueno-americano-es-mas-llevadero-de-la-mano-de-sergio-carta\/\",\"name\":\"El sue\u00f1o americano es m\u00e1s llevadero de la mano de Sergio Carta - M\u00e9xico\",\"isPartOf\":{\"@id\":\"https:\/\/noti-america.com\/site\/mexico\/#website\"},\"primaryImageOfPage\":{\"@id\":\"https:\/\/noti-america.com\/site\/mexico\/2023\/02\/28\/el-sueno-americano-es-mas-llevadero-de-la-mano-de-sergio-carta\/#primaryimage\"},\"image\":{\"@id\":\"https:\/\/noti-america.com\/site\/mexico\/2023\/02\/28\/el-sueno-americano-es-mas-llevadero-de-la-mano-de-sergio-carta\/#primaryimage\"},\"thumbnailUrl\":\"https:\/\/noti-america.com\/site\/mexico\/wp-content\/uploads\/sites\/13\/2023\/02\/Foto-15-3-22-10-45-06-a.-m.-scaled.jpg\",\"datePublished\":\"2023-02-28T15:03:44+00:00\",\"breadcrumb\":{\"@id\":\"https:\/\/noti-america.com\/site\/mexico\/2023\/02\/28\/el-sueno-americano-es-mas-llevadero-de-la-mano-de-sergio-carta\/#breadcrumb\"},\"inLanguage\":\"es\",\"potentialAction\":[{\"@type\":\"ReadAction\",\"target\":[\"https:\/\/noti-america.com\/site\/mexico\/2023\/02\/28\/el-sueno-americano-es-mas-llevadero-de-la-mano-de-sergio-carta\/\"]}]},{\"@type\":\"ImageObject\",\"inLanguage\":\"es\",\"@id\":\"https:\/\/noti-america.com\/site\/mexico\/2023\/02\/28\/el-sueno-americano-es-mas-llevadero-de-la-mano-de-sergio-carta\/#primaryimage\",\"url\":\"https:\/\/noti-america.com\/site\/mexico\/wp-content\/uploads\/sites\/13\/2023\/02\/Foto-15-3-22-10-45-06-a.-m.-scaled.jpg\",\"contentUrl\":\"https:\/\/noti-america.com\/site\/mexico\/wp-content\/uploads\/sites\/13\/2023\/02\/Foto-15-3-22-10-45-06-a.-m.-scaled.jpg\",\"width\":1707,\"height\":2560},{\"@type\":\"BreadcrumbList\",\"@id\":\"https:\/\/noti-america.com\/site\/mexico\/2023\/02\/28\/el-sueno-americano-es-mas-llevadero-de-la-mano-de-sergio-carta\/#breadcrumb\",\"itemListElement\":[{\"@type\":\"ListItem\",\"position\":1,\"name\":\"Portada\",\"item\":\"https:\/\/noti-america.com\/site\/mexico\/\"},{\"@type\":\"ListItem\",\"position\":2,\"name\":\"El sue\u00f1o americano es m\u00e1s llevadero de la mano de Sergio Carta\"}]},{\"@type\":\"WebSite\",\"@id\":\"https:\/\/noti-america.com\/site\/mexico\/#website\",\"url\":\"https:\/\/noti-america.com\/site\/mexico\/\",\"name\":\"M\u00e9xico | Noti-America.com\",\"description\":\"\",\"publisher\":{\"@id\":\"https:\/\/noti-america.com\/site\/mexico\/#organization\"},\"potentialAction\":[{\"@type\":\"SearchAction\",\"target\":{\"@type\":\"EntryPoint\",\"urlTemplate\":\"https:\/\/noti-america.com\/site\/mexico\/?s={search_term_string}\"},\"query-input\":{\"@type\":\"PropertyValueSpecification\",\"valueRequired\":true,\"valueName\":\"search_term_string\"}}],\"inLanguage\":\"es\"},{\"@type\":\"Organization\",\"@id\":\"https:\/\/noti-america.com\/site\/mexico\/#organization\",\"name\":\"Noti-America LLC | M\u00e9xico\",\"url\":\"https:\/\/noti-america.com\/site\/mexico\/\",\"logo\":{\"@type\":\"ImageObject\",\"inLanguage\":\"es\",\"@id\":\"https:\/\/noti-america.com\/site\/mexico\/#\/schema\/logo\/image\/\",\"url\":\"https:\/\/noti-america.com\/site\/mexico\/wp-content\/uploads\/sites\/13\/2020\/07\/LogoNA-4x3-1.jpg\",\"contentUrl\":\"https:\/\/noti-america.com\/site\/mexico\/wp-content\/uploads\/sites\/13\/2020\/07\/LogoNA-4x3-1.jpg\",\"width\":1236,\"height\":1080,\"caption\":\"Noti-America LLC | M\u00e9xico\"},\"image\":{\"@id\":\"https:\/\/noti-america.com\/site\/mexico\/#\/schema\/logo\/image\/\"}},{\"@type\":\"Person\",\"@id\":\"https:\/\/noti-america.com\/site\/mexico\/#\/schema\/person\/376ccc7b3cc7a8d5a43c3ece07a43857\",\"name\":\"Yoelvzla\",\"image\":{\"@type\":\"ImageObject\",\"inLanguage\":\"es\",\"@id\":\"https:\/\/secure.gravatar.com\/avatar\/13a96a72123e0e9aa76fe82e8847f726c63a1c5ef6a8d0fadd844c1a5a83b212?s=96&d=mm&r=g\",\"url\":\"https:\/\/secure.gravatar.com\/avatar\/13a96a72123e0e9aa76fe82e8847f726c63a1c5ef6a8d0fadd844c1a5a83b212?s=96&d=mm&r=g\",\"contentUrl\":\"https:\/\/secure.gravatar.com\/avatar\/13a96a72123e0e9aa76fe82e8847f726c63a1c5ef6a8d0fadd844c1a5a83b212?s=96&d=mm&r=g\",\"caption\":\"Yoelvzla\"},\"url\":\"https:\/\/noti-america.com\/site\/mexico\/author\/ydiaz\/\"}]}<\/script>\n<!-- \/ Yoast SEO Premium plugin. -->","yoast_head_json":{"title":"El sue\u00f1o americano es m\u00e1s llevadero de la mano de Sergio Carta - M\u00e9xico","robots":{"index":"index","follow":"follow","max-snippet":"max-snippet:-1","max-image-preview":"max-image-preview:large","max-video-preview":"max-video-preview:-1"},"canonical":"https:\/\/noti-america.com\/site\/mexico\/2023\/02\/28\/el-sueno-americano-es-mas-llevadero-de-la-mano-de-sergio-carta\/","og_locale":"es_ES","og_type":"article","og_title":"El sue\u00f1o americano es m\u00e1s llevadero de la mano de Sergio Carta","og_description":"Con tan solo 31 a\u00f1os de edad y respaldado por su experiencia, el venezolano Sergio Carta apoya a millones de inmigrantes que llegan con \u201cel sue\u00f1o americano\u201d a Estados Unidos. El objetivo de Carta&#46;&#46;&#46;","og_url":"https:\/\/noti-america.com\/site\/mexico\/2023\/02\/28\/el-sueno-americano-es-mas-llevadero-de-la-mano-de-sergio-carta\/","og_site_name":"M\u00e9xico","article_published_time":"2023-02-28T15:03:44+00:00","og_image":[{"width":1707,"height":2560,"url":"https:\/\/noti-america.com\/site\/mexico\/wp-content\/uploads\/sites\/13\/2023\/02\/Foto-15-3-22-10-45-06-a.-m.-scaled.jpg","type":"image\/jpeg"}],"author":"Yoelvzla","twitter_card":"summary_large_image","twitter_misc":{"Escrito por":"Yoelvzla","Tiempo estimado de lectura":"2 minutos"},"schema":{"@context":"https:\/\/schema.org","@graph":[{"@type":"Article","@id":"https:\/\/noti-america.com\/site\/mexico\/2023\/02\/28\/el-sueno-americano-es-mas-llevadero-de-la-mano-de-sergio-carta\/#article","isPartOf":{"@id":"https:\/\/noti-america.com\/site\/mexico\/2023\/02\/28\/el-sueno-americano-es-mas-llevadero-de-la-mano-de-sergio-carta\/"},"author":{"name":"Yoelvzla","@id":"https:\/\/noti-america.com\/site\/mexico\/#\/schema\/person\/376ccc7b3cc7a8d5a43c3ece07a43857"},"headline":"El sue\u00f1o americano es m\u00e1s llevadero de la mano de Sergio Carta","datePublished":"2023-02-28T15:03:44+00:00","mainEntityOfPage":{"@id":"https:\/\/noti-america.com\/site\/mexico\/2023\/02\/28\/el-sueno-americano-es-mas-llevadero-de-la-mano-de-sergio-carta\/"},"wordCount":336,"commentCount":0,"publisher":{"@id":"https:\/\/noti-america.com\/site\/mexico\/#organization"},"image":{"@id":"https:\/\/noti-america.com\/site\/mexico\/2023\/02\/28\/el-sueno-americano-es-mas-llevadero-de-la-mano-de-sergio-carta\/#primaryimage"},"thumbnailUrl":"https:\/\/noti-america.com\/site\/mexico\/wp-content\/uploads\/sites\/13\/2023\/02\/Foto-15-3-22-10-45-06-a.-m.-scaled.jpg","articleSection":["Uncategorized"],"inLanguage":"es","potentialAction":[{"@type":"CommentAction","name":"Comment","target":["https:\/\/noti-america.com\/site\/mexico\/2023\/02\/28\/el-sueno-americano-es-mas-llevadero-de-la-mano-de-sergio-carta\/#respond"]}]},{"@type":"WebPage","@id":"https:\/\/noti-america.com\/site\/mexico\/2023\/02\/28\/el-sueno-americano-es-mas-llevadero-de-la-mano-de-sergio-carta\/","url":"https:\/\/noti-america.com\/site\/mexico\/2023\/02\/28\/el-sueno-americano-es-mas-llevadero-de-la-mano-de-sergio-carta\/","name":"El sue\u00f1o americano es m\u00e1s llevadero de la mano de Sergio Carta - M\u00e9xico","isPartOf":{"@id":"https:\/\/noti-america.com\/site\/mexico\/#website"},"primaryImageOfPage":{"@id":"https:\/\/noti-america.com\/site\/mexico\/2023\/02\/28\/el-sueno-americano-es-mas-llevadero-de-la-mano-de-sergio-carta\/#primaryimage"},"image":{"@id":"https:\/\/noti-america.com\/site\/mexico\/2023\/02\/28\/el-sueno-americano-es-mas-llevadero-de-la-mano-de-sergio-carta\/#primaryimage"},"thumbnailUrl":"https:\/\/noti-america.com\/site\/mexico\/wp-content\/uploads\/sites\/13\/2023\/02\/Foto-15-3-22-10-45-06-a.-m.-scaled.jpg","datePublished":"2023-02-28T15:03:44+00:00","breadcrumb":{"@id":"https:\/\/noti-america.com\/site\/mexico\/2023\/02\/28\/el-sueno-americano-es-mas-llevadero-de-la-mano-de-sergio-carta\/#breadcrumb"},"inLanguage":"es","potentialAction":[{"@type":"ReadAction","target":["https:\/\/noti-america.com\/site\/mexico\/2023\/02\/28\/el-sueno-americano-es-mas-llevadero-de-la-mano-de-sergio-carta\/"]}]},{"@type":"ImageObject","inLanguage":"es","@id":"https:\/\/noti-america.com\/site\/mexico\/2023\/02\/28\/el-sueno-americano-es-mas-llevadero-de-la-mano-de-sergio-carta\/#primaryimage","url":"https:\/\/noti-america.com\/site\/mexico\/wp-content\/uploads\/sites\/13\/2023\/02\/Foto-15-3-22-10-45-06-a.-m.-scaled.jpg","contentUrl":"https:\/\/noti-america.com\/site\/mexico\/wp-content\/uploads\/sites\/13\/2023\/02\/Foto-15-3-22-10-45-06-a.-m.-scaled.jpg","width":1707,"height":2560},{"@type":"BreadcrumbList","@id":"https:\/\/noti-america.com\/site\/mexico\/2023\/02\/28\/el-sueno-americano-es-mas-llevadero-de-la-mano-de-sergio-carta\/#breadcrumb","itemListElement":[{"@type":"ListItem","position":1,"name":"Portada","item":"https:\/\/noti-america.com\/site\/mexico\/"},{"@type":"ListItem","position":2,"name":"El sue\u00f1o americano es m\u00e1s llevadero de la mano de Sergio Carta"}]},{"@type":"WebSite","@id":"https:\/\/noti-america.com\/site\/mexico\/#website","url":"https:\/\/noti-america.com\/site\/mexico\/","name":"M\u00e9xico | Noti-America.com","description":"","publisher":{"@id":"https:\/\/noti-america.com\/site\/mexico\/#organization"},"potentialAction":[{"@type":"SearchAction","target":{"@type":"EntryPoint","urlTemplate":"https:\/\/noti-america.com\/site\/mexico\/?s={search_term_string}"},"query-input":{"@type":"PropertyValueSpecification","valueRequired":true,"valueName":"search_term_string"}}],"inLanguage":"es"},{"@type":"Organization","@id":"https:\/\/noti-america.com\/site\/mexico\/#organization","name":"Noti-America LLC | M\u00e9xico","url":"https:\/\/noti-america.com\/site\/mexico\/","logo":{"@type":"ImageObject","inLanguage":"es","@id":"https:\/\/noti-america.com\/site\/mexico\/#\/schema\/logo\/image\/","url":"https:\/\/noti-america.com\/site\/mexico\/wp-content\/uploads\/sites\/13\/2020\/07\/LogoNA-4x3-1.jpg","contentUrl":"https:\/\/noti-america.com\/site\/mexico\/wp-content\/uploads\/sites\/13\/2020\/07\/LogoNA-4x3-1.jpg","width":1236,"height":1080,"caption":"Noti-America LLC | M\u00e9xico"},"image":{"@id":"https:\/\/noti-america.com\/site\/mexico\/#\/schema\/logo\/image\/"}},{"@type":"Person","@id":"https:\/\/noti-america.com\/site\/mexico\/#\/schema\/person\/376ccc7b3cc7a8d5a43c3ece07a43857","name":"Yoelvzla","image":{"@type":"ImageObject","inLanguage":"es","@id":"https:\/\/secure.gravatar.com\/avatar\/13a96a72123e0e9aa76fe82e8847f726c63a1c5ef6a8d0fadd844c1a5a83b212?s=96&d=mm&r=g","url":"https:\/\/secure.gravatar.com\/avatar\/13a96a72123e0e9aa76fe82e8847f726c63a1c5ef6a8d0fadd844c1a5a83b212?s=96&d=mm&r=g","contentUrl":"https:\/\/secure.gravatar.com\/avatar\/13a96a72123e0e9aa76fe82e8847f726c63a1c5ef6a8d0fadd844c1a5a83b212?s=96&d=mm&r=g","caption":"Yoelvzla"},"url":"https:\/\/noti-america.com\/site\/mexico\/author\/ydiaz\/"}]}},"_links":{"self":[{"href":"https:\/\/noti-america.com\/site\/mexico\/wp-json\/wp\/v2\/posts\/8982","targetHints":{"allow":["GET"]}}],"collection":[{"href":"https:\/\/noti-america.com\/site\/mexico\/wp-json\/wp\/v2\/posts"}],"about":[{"href":"https:\/\/noti-america.com\/site\/mexico\/wp-json\/wp\/v2\/types\/post"}],"author":[{"embeddable":true,"href":"https:\/\/noti-america.com\/site\/mexico\/wp-json\/wp\/v2\/users\/127"}],"replies":[{"embeddable":true,"href":"https:\/\/noti-america.com\/site\/mexico\/wp-json\/wp\/v2\/comments?post=8982"}],"version-history":[{"count":1,"href":"https:\/\/noti-america.com\/site\/mexico\/wp-json\/wp\/v2\/posts\/8982\/revisions"}],"predecessor-version":[{"id":8984,"href":"https:\/\/noti-america.com\/site\/mexico\/wp-json\/wp\/v2\/posts\/8982\/revisions\/8984"}],"wp:featuredmedia":[{"embeddable":true,"href":"https:\/\/noti-america.com\/site\/mexico\/wp-json\/wp\/v2\/media\/8983"}],"wp:attachment":[{"href":"https:\/\/noti-america.com\/site\/mexico\/wp-json\/wp\/v2\/media?parent=8982"}],"wp:term":[{"taxonomy":"category","embeddable":true,"href":"https:\/\/noti-america.com\/site\/mexico\/wp-json\/wp\/v2\/categories?post=8982"},{"taxonomy":"post_tag","embeddable":true,"href":"https:\/\/noti-america.com\/site\/mexico\/wp-json\/wp\/v2\/tags?post=8982"}],"curies":[{"name":"wp","href":"https:\/\/api.w.org\/{rel}","templated":true}]}}