{"id":8920,"date":"2023-01-16T16:14:36","date_gmt":"2023-01-16T16:14:36","guid":{"rendered":"https:\/\/noti-america.com\/site\/mexico\/?p=8920"},"modified":"2023-01-16T16:14:36","modified_gmt":"2023-01-16T16:14:36","slug":"quien-es-ryan-cox-el-interprete-de-dime-tu-nombre","status":"publish","type":"post","link":"https:\/\/noti-america.com\/site\/mexico\/2023\/01\/16\/quien-es-ryan-cox-el-interprete-de-dime-tu-nombre\/","title":{"rendered":"\u00bfQui\u00e9n es Ryan Cox? El int\u00e9rprete de \u00abDime tu nombre\u00bb"},"content":{"rendered":"<p>En todas las radios suena un tema que se titula \u201cDime tu nombre\u201d tiene 12 semanas en primer lugar en las listas pop- rock y 5 semanas como l\u00edder en el conteo general de Monitor latino y todos se preguntan a qui\u00e9n le debo decir el nombre. Este tema es el primer sencillo de Ryan Cox.<\/p>\n<p><strong>\u00bfQui\u00e9n es?<\/strong><\/p>\n<p>Esa es la pregunta que se hacen muchos, y tal como dice su tema, pide permiso para presentarse.<\/p>\n<p>Ryan Cox es un adolescente de 16 a\u00f1os \u00edtalo-venezolano, que tiene como motivaci\u00f3n ser la voz de las personas que tienen miedo de decir lo que sientes; \u201cpor eso es que para m\u00ed es importante escribir mis canciones\u201d, comenta Cox, quien comenz\u00f3 el 2023 dando un concierto en Colombia ante m\u00e1s de 50 mil personas.<\/p>\n<p>Desde peque\u00f1o\u00a0estuvo ligado a la m\u00fasica, pero se tom\u00f3 un tiempo para prepararse. Los tiempos han cambiado. Y ahora est\u00e1 listo para lanzar su primer disco, cuyo nombre no quiere revelar a\u00fan.\u201cPor ahora quiero conocer el nombre de esa persona que desde lejos he mirado; pero as\u00ed como yo espero que mi tema sirva para poder romper el hielo con esa persona que te gusta y no sabes que decir\u201d, afirma el joven quien adem\u00e1s confiesa que Ryan Cox es su nombre de pila.<\/p>\n<p><strong>Dejando huella<\/strong><\/p>\n<p>Para Ryan es de vital importancia ser una voz y cada uno de sus temas van a ir unidos a campa\u00f1as de concientizaci\u00f3n, y decidi\u00f3 iniciar con \u201cInspira tics\u201d.<\/p>\n<p>Se trata de una campa\u00f1a que realizar\u00e1 junto a Grupo Mano para que los j\u00f3venes vean el lado positivo de las redes sociales y puedan dejar una huella positiva en ella. Adem\u00e1s de crear conciencia del buen uso.<\/p>\n<p>Ryan que en sus redes sociales se presenta como @Ryancoxtv asegura que \u201cEstoy cansado de escuchar todo lo negativo de las redes sociales, si entiendo que hay muchos peligros, pero si nos hablan de forma positiva, nos ense\u00f1an de manera divertida y amigable, podemos usarlas como herramientas para cumplir nuestros sue\u00f1os\u201d.<\/p>\n<p><strong>No solo pide el nombre<\/strong><\/p>\n<p>Este chico est\u00e1 cursando su \u00faltimo a\u00f1o de bachillerato y la m\u00fasica va m\u00e1s all\u00e1 de cantar sus propios temas, es por eso que compone para otros artistas.<\/p>\n<p>En el \u00faltimo \u00e1lbum del recordado, Don fulano compuso dos temas \u201cNo quiero saber de ti\u201d y \u201cNoche no te vayas\u201d canci\u00f3n que canta a d\u00fao con el int\u00e9rprete de Guayando \u201cescribir es una de las cosas que m\u00e1s me gusta hacer, porque siempre le pongo un toque especial, as\u00ed que tienen que escuchar Guaracox\u201d.<\/p>\n","protected":false},"excerpt":{"rendered":"<p>En todas las radios suena un tema que se titula \u201cDime tu nombre\u201d tiene 12 semanas en primer lugar en las listas pop- rock y 5 semanas como l\u00edder en el conteo general de&#46;&#46;&#46;<\/p>\n","protected":false},"author":127,"featured_media":8921,"comment_status":"open","ping_status":"open","sticky":false,"template":"","format":"image","meta":{"_acf_changed":false,"om_disable_all_campaigns":false,"rop_custom_images_group":[],"rop_custom_messages_group":[],"rop_publish_now":"initial","rop_publish_now_accounts":{"twitter_242054905_242054905":""},"rop_publish_now_history":[],"rop_publish_now_status":"pending","_uf_show_specific_survey":0,"_uf_disable_surveys":false,"footnotes":""},"categories":[38],"tags":[],"class_list":["post-8920","post","type-post","status-publish","format-image","has-post-thumbnail","hentry","category-musica","post_format-post-format-image"],"acf":[],"aioseo_notices":[],"yoast_head":"<!-- This site is optimized with the Yoast SEO Premium plugin v24.9 (Yoast SEO v27.2) - https:\/\/yoast.com\/product\/yoast-seo-premium-wordpress\/ -->\n<title>\u00bfQui\u00e9n es Ryan Cox? El int\u00e9rprete de &quot;Dime tu nombre&quot; - M\u00e9xico<\/title>\n<meta name=\"robots\" content=\"index, follow, max-snippet:-1, max-image-preview:large, max-video-preview:-1\" \/>\n<link rel=\"canonical\" href=\"https:\/\/noti-america.com\/site\/mexico\/2023\/01\/16\/quien-es-ryan-cox-el-interprete-de-dime-tu-nombre\/\" \/>\n<meta property=\"og:locale\" content=\"es_ES\" \/>\n<meta property=\"og:type\" content=\"article\" \/>\n<meta property=\"og:title\" content=\"\u00bfQui\u00e9n es Ryan Cox? El int\u00e9rprete de &quot;Dime tu nombre&quot;\" \/>\n<meta property=\"og:description\" content=\"En todas las radios suena un tema que se titula \u201cDime tu nombre\u201d tiene 12 semanas en primer lugar en las listas pop- rock y 5 semanas como l\u00edder en el conteo general de&#046;&#046;&#046;\" \/>\n<meta property=\"og:url\" content=\"https:\/\/noti-america.com\/site\/mexico\/2023\/01\/16\/quien-es-ryan-cox-el-interprete-de-dime-tu-nombre\/\" \/>\n<meta property=\"og:site_name\" content=\"M\u00e9xico\" \/>\n<meta property=\"article:published_time\" content=\"2023-01-16T16:14:36+00:00\" \/>\n<meta property=\"og:image\" content=\"https:\/\/noti-america.com\/site\/mexico\/wp-content\/uploads\/sites\/13\/2023\/01\/DSC8739-2-2-scaled.jpg\" \/>\n\t<meta property=\"og:image:width\" content=\"2560\" \/>\n\t<meta property=\"og:image:height\" content=\"1710\" \/>\n\t<meta property=\"og:image:type\" content=\"image\/jpeg\" \/>\n<meta name=\"author\" content=\"Yoelvzla\" \/>\n<meta name=\"twitter:card\" content=\"summary_large_image\" \/>\n<meta name=\"twitter:label1\" content=\"Escrito por\" \/>\n\t<meta name=\"twitter:data1\" content=\"Yoelvzla\" \/>\n\t<meta name=\"twitter:label2\" content=\"Tiempo estimado de lectura\" \/>\n\t<meta name=\"twitter:data2\" content=\"2 minutos\" \/>\n<script type=\"application\/ld+json\" class=\"yoast-schema-graph\">{\"@context\":\"https:\/\/schema.org\",\"@graph\":[{\"@type\":\"Article\",\"@id\":\"https:\/\/noti-america.com\/site\/mexico\/2023\/01\/16\/quien-es-ryan-cox-el-interprete-de-dime-tu-nombre\/#article\",\"isPartOf\":{\"@id\":\"https:\/\/noti-america.com\/site\/mexico\/2023\/01\/16\/quien-es-ryan-cox-el-interprete-de-dime-tu-nombre\/\"},\"author\":{\"name\":\"Yoelvzla\",\"@id\":\"https:\/\/noti-america.com\/site\/mexico\/#\/schema\/person\/376ccc7b3cc7a8d5a43c3ece07a43857\"},\"headline\":\"\u00bfQui\u00e9n es Ryan Cox? El int\u00e9rprete de \u00abDime tu nombre\u00bb\",\"datePublished\":\"2023-01-16T16:14:36+00:00\",\"mainEntityOfPage\":{\"@id\":\"https:\/\/noti-america.com\/site\/mexico\/2023\/01\/16\/quien-es-ryan-cox-el-interprete-de-dime-tu-nombre\/\"},\"wordCount\":456,\"commentCount\":0,\"publisher\":{\"@id\":\"https:\/\/noti-america.com\/site\/mexico\/#organization\"},\"image\":{\"@id\":\"https:\/\/noti-america.com\/site\/mexico\/2023\/01\/16\/quien-es-ryan-cox-el-interprete-de-dime-tu-nombre\/#primaryimage\"},\"thumbnailUrl\":\"https:\/\/noti-america.com\/site\/mexico\/wp-content\/uploads\/sites\/13\/2023\/01\/DSC8739-2-2-scaled.jpg\",\"articleSection\":[\"M\u00fasica\"],\"inLanguage\":\"es\",\"potentialAction\":[{\"@type\":\"CommentAction\",\"name\":\"Comment\",\"target\":[\"https:\/\/noti-america.com\/site\/mexico\/2023\/01\/16\/quien-es-ryan-cox-el-interprete-de-dime-tu-nombre\/#respond\"]}]},{\"@type\":\"WebPage\",\"@id\":\"https:\/\/noti-america.com\/site\/mexico\/2023\/01\/16\/quien-es-ryan-cox-el-interprete-de-dime-tu-nombre\/\",\"url\":\"https:\/\/noti-america.com\/site\/mexico\/2023\/01\/16\/quien-es-ryan-cox-el-interprete-de-dime-tu-nombre\/\",\"name\":\"\u00bfQui\u00e9n es Ryan Cox? El int\u00e9rprete de \\\"Dime tu nombre\\\" - M\u00e9xico\",\"isPartOf\":{\"@id\":\"https:\/\/noti-america.com\/site\/mexico\/#website\"},\"primaryImageOfPage\":{\"@id\":\"https:\/\/noti-america.com\/site\/mexico\/2023\/01\/16\/quien-es-ryan-cox-el-interprete-de-dime-tu-nombre\/#primaryimage\"},\"image\":{\"@id\":\"https:\/\/noti-america.com\/site\/mexico\/2023\/01\/16\/quien-es-ryan-cox-el-interprete-de-dime-tu-nombre\/#primaryimage\"},\"thumbnailUrl\":\"https:\/\/noti-america.com\/site\/mexico\/wp-content\/uploads\/sites\/13\/2023\/01\/DSC8739-2-2-scaled.jpg\",\"datePublished\":\"2023-01-16T16:14:36+00:00\",\"breadcrumb\":{\"@id\":\"https:\/\/noti-america.com\/site\/mexico\/2023\/01\/16\/quien-es-ryan-cox-el-interprete-de-dime-tu-nombre\/#breadcrumb\"},\"inLanguage\":\"es\",\"potentialAction\":[{\"@type\":\"ReadAction\",\"target\":[\"https:\/\/noti-america.com\/site\/mexico\/2023\/01\/16\/quien-es-ryan-cox-el-interprete-de-dime-tu-nombre\/\"]}]},{\"@type\":\"ImageObject\",\"inLanguage\":\"es\",\"@id\":\"https:\/\/noti-america.com\/site\/mexico\/2023\/01\/16\/quien-es-ryan-cox-el-interprete-de-dime-tu-nombre\/#primaryimage\",\"url\":\"https:\/\/noti-america.com\/site\/mexico\/wp-content\/uploads\/sites\/13\/2023\/01\/DSC8739-2-2-scaled.jpg\",\"contentUrl\":\"https:\/\/noti-america.com\/site\/mexico\/wp-content\/uploads\/sites\/13\/2023\/01\/DSC8739-2-2-scaled.jpg\",\"width\":2560,\"height\":1710},{\"@type\":\"BreadcrumbList\",\"@id\":\"https:\/\/noti-america.com\/site\/mexico\/2023\/01\/16\/quien-es-ryan-cox-el-interprete-de-dime-tu-nombre\/#breadcrumb\",\"itemListElement\":[{\"@type\":\"ListItem\",\"position\":1,\"name\":\"Portada\",\"item\":\"https:\/\/noti-america.com\/site\/mexico\/\"},{\"@type\":\"ListItem\",\"position\":2,\"name\":\"\u00bfQui\u00e9n es Ryan Cox? El int\u00e9rprete de \u00abDime tu nombre\u00bb\"}]},{\"@type\":\"WebSite\",\"@id\":\"https:\/\/noti-america.com\/site\/mexico\/#website\",\"url\":\"https:\/\/noti-america.com\/site\/mexico\/\",\"name\":\"M\u00e9xico | Noti-America.com\",\"description\":\"\",\"publisher\":{\"@id\":\"https:\/\/noti-america.com\/site\/mexico\/#organization\"},\"potentialAction\":[{\"@type\":\"SearchAction\",\"target\":{\"@type\":\"EntryPoint\",\"urlTemplate\":\"https:\/\/noti-america.com\/site\/mexico\/?s={search_term_string}\"},\"query-input\":{\"@type\":\"PropertyValueSpecification\",\"valueRequired\":true,\"valueName\":\"search_term_string\"}}],\"inLanguage\":\"es\"},{\"@type\":\"Organization\",\"@id\":\"https:\/\/noti-america.com\/site\/mexico\/#organization\",\"name\":\"Noti-America LLC | M\u00e9xico\",\"url\":\"https:\/\/noti-america.com\/site\/mexico\/\",\"logo\":{\"@type\":\"ImageObject\",\"inLanguage\":\"es\",\"@id\":\"https:\/\/noti-america.com\/site\/mexico\/#\/schema\/logo\/image\/\",\"url\":\"https:\/\/noti-america.com\/site\/mexico\/wp-content\/uploads\/sites\/13\/2020\/07\/LogoNA-4x3-1.jpg\",\"contentUrl\":\"https:\/\/noti-america.com\/site\/mexico\/wp-content\/uploads\/sites\/13\/2020\/07\/LogoNA-4x3-1.jpg\",\"width\":1236,\"height\":1080,\"caption\":\"Noti-America LLC | M\u00e9xico\"},\"image\":{\"@id\":\"https:\/\/noti-america.com\/site\/mexico\/#\/schema\/logo\/image\/\"}},{\"@type\":\"Person\",\"@id\":\"https:\/\/noti-america.com\/site\/mexico\/#\/schema\/person\/376ccc7b3cc7a8d5a43c3ece07a43857\",\"name\":\"Yoelvzla\",\"image\":{\"@type\":\"ImageObject\",\"inLanguage\":\"es\",\"@id\":\"https:\/\/secure.gravatar.com\/avatar\/13a96a72123e0e9aa76fe82e8847f726c63a1c5ef6a8d0fadd844c1a5a83b212?s=96&d=mm&r=g\",\"url\":\"https:\/\/secure.gravatar.com\/avatar\/13a96a72123e0e9aa76fe82e8847f726c63a1c5ef6a8d0fadd844c1a5a83b212?s=96&d=mm&r=g\",\"contentUrl\":\"https:\/\/secure.gravatar.com\/avatar\/13a96a72123e0e9aa76fe82e8847f726c63a1c5ef6a8d0fadd844c1a5a83b212?s=96&d=mm&r=g\",\"caption\":\"Yoelvzla\"},\"url\":\"https:\/\/noti-america.com\/site\/mexico\/author\/ydiaz\/\"}]}<\/script>\n<!-- \/ Yoast SEO Premium plugin. -->","yoast_head_json":{"title":"\u00bfQui\u00e9n es Ryan Cox? El int\u00e9rprete de \"Dime tu nombre\" - M\u00e9xico","robots":{"index":"index","follow":"follow","max-snippet":"max-snippet:-1","max-image-preview":"max-image-preview:large","max-video-preview":"max-video-preview:-1"},"canonical":"https:\/\/noti-america.com\/site\/mexico\/2023\/01\/16\/quien-es-ryan-cox-el-interprete-de-dime-tu-nombre\/","og_locale":"es_ES","og_type":"article","og_title":"\u00bfQui\u00e9n es Ryan Cox? El int\u00e9rprete de \"Dime tu nombre\"","og_description":"En todas las radios suena un tema que se titula \u201cDime tu nombre\u201d tiene 12 semanas en primer lugar en las listas pop- rock y 5 semanas como l\u00edder en el conteo general de&#46;&#46;&#46;","og_url":"https:\/\/noti-america.com\/site\/mexico\/2023\/01\/16\/quien-es-ryan-cox-el-interprete-de-dime-tu-nombre\/","og_site_name":"M\u00e9xico","article_published_time":"2023-01-16T16:14:36+00:00","og_image":[{"width":2560,"height":1710,"url":"https:\/\/noti-america.com\/site\/mexico\/wp-content\/uploads\/sites\/13\/2023\/01\/DSC8739-2-2-scaled.jpg","type":"image\/jpeg"}],"author":"Yoelvzla","twitter_card":"summary_large_image","twitter_misc":{"Escrito por":"Yoelvzla","Tiempo estimado de lectura":"2 minutos"},"schema":{"@context":"https:\/\/schema.org","@graph":[{"@type":"Article","@id":"https:\/\/noti-america.com\/site\/mexico\/2023\/01\/16\/quien-es-ryan-cox-el-interprete-de-dime-tu-nombre\/#article","isPartOf":{"@id":"https:\/\/noti-america.com\/site\/mexico\/2023\/01\/16\/quien-es-ryan-cox-el-interprete-de-dime-tu-nombre\/"},"author":{"name":"Yoelvzla","@id":"https:\/\/noti-america.com\/site\/mexico\/#\/schema\/person\/376ccc7b3cc7a8d5a43c3ece07a43857"},"headline":"\u00bfQui\u00e9n es Ryan Cox? El int\u00e9rprete de \u00abDime tu nombre\u00bb","datePublished":"2023-01-16T16:14:36+00:00","mainEntityOfPage":{"@id":"https:\/\/noti-america.com\/site\/mexico\/2023\/01\/16\/quien-es-ryan-cox-el-interprete-de-dime-tu-nombre\/"},"wordCount":456,"commentCount":0,"publisher":{"@id":"https:\/\/noti-america.com\/site\/mexico\/#organization"},"image":{"@id":"https:\/\/noti-america.com\/site\/mexico\/2023\/01\/16\/quien-es-ryan-cox-el-interprete-de-dime-tu-nombre\/#primaryimage"},"thumbnailUrl":"https:\/\/noti-america.com\/site\/mexico\/wp-content\/uploads\/sites\/13\/2023\/01\/DSC8739-2-2-scaled.jpg","articleSection":["M\u00fasica"],"inLanguage":"es","potentialAction":[{"@type":"CommentAction","name":"Comment","target":["https:\/\/noti-america.com\/site\/mexico\/2023\/01\/16\/quien-es-ryan-cox-el-interprete-de-dime-tu-nombre\/#respond"]}]},{"@type":"WebPage","@id":"https:\/\/noti-america.com\/site\/mexico\/2023\/01\/16\/quien-es-ryan-cox-el-interprete-de-dime-tu-nombre\/","url":"https:\/\/noti-america.com\/site\/mexico\/2023\/01\/16\/quien-es-ryan-cox-el-interprete-de-dime-tu-nombre\/","name":"\u00bfQui\u00e9n es Ryan Cox? El int\u00e9rprete de \"Dime tu nombre\" - M\u00e9xico","isPartOf":{"@id":"https:\/\/noti-america.com\/site\/mexico\/#website"},"primaryImageOfPage":{"@id":"https:\/\/noti-america.com\/site\/mexico\/2023\/01\/16\/quien-es-ryan-cox-el-interprete-de-dime-tu-nombre\/#primaryimage"},"image":{"@id":"https:\/\/noti-america.com\/site\/mexico\/2023\/01\/16\/quien-es-ryan-cox-el-interprete-de-dime-tu-nombre\/#primaryimage"},"thumbnailUrl":"https:\/\/noti-america.com\/site\/mexico\/wp-content\/uploads\/sites\/13\/2023\/01\/DSC8739-2-2-scaled.jpg","datePublished":"2023-01-16T16:14:36+00:00","breadcrumb":{"@id":"https:\/\/noti-america.com\/site\/mexico\/2023\/01\/16\/quien-es-ryan-cox-el-interprete-de-dime-tu-nombre\/#breadcrumb"},"inLanguage":"es","potentialAction":[{"@type":"ReadAction","target":["https:\/\/noti-america.com\/site\/mexico\/2023\/01\/16\/quien-es-ryan-cox-el-interprete-de-dime-tu-nombre\/"]}]},{"@type":"ImageObject","inLanguage":"es","@id":"https:\/\/noti-america.com\/site\/mexico\/2023\/01\/16\/quien-es-ryan-cox-el-interprete-de-dime-tu-nombre\/#primaryimage","url":"https:\/\/noti-america.com\/site\/mexico\/wp-content\/uploads\/sites\/13\/2023\/01\/DSC8739-2-2-scaled.jpg","contentUrl":"https:\/\/noti-america.com\/site\/mexico\/wp-content\/uploads\/sites\/13\/2023\/01\/DSC8739-2-2-scaled.jpg","width":2560,"height":1710},{"@type":"BreadcrumbList","@id":"https:\/\/noti-america.com\/site\/mexico\/2023\/01\/16\/quien-es-ryan-cox-el-interprete-de-dime-tu-nombre\/#breadcrumb","itemListElement":[{"@type":"ListItem","position":1,"name":"Portada","item":"https:\/\/noti-america.com\/site\/mexico\/"},{"@type":"ListItem","position":2,"name":"\u00bfQui\u00e9n es Ryan Cox? El int\u00e9rprete de \u00abDime tu nombre\u00bb"}]},{"@type":"WebSite","@id":"https:\/\/noti-america.com\/site\/mexico\/#website","url":"https:\/\/noti-america.com\/site\/mexico\/","name":"M\u00e9xico | Noti-America.com","description":"","publisher":{"@id":"https:\/\/noti-america.com\/site\/mexico\/#organization"},"potentialAction":[{"@type":"SearchAction","target":{"@type":"EntryPoint","urlTemplate":"https:\/\/noti-america.com\/site\/mexico\/?s={search_term_string}"},"query-input":{"@type":"PropertyValueSpecification","valueRequired":true,"valueName":"search_term_string"}}],"inLanguage":"es"},{"@type":"Organization","@id":"https:\/\/noti-america.com\/site\/mexico\/#organization","name":"Noti-America LLC | M\u00e9xico","url":"https:\/\/noti-america.com\/site\/mexico\/","logo":{"@type":"ImageObject","inLanguage":"es","@id":"https:\/\/noti-america.com\/site\/mexico\/#\/schema\/logo\/image\/","url":"https:\/\/noti-america.com\/site\/mexico\/wp-content\/uploads\/sites\/13\/2020\/07\/LogoNA-4x3-1.jpg","contentUrl":"https:\/\/noti-america.com\/site\/mexico\/wp-content\/uploads\/sites\/13\/2020\/07\/LogoNA-4x3-1.jpg","width":1236,"height":1080,"caption":"Noti-America LLC | M\u00e9xico"},"image":{"@id":"https:\/\/noti-america.com\/site\/mexico\/#\/schema\/logo\/image\/"}},{"@type":"Person","@id":"https:\/\/noti-america.com\/site\/mexico\/#\/schema\/person\/376ccc7b3cc7a8d5a43c3ece07a43857","name":"Yoelvzla","image":{"@type":"ImageObject","inLanguage":"es","@id":"https:\/\/secure.gravatar.com\/avatar\/13a96a72123e0e9aa76fe82e8847f726c63a1c5ef6a8d0fadd844c1a5a83b212?s=96&d=mm&r=g","url":"https:\/\/secure.gravatar.com\/avatar\/13a96a72123e0e9aa76fe82e8847f726c63a1c5ef6a8d0fadd844c1a5a83b212?s=96&d=mm&r=g","contentUrl":"https:\/\/secure.gravatar.com\/avatar\/13a96a72123e0e9aa76fe82e8847f726c63a1c5ef6a8d0fadd844c1a5a83b212?s=96&d=mm&r=g","caption":"Yoelvzla"},"url":"https:\/\/noti-america.com\/site\/mexico\/author\/ydiaz\/"}]}},"_links":{"self":[{"href":"https:\/\/noti-america.com\/site\/mexico\/wp-json\/wp\/v2\/posts\/8920","targetHints":{"allow":["GET"]}}],"collection":[{"href":"https:\/\/noti-america.com\/site\/mexico\/wp-json\/wp\/v2\/posts"}],"about":[{"href":"https:\/\/noti-america.com\/site\/mexico\/wp-json\/wp\/v2\/types\/post"}],"author":[{"embeddable":true,"href":"https:\/\/noti-america.com\/site\/mexico\/wp-json\/wp\/v2\/users\/127"}],"replies":[{"embeddable":true,"href":"https:\/\/noti-america.com\/site\/mexico\/wp-json\/wp\/v2\/comments?post=8920"}],"version-history":[{"count":1,"href":"https:\/\/noti-america.com\/site\/mexico\/wp-json\/wp\/v2\/posts\/8920\/revisions"}],"predecessor-version":[{"id":8922,"href":"https:\/\/noti-america.com\/site\/mexico\/wp-json\/wp\/v2\/posts\/8920\/revisions\/8922"}],"wp:featuredmedia":[{"embeddable":true,"href":"https:\/\/noti-america.com\/site\/mexico\/wp-json\/wp\/v2\/media\/8921"}],"wp:attachment":[{"href":"https:\/\/noti-america.com\/site\/mexico\/wp-json\/wp\/v2\/media?parent=8920"}],"wp:term":[{"taxonomy":"category","embeddable":true,"href":"https:\/\/noti-america.com\/site\/mexico\/wp-json\/wp\/v2\/categories?post=8920"},{"taxonomy":"post_tag","embeddable":true,"href":"https:\/\/noti-america.com\/site\/mexico\/wp-json\/wp\/v2\/tags?post=8920"}],"curies":[{"name":"wp","href":"https:\/\/api.w.org\/{rel}","templated":true}]}}