{"id":8917,"date":"2023-01-16T16:07:33","date_gmt":"2023-01-16T16:07:33","guid":{"rendered":"https:\/\/noti-america.com\/site\/mexico\/?p=8917"},"modified":"2023-01-16T16:15:16","modified_gmt":"2023-01-16T16:15:16","slug":"8917","status":"publish","type":"post","link":"https:\/\/noti-america.com\/site\/mexico\/2023\/01\/16\/8917\/","title":{"rendered":"Aleska G\u00e9nesis mostr\u00f3 el procedimiento su tratamiento de alopecia en redes sociales"},"content":{"rendered":"<p>La modelo venezolana, <strong>Aleska G\u00e9nesis<\/strong>, decidi\u00f3 compartir con sus seguidores todo el proceso que est\u00e1 viviendo en su lucha contra la alopecia; dejando claro que no todo lo que se ve en redes sociales es la realidad y por eso ella decidi\u00f3 publicar su faceta m\u00e1s humana.<br \/>\nEn el video de siete minutos de duraci\u00f3n, se puede ver c\u00f3mo <strong>Aleska<\/strong> visita el consultorio del <strong>Dr Ramtin Kassir<\/strong>; cirujano pl\u00e1stico, experto en cosm\u00e9tica y reconstrucci\u00f3n en la ciudad de Nueva York y es recibida con mucho cari\u00f1o por parte del personal a cargo del galeno.<\/p>\n<p>El <strong>Dr Kassir<\/strong> en el video certific\u00f3 que Aleska sufre de la condici\u00f3n de <strong>Alopecia Areata<\/strong>; producto del estr\u00e9s y que en el caso de las mujeres puede ser un detonante en su autoestima, porque no est\u00e1n acostumbradas a perder cabello. De igual forma el especialista de la salud, calific\u00f3 a Aleska como una gran amiga y una persona muy querida por su familia.<\/p>\n<p>Una de las partes m\u00e1s fuertes del video, es cuando <strong>Aleska<\/strong> se quita la peluca ante las c\u00e1maras y muestra la parte donde falta cabello; el Dr Kassir asever\u00f3 que est\u00e1 lesi\u00f3n es aut\u00e9ntica. La modelo venezolana, aprovech\u00f3 el momento para responder a las personas que creen que es su cabello, diciendo que usa este anexo capilar, para tapar las lesiones que tiene.<\/p>\n<p>&nbsp;<\/p>\n<p><a href=\"https:\/\/www.instagram.com\/reel\/CnNZaxwjdXX\/?igshid=YmMyMTA2M2Y=\">https:\/\/www.instagram.com\/reel\/CnNZaxwjdXX\/?igshid=YmMyMTA2M2Y=<\/a><\/p>\n<p>&nbsp;<\/p>\n<p>El Dr Kassir explic\u00f3 que le har\u00e1 un tratamiento en base de inyecciones de plaquetas que buscan la cicatrizaci\u00f3n de sus heridas y resalt\u00f3 que si se pasar\u00e1 todo el estr\u00e9s que sufre el cabello tardar\u00eda en crecer unos tres meses. Indic\u00f3 que en su experiencias con pacientes que sufren de este mal, es muy dif\u00edcil para ellas, andar en p\u00fablico con algo tan visible; por eso usan accesorios como pelucas, para evitar ser juzgadas por la gente<\/p>\n<p>.<br \/>\nAleska bautiz\u00f3 a su peluca con el nombre de \u201cAleskita\u201d; y le agradeci\u00f3 por darle seguridad en estos momentos. Asever\u00f3 que esto es consecuencia de un shock de estr\u00e9s y de miedos que experiment\u00f3 hace ya algunos meses atr\u00e1s.<\/p>\n<p>En el v\u00eddeo se puede ver el proceso de la extracci\u00f3n de su sangre, el proceso de centrifugaci\u00f3n y la dolorosa inyecci\u00f3n en el cuero cabelludo. A pesar de eso, Aleska mostr\u00f3 endereza ante el proceso. Al final de la consulta el <strong>Dr Kasser<\/strong> le dice que estar\u00e1 muy bien, que va a superar este trance y que en varias semanas tendr\u00e1 que regresar a repetir el tratamiento.<\/p>\n","protected":false},"excerpt":{"rendered":"<p>La modelo venezolana, Aleska G\u00e9nesis, decidi\u00f3 compartir con sus seguidores todo el proceso que est\u00e1 viviendo en su lucha contra la alopecia; dejando claro que no todo lo que se ve en redes sociales&#46;&#46;&#46;<\/p>\n","protected":false},"author":127,"featured_media":8918,"comment_status":"open","ping_status":"open","sticky":false,"template":"","format":"image","meta":{"_acf_changed":false,"om_disable_all_campaigns":false,"rop_custom_images_group":[],"rop_custom_messages_group":[],"rop_publish_now":"initial","rop_publish_now_accounts":{"twitter_242054905_242054905":""},"rop_publish_now_history":[],"rop_publish_now_status":"pending","_uf_show_specific_survey":0,"_uf_disable_surveys":false,"footnotes":""},"categories":[8],"tags":[],"class_list":["post-8917","post","type-post","status-publish","format-image","has-post-thumbnail","hentry","category-arte-y-espectaculos","post_format-post-format-image"],"acf":[],"aioseo_notices":[],"yoast_head":"<!-- This site is optimized with the Yoast SEO Premium plugin v24.9 (Yoast SEO v27.2) - https:\/\/yoast.com\/product\/yoast-seo-premium-wordpress\/ -->\n<title>Aleska G\u00e9nesis mostr\u00f3 el procedimiento su tratamiento de alopecia en redes sociales - M\u00e9xico<\/title>\n<meta name=\"robots\" content=\"index, follow, max-snippet:-1, max-image-preview:large, max-video-preview:-1\" \/>\n<link rel=\"canonical\" href=\"https:\/\/noti-america.com\/site\/mexico\/2023\/01\/16\/8917\/\" \/>\n<meta property=\"og:locale\" content=\"es_ES\" \/>\n<meta property=\"og:type\" content=\"article\" \/>\n<meta property=\"og:title\" content=\"Aleska G\u00e9nesis mostr\u00f3 el procedimiento su tratamiento de alopecia en redes sociales\" \/>\n<meta property=\"og:description\" content=\"La modelo venezolana, Aleska G\u00e9nesis, decidi\u00f3 compartir con sus seguidores todo el proceso que est\u00e1 viviendo en su lucha contra la alopecia; dejando claro que no todo lo que se ve en redes sociales&#046;&#046;&#046;\" \/>\n<meta property=\"og:url\" content=\"https:\/\/noti-america.com\/site\/mexico\/2023\/01\/16\/8917\/\" \/>\n<meta property=\"og:site_name\" content=\"M\u00e9xico\" \/>\n<meta property=\"article:published_time\" content=\"2023-01-16T16:07:33+00:00\" \/>\n<meta property=\"article:modified_time\" content=\"2023-01-16T16:15:16+00:00\" \/>\n<meta property=\"og:image\" content=\"https:\/\/noti-america.com\/site\/mexico\/wp-content\/uploads\/sites\/13\/2023\/01\/Aleska..jpeg\" \/>\n\t<meta property=\"og:image:width\" content=\"1079\" \/>\n\t<meta property=\"og:image:height\" content=\"1343\" \/>\n\t<meta property=\"og:image:type\" content=\"image\/jpeg\" \/>\n<meta name=\"author\" content=\"Yoelvzla\" \/>\n<meta name=\"twitter:card\" content=\"summary_large_image\" \/>\n<meta name=\"twitter:label1\" content=\"Escrito por\" \/>\n\t<meta name=\"twitter:data1\" content=\"Yoelvzla\" \/>\n\t<meta name=\"twitter:label2\" content=\"Tiempo estimado de lectura\" \/>\n\t<meta name=\"twitter:data2\" content=\"2 minutos\" \/>\n<script type=\"application\/ld+json\" class=\"yoast-schema-graph\">{\"@context\":\"https:\/\/schema.org\",\"@graph\":[{\"@type\":\"Article\",\"@id\":\"https:\/\/noti-america.com\/site\/mexico\/2023\/01\/16\/8917\/#article\",\"isPartOf\":{\"@id\":\"https:\/\/noti-america.com\/site\/mexico\/2023\/01\/16\/8917\/\"},\"author\":{\"name\":\"Yoelvzla\",\"@id\":\"https:\/\/noti-america.com\/site\/mexico\/#\/schema\/person\/376ccc7b3cc7a8d5a43c3ece07a43857\"},\"headline\":\"Aleska G\u00e9nesis mostr\u00f3 el procedimiento su tratamiento de alopecia en redes sociales\",\"datePublished\":\"2023-01-16T16:07:33+00:00\",\"dateModified\":\"2023-01-16T16:15:16+00:00\",\"mainEntityOfPage\":{\"@id\":\"https:\/\/noti-america.com\/site\/mexico\/2023\/01\/16\/8917\/\"},\"wordCount\":457,\"commentCount\":0,\"publisher\":{\"@id\":\"https:\/\/noti-america.com\/site\/mexico\/#organization\"},\"image\":{\"@id\":\"https:\/\/noti-america.com\/site\/mexico\/2023\/01\/16\/8917\/#primaryimage\"},\"thumbnailUrl\":\"https:\/\/noti-america.com\/site\/mexico\/wp-content\/uploads\/sites\/13\/2023\/01\/Aleska..jpeg\",\"articleSection\":[\"Arte y Espect\u00e1culos\"],\"inLanguage\":\"es\",\"potentialAction\":[{\"@type\":\"CommentAction\",\"name\":\"Comment\",\"target\":[\"https:\/\/noti-america.com\/site\/mexico\/2023\/01\/16\/8917\/#respond\"]}]},{\"@type\":\"WebPage\",\"@id\":\"https:\/\/noti-america.com\/site\/mexico\/2023\/01\/16\/8917\/\",\"url\":\"https:\/\/noti-america.com\/site\/mexico\/2023\/01\/16\/8917\/\",\"name\":\"Aleska G\u00e9nesis mostr\u00f3 el procedimiento su tratamiento de alopecia en redes sociales - M\u00e9xico\",\"isPartOf\":{\"@id\":\"https:\/\/noti-america.com\/site\/mexico\/#website\"},\"primaryImageOfPage\":{\"@id\":\"https:\/\/noti-america.com\/site\/mexico\/2023\/01\/16\/8917\/#primaryimage\"},\"image\":{\"@id\":\"https:\/\/noti-america.com\/site\/mexico\/2023\/01\/16\/8917\/#primaryimage\"},\"thumbnailUrl\":\"https:\/\/noti-america.com\/site\/mexico\/wp-content\/uploads\/sites\/13\/2023\/01\/Aleska..jpeg\",\"datePublished\":\"2023-01-16T16:07:33+00:00\",\"dateModified\":\"2023-01-16T16:15:16+00:00\",\"breadcrumb\":{\"@id\":\"https:\/\/noti-america.com\/site\/mexico\/2023\/01\/16\/8917\/#breadcrumb\"},\"inLanguage\":\"es\",\"potentialAction\":[{\"@type\":\"ReadAction\",\"target\":[\"https:\/\/noti-america.com\/site\/mexico\/2023\/01\/16\/8917\/\"]}]},{\"@type\":\"ImageObject\",\"inLanguage\":\"es\",\"@id\":\"https:\/\/noti-america.com\/site\/mexico\/2023\/01\/16\/8917\/#primaryimage\",\"url\":\"https:\/\/noti-america.com\/site\/mexico\/wp-content\/uploads\/sites\/13\/2023\/01\/Aleska..jpeg\",\"contentUrl\":\"https:\/\/noti-america.com\/site\/mexico\/wp-content\/uploads\/sites\/13\/2023\/01\/Aleska..jpeg\",\"width\":1079,\"height\":1343},{\"@type\":\"BreadcrumbList\",\"@id\":\"https:\/\/noti-america.com\/site\/mexico\/2023\/01\/16\/8917\/#breadcrumb\",\"itemListElement\":[{\"@type\":\"ListItem\",\"position\":1,\"name\":\"Portada\",\"item\":\"https:\/\/noti-america.com\/site\/mexico\/\"},{\"@type\":\"ListItem\",\"position\":2,\"name\":\"Aleska G\u00e9nesis mostr\u00f3 el procedimiento su tratamiento de alopecia en redes sociales\"}]},{\"@type\":\"WebSite\",\"@id\":\"https:\/\/noti-america.com\/site\/mexico\/#website\",\"url\":\"https:\/\/noti-america.com\/site\/mexico\/\",\"name\":\"M\u00e9xico | Noti-America.com\",\"description\":\"\",\"publisher\":{\"@id\":\"https:\/\/noti-america.com\/site\/mexico\/#organization\"},\"potentialAction\":[{\"@type\":\"SearchAction\",\"target\":{\"@type\":\"EntryPoint\",\"urlTemplate\":\"https:\/\/noti-america.com\/site\/mexico\/?s={search_term_string}\"},\"query-input\":{\"@type\":\"PropertyValueSpecification\",\"valueRequired\":true,\"valueName\":\"search_term_string\"}}],\"inLanguage\":\"es\"},{\"@type\":\"Organization\",\"@id\":\"https:\/\/noti-america.com\/site\/mexico\/#organization\",\"name\":\"Noti-America LLC | M\u00e9xico\",\"url\":\"https:\/\/noti-america.com\/site\/mexico\/\",\"logo\":{\"@type\":\"ImageObject\",\"inLanguage\":\"es\",\"@id\":\"https:\/\/noti-america.com\/site\/mexico\/#\/schema\/logo\/image\/\",\"url\":\"https:\/\/noti-america.com\/site\/mexico\/wp-content\/uploads\/sites\/13\/2020\/07\/LogoNA-4x3-1.jpg\",\"contentUrl\":\"https:\/\/noti-america.com\/site\/mexico\/wp-content\/uploads\/sites\/13\/2020\/07\/LogoNA-4x3-1.jpg\",\"width\":1236,\"height\":1080,\"caption\":\"Noti-America LLC | M\u00e9xico\"},\"image\":{\"@id\":\"https:\/\/noti-america.com\/site\/mexico\/#\/schema\/logo\/image\/\"}},{\"@type\":\"Person\",\"@id\":\"https:\/\/noti-america.com\/site\/mexico\/#\/schema\/person\/376ccc7b3cc7a8d5a43c3ece07a43857\",\"name\":\"Yoelvzla\",\"image\":{\"@type\":\"ImageObject\",\"inLanguage\":\"es\",\"@id\":\"https:\/\/secure.gravatar.com\/avatar\/13a96a72123e0e9aa76fe82e8847f726c63a1c5ef6a8d0fadd844c1a5a83b212?s=96&d=mm&r=g\",\"url\":\"https:\/\/secure.gravatar.com\/avatar\/13a96a72123e0e9aa76fe82e8847f726c63a1c5ef6a8d0fadd844c1a5a83b212?s=96&d=mm&r=g\",\"contentUrl\":\"https:\/\/secure.gravatar.com\/avatar\/13a96a72123e0e9aa76fe82e8847f726c63a1c5ef6a8d0fadd844c1a5a83b212?s=96&d=mm&r=g\",\"caption\":\"Yoelvzla\"},\"url\":\"https:\/\/noti-america.com\/site\/mexico\/author\/ydiaz\/\"}]}<\/script>\n<!-- \/ Yoast SEO Premium plugin. -->","yoast_head_json":{"title":"Aleska G\u00e9nesis mostr\u00f3 el procedimiento su tratamiento de alopecia en redes sociales - M\u00e9xico","robots":{"index":"index","follow":"follow","max-snippet":"max-snippet:-1","max-image-preview":"max-image-preview:large","max-video-preview":"max-video-preview:-1"},"canonical":"https:\/\/noti-america.com\/site\/mexico\/2023\/01\/16\/8917\/","og_locale":"es_ES","og_type":"article","og_title":"Aleska G\u00e9nesis mostr\u00f3 el procedimiento su tratamiento de alopecia en redes sociales","og_description":"La modelo venezolana, Aleska G\u00e9nesis, decidi\u00f3 compartir con sus seguidores todo el proceso que est\u00e1 viviendo en su lucha contra la alopecia; dejando claro que no todo lo que se ve en redes sociales&#46;&#46;&#46;","og_url":"https:\/\/noti-america.com\/site\/mexico\/2023\/01\/16\/8917\/","og_site_name":"M\u00e9xico","article_published_time":"2023-01-16T16:07:33+00:00","article_modified_time":"2023-01-16T16:15:16+00:00","og_image":[{"width":1079,"height":1343,"url":"https:\/\/noti-america.com\/site\/mexico\/wp-content\/uploads\/sites\/13\/2023\/01\/Aleska..jpeg","type":"image\/jpeg"}],"author":"Yoelvzla","twitter_card":"summary_large_image","twitter_misc":{"Escrito por":"Yoelvzla","Tiempo estimado de lectura":"2 minutos"},"schema":{"@context":"https:\/\/schema.org","@graph":[{"@type":"Article","@id":"https:\/\/noti-america.com\/site\/mexico\/2023\/01\/16\/8917\/#article","isPartOf":{"@id":"https:\/\/noti-america.com\/site\/mexico\/2023\/01\/16\/8917\/"},"author":{"name":"Yoelvzla","@id":"https:\/\/noti-america.com\/site\/mexico\/#\/schema\/person\/376ccc7b3cc7a8d5a43c3ece07a43857"},"headline":"Aleska G\u00e9nesis mostr\u00f3 el procedimiento su tratamiento de alopecia en redes sociales","datePublished":"2023-01-16T16:07:33+00:00","dateModified":"2023-01-16T16:15:16+00:00","mainEntityOfPage":{"@id":"https:\/\/noti-america.com\/site\/mexico\/2023\/01\/16\/8917\/"},"wordCount":457,"commentCount":0,"publisher":{"@id":"https:\/\/noti-america.com\/site\/mexico\/#organization"},"image":{"@id":"https:\/\/noti-america.com\/site\/mexico\/2023\/01\/16\/8917\/#primaryimage"},"thumbnailUrl":"https:\/\/noti-america.com\/site\/mexico\/wp-content\/uploads\/sites\/13\/2023\/01\/Aleska..jpeg","articleSection":["Arte y Espect\u00e1culos"],"inLanguage":"es","potentialAction":[{"@type":"CommentAction","name":"Comment","target":["https:\/\/noti-america.com\/site\/mexico\/2023\/01\/16\/8917\/#respond"]}]},{"@type":"WebPage","@id":"https:\/\/noti-america.com\/site\/mexico\/2023\/01\/16\/8917\/","url":"https:\/\/noti-america.com\/site\/mexico\/2023\/01\/16\/8917\/","name":"Aleska G\u00e9nesis mostr\u00f3 el procedimiento su tratamiento de alopecia en redes sociales - M\u00e9xico","isPartOf":{"@id":"https:\/\/noti-america.com\/site\/mexico\/#website"},"primaryImageOfPage":{"@id":"https:\/\/noti-america.com\/site\/mexico\/2023\/01\/16\/8917\/#primaryimage"},"image":{"@id":"https:\/\/noti-america.com\/site\/mexico\/2023\/01\/16\/8917\/#primaryimage"},"thumbnailUrl":"https:\/\/noti-america.com\/site\/mexico\/wp-content\/uploads\/sites\/13\/2023\/01\/Aleska..jpeg","datePublished":"2023-01-16T16:07:33+00:00","dateModified":"2023-01-16T16:15:16+00:00","breadcrumb":{"@id":"https:\/\/noti-america.com\/site\/mexico\/2023\/01\/16\/8917\/#breadcrumb"},"inLanguage":"es","potentialAction":[{"@type":"ReadAction","target":["https:\/\/noti-america.com\/site\/mexico\/2023\/01\/16\/8917\/"]}]},{"@type":"ImageObject","inLanguage":"es","@id":"https:\/\/noti-america.com\/site\/mexico\/2023\/01\/16\/8917\/#primaryimage","url":"https:\/\/noti-america.com\/site\/mexico\/wp-content\/uploads\/sites\/13\/2023\/01\/Aleska..jpeg","contentUrl":"https:\/\/noti-america.com\/site\/mexico\/wp-content\/uploads\/sites\/13\/2023\/01\/Aleska..jpeg","width":1079,"height":1343},{"@type":"BreadcrumbList","@id":"https:\/\/noti-america.com\/site\/mexico\/2023\/01\/16\/8917\/#breadcrumb","itemListElement":[{"@type":"ListItem","position":1,"name":"Portada","item":"https:\/\/noti-america.com\/site\/mexico\/"},{"@type":"ListItem","position":2,"name":"Aleska G\u00e9nesis mostr\u00f3 el procedimiento su tratamiento de alopecia en redes sociales"}]},{"@type":"WebSite","@id":"https:\/\/noti-america.com\/site\/mexico\/#website","url":"https:\/\/noti-america.com\/site\/mexico\/","name":"M\u00e9xico | Noti-America.com","description":"","publisher":{"@id":"https:\/\/noti-america.com\/site\/mexico\/#organization"},"potentialAction":[{"@type":"SearchAction","target":{"@type":"EntryPoint","urlTemplate":"https:\/\/noti-america.com\/site\/mexico\/?s={search_term_string}"},"query-input":{"@type":"PropertyValueSpecification","valueRequired":true,"valueName":"search_term_string"}}],"inLanguage":"es"},{"@type":"Organization","@id":"https:\/\/noti-america.com\/site\/mexico\/#organization","name":"Noti-America LLC | M\u00e9xico","url":"https:\/\/noti-america.com\/site\/mexico\/","logo":{"@type":"ImageObject","inLanguage":"es","@id":"https:\/\/noti-america.com\/site\/mexico\/#\/schema\/logo\/image\/","url":"https:\/\/noti-america.com\/site\/mexico\/wp-content\/uploads\/sites\/13\/2020\/07\/LogoNA-4x3-1.jpg","contentUrl":"https:\/\/noti-america.com\/site\/mexico\/wp-content\/uploads\/sites\/13\/2020\/07\/LogoNA-4x3-1.jpg","width":1236,"height":1080,"caption":"Noti-America LLC | M\u00e9xico"},"image":{"@id":"https:\/\/noti-america.com\/site\/mexico\/#\/schema\/logo\/image\/"}},{"@type":"Person","@id":"https:\/\/noti-america.com\/site\/mexico\/#\/schema\/person\/376ccc7b3cc7a8d5a43c3ece07a43857","name":"Yoelvzla","image":{"@type":"ImageObject","inLanguage":"es","@id":"https:\/\/secure.gravatar.com\/avatar\/13a96a72123e0e9aa76fe82e8847f726c63a1c5ef6a8d0fadd844c1a5a83b212?s=96&d=mm&r=g","url":"https:\/\/secure.gravatar.com\/avatar\/13a96a72123e0e9aa76fe82e8847f726c63a1c5ef6a8d0fadd844c1a5a83b212?s=96&d=mm&r=g","contentUrl":"https:\/\/secure.gravatar.com\/avatar\/13a96a72123e0e9aa76fe82e8847f726c63a1c5ef6a8d0fadd844c1a5a83b212?s=96&d=mm&r=g","caption":"Yoelvzla"},"url":"https:\/\/noti-america.com\/site\/mexico\/author\/ydiaz\/"}]}},"_links":{"self":[{"href":"https:\/\/noti-america.com\/site\/mexico\/wp-json\/wp\/v2\/posts\/8917","targetHints":{"allow":["GET"]}}],"collection":[{"href":"https:\/\/noti-america.com\/site\/mexico\/wp-json\/wp\/v2\/posts"}],"about":[{"href":"https:\/\/noti-america.com\/site\/mexico\/wp-json\/wp\/v2\/types\/post"}],"author":[{"embeddable":true,"href":"https:\/\/noti-america.com\/site\/mexico\/wp-json\/wp\/v2\/users\/127"}],"replies":[{"embeddable":true,"href":"https:\/\/noti-america.com\/site\/mexico\/wp-json\/wp\/v2\/comments?post=8917"}],"version-history":[{"count":2,"href":"https:\/\/noti-america.com\/site\/mexico\/wp-json\/wp\/v2\/posts\/8917\/revisions"}],"predecessor-version":[{"id":8923,"href":"https:\/\/noti-america.com\/site\/mexico\/wp-json\/wp\/v2\/posts\/8917\/revisions\/8923"}],"wp:featuredmedia":[{"embeddable":true,"href":"https:\/\/noti-america.com\/site\/mexico\/wp-json\/wp\/v2\/media\/8918"}],"wp:attachment":[{"href":"https:\/\/noti-america.com\/site\/mexico\/wp-json\/wp\/v2\/media?parent=8917"}],"wp:term":[{"taxonomy":"category","embeddable":true,"href":"https:\/\/noti-america.com\/site\/mexico\/wp-json\/wp\/v2\/categories?post=8917"},{"taxonomy":"post_tag","embeddable":true,"href":"https:\/\/noti-america.com\/site\/mexico\/wp-json\/wp\/v2\/tags?post=8917"}],"curies":[{"name":"wp","href":"https:\/\/api.w.org\/{rel}","templated":true}]}}