{"id":8898,"date":"2023-01-10T00:36:07","date_gmt":"2023-01-10T00:36:07","guid":{"rendered":"https:\/\/noti-america.com\/site\/mexico\/?p=8898"},"modified":"2023-01-10T00:36:07","modified_gmt":"2023-01-10T00:36:07","slug":"efrannis-borja-inicia-el-2023-con-pie-derecho","status":"publish","type":"post","link":"https:\/\/noti-america.com\/site\/mexico\/2023\/01\/10\/efrannis-borja-inicia-el-2023-con-pie-derecho\/","title":{"rendered":"Efrannis Borja inicia el 2023 con pie derecho"},"content":{"rendered":"<p>La empresaria y modelo <a href=\"https:\/\/www.instagram.com\/efrannisborja\/?hl=es\"><strong>Efrannis Borja <\/strong><\/a>utiliz\u00f3 sus redes sociales para resaltar la cultura zuliana, recientemente p\u00fablico una fotograf\u00eda con una manta guajira posando desde el algo de <strong>Maracaibo<\/strong>, aunque sus ra\u00edces son del estado Lara, en su coraz\u00f3n le guarda un aprecio a la tierra que le hado las oportunidades de crecer, el calor zuliano que caracteriza a su gente.<\/p>\n<p>&nbsp;<\/p>\n<p>En el mes de diciembre <strong>Efrannis<\/strong> abri\u00f3 las puertas al p\u00fablico su spa, <strong>\u201c<a href=\"https:\/\/www.instagram.com\/dolcevicsparoom\/\">Dolce &amp; Vic<\/a>\u201d<\/strong>, ubicado en la avenida Fuerzas Armadas, en el Centro Comercial Premier en la ciudad de Maracaibo, cont\u00f3 en la apertura, con la periodista Endrina Y\u00e9pez, entre otras personalidades del entretenimiento nacional.<\/p>\n<p>&nbsp;<\/p>\n<p>Con esta apertura busca ofrecer m\u00e1s empleo y consentir a las reinas de la casa y los caballeros a su cuidado personal m\u00e1s all\u00e1 de lo f\u00edsico, ofreciendo tambi\u00e9n barber\u00eda para ellos.<\/p>\n<p>&nbsp;<\/p>\n<p>Borja no ha parado de trabajar el 2022, fue de crecimiento y viajes. Para este <strong>2023<\/strong> viene con nuevos proyectos con la fundaci\u00f3n <strong>\u201cMentes Brillantes\u201d<\/strong>, en la que busca tender una mano amiga a las personas de bajos recursos, adem\u00e1s ya tiene en su radar visitar M\u00e9xico.<\/p>\n<p>&nbsp;<\/p>\n<p>La modelo no solo usa sus plataformas para mostrar la belleza de la mujer criolla, sino cuando realiza visitas a otros pa\u00edses ofrece datos curiosos e invita hacer turismo para que se conozcan al mundo.<\/p>\n","protected":false},"excerpt":{"rendered":"<p>La empresaria y modelo Efrannis Borja utiliz\u00f3 sus redes sociales para resaltar la cultura zuliana, recientemente p\u00fablico una fotograf\u00eda con una manta guajira posando desde el algo de Maracaibo, aunque sus ra\u00edces son del&#46;&#46;&#46;<\/p>\n","protected":false},"author":127,"featured_media":8899,"comment_status":"open","ping_status":"open","sticky":false,"template":"","format":"image","meta":{"_acf_changed":false,"om_disable_all_campaigns":false,"rop_custom_images_group":[],"rop_custom_messages_group":[],"rop_publish_now":"initial","rop_publish_now_accounts":{"twitter_242054905_242054905":""},"rop_publish_now_history":[],"rop_publish_now_status":"pending","_uf_show_specific_survey":0,"_uf_disable_surveys":false,"footnotes":""},"categories":[8],"tags":[907],"class_list":["post-8898","post","type-post","status-publish","format-image","has-post-thumbnail","hentry","category-arte-y-espectaculos","tag-efrannisborja","post_format-post-format-image"],"acf":[],"aioseo_notices":[],"yoast_head":"<!-- This site is optimized with the Yoast SEO Premium plugin v24.9 (Yoast SEO v27.2) - https:\/\/yoast.com\/product\/yoast-seo-premium-wordpress\/ -->\n<title>Efrannis Borja inicia el 2023 con pie derecho - M\u00e9xico<\/title>\n<meta name=\"robots\" content=\"index, follow, max-snippet:-1, max-image-preview:large, max-video-preview:-1\" \/>\n<link rel=\"canonical\" href=\"https:\/\/noti-america.com\/site\/mexico\/2023\/01\/10\/efrannis-borja-inicia-el-2023-con-pie-derecho\/\" \/>\n<meta property=\"og:locale\" content=\"es_ES\" \/>\n<meta property=\"og:type\" content=\"article\" \/>\n<meta property=\"og:title\" content=\"Efrannis Borja inicia el 2023 con pie derecho\" \/>\n<meta property=\"og:description\" content=\"La empresaria y modelo Efrannis Borja utiliz\u00f3 sus redes sociales para resaltar la cultura zuliana, recientemente p\u00fablico una fotograf\u00eda con una manta guajira posando desde el algo de Maracaibo, aunque sus ra\u00edces son del&#046;&#046;&#046;\" \/>\n<meta property=\"og:url\" content=\"https:\/\/noti-america.com\/site\/mexico\/2023\/01\/10\/efrannis-borja-inicia-el-2023-con-pie-derecho\/\" \/>\n<meta property=\"og:site_name\" content=\"M\u00e9xico\" \/>\n<meta property=\"article:published_time\" content=\"2023-01-10T00:36:07+00:00\" \/>\n<meta property=\"og:image\" content=\"https:\/\/noti-america.com\/site\/mexico\/wp-content\/uploads\/sites\/13\/2023\/01\/Image.jpeg\" \/>\n\t<meta property=\"og:image:width\" content=\"1125\" \/>\n\t<meta property=\"og:image:height\" content=\"1322\" \/>\n\t<meta property=\"og:image:type\" content=\"image\/jpeg\" \/>\n<meta name=\"author\" content=\"Yoelvzla\" \/>\n<meta name=\"twitter:card\" content=\"summary_large_image\" \/>\n<meta name=\"twitter:label1\" content=\"Escrito por\" \/>\n\t<meta name=\"twitter:data1\" content=\"Yoelvzla\" \/>\n\t<meta name=\"twitter:label2\" content=\"Tiempo estimado de lectura\" \/>\n\t<meta name=\"twitter:data2\" content=\"2 minutos\" \/>\n<script type=\"application\/ld+json\" class=\"yoast-schema-graph\">{\"@context\":\"https:\/\/schema.org\",\"@graph\":[{\"@type\":\"Article\",\"@id\":\"https:\/\/noti-america.com\/site\/mexico\/2023\/01\/10\/efrannis-borja-inicia-el-2023-con-pie-derecho\/#article\",\"isPartOf\":{\"@id\":\"https:\/\/noti-america.com\/site\/mexico\/2023\/01\/10\/efrannis-borja-inicia-el-2023-con-pie-derecho\/\"},\"author\":{\"name\":\"Yoelvzla\",\"@id\":\"https:\/\/noti-america.com\/site\/mexico\/#\/schema\/person\/376ccc7b3cc7a8d5a43c3ece07a43857\"},\"headline\":\"Efrannis Borja inicia el 2023 con pie derecho\",\"datePublished\":\"2023-01-10T00:36:07+00:00\",\"mainEntityOfPage\":{\"@id\":\"https:\/\/noti-america.com\/site\/mexico\/2023\/01\/10\/efrannis-borja-inicia-el-2023-con-pie-derecho\/\"},\"wordCount\":246,\"commentCount\":0,\"publisher\":{\"@id\":\"https:\/\/noti-america.com\/site\/mexico\/#organization\"},\"image\":{\"@id\":\"https:\/\/noti-america.com\/site\/mexico\/2023\/01\/10\/efrannis-borja-inicia-el-2023-con-pie-derecho\/#primaryimage\"},\"thumbnailUrl\":\"https:\/\/noti-america.com\/site\/mexico\/wp-content\/uploads\/sites\/13\/2023\/01\/Image.jpeg\",\"keywords\":[\"#EfrannisBorja\"],\"articleSection\":[\"Arte y Espect\u00e1culos\"],\"inLanguage\":\"es\",\"potentialAction\":[{\"@type\":\"CommentAction\",\"name\":\"Comment\",\"target\":[\"https:\/\/noti-america.com\/site\/mexico\/2023\/01\/10\/efrannis-borja-inicia-el-2023-con-pie-derecho\/#respond\"]}]},{\"@type\":\"WebPage\",\"@id\":\"https:\/\/noti-america.com\/site\/mexico\/2023\/01\/10\/efrannis-borja-inicia-el-2023-con-pie-derecho\/\",\"url\":\"https:\/\/noti-america.com\/site\/mexico\/2023\/01\/10\/efrannis-borja-inicia-el-2023-con-pie-derecho\/\",\"name\":\"Efrannis Borja inicia el 2023 con pie derecho - M\u00e9xico\",\"isPartOf\":{\"@id\":\"https:\/\/noti-america.com\/site\/mexico\/#website\"},\"primaryImageOfPage\":{\"@id\":\"https:\/\/noti-america.com\/site\/mexico\/2023\/01\/10\/efrannis-borja-inicia-el-2023-con-pie-derecho\/#primaryimage\"},\"image\":{\"@id\":\"https:\/\/noti-america.com\/site\/mexico\/2023\/01\/10\/efrannis-borja-inicia-el-2023-con-pie-derecho\/#primaryimage\"},\"thumbnailUrl\":\"https:\/\/noti-america.com\/site\/mexico\/wp-content\/uploads\/sites\/13\/2023\/01\/Image.jpeg\",\"datePublished\":\"2023-01-10T00:36:07+00:00\",\"breadcrumb\":{\"@id\":\"https:\/\/noti-america.com\/site\/mexico\/2023\/01\/10\/efrannis-borja-inicia-el-2023-con-pie-derecho\/#breadcrumb\"},\"inLanguage\":\"es\",\"potentialAction\":[{\"@type\":\"ReadAction\",\"target\":[\"https:\/\/noti-america.com\/site\/mexico\/2023\/01\/10\/efrannis-borja-inicia-el-2023-con-pie-derecho\/\"]}]},{\"@type\":\"ImageObject\",\"inLanguage\":\"es\",\"@id\":\"https:\/\/noti-america.com\/site\/mexico\/2023\/01\/10\/efrannis-borja-inicia-el-2023-con-pie-derecho\/#primaryimage\",\"url\":\"https:\/\/noti-america.com\/site\/mexico\/wp-content\/uploads\/sites\/13\/2023\/01\/Image.jpeg\",\"contentUrl\":\"https:\/\/noti-america.com\/site\/mexico\/wp-content\/uploads\/sites\/13\/2023\/01\/Image.jpeg\",\"width\":1125,\"height\":1322},{\"@type\":\"BreadcrumbList\",\"@id\":\"https:\/\/noti-america.com\/site\/mexico\/2023\/01\/10\/efrannis-borja-inicia-el-2023-con-pie-derecho\/#breadcrumb\",\"itemListElement\":[{\"@type\":\"ListItem\",\"position\":1,\"name\":\"Portada\",\"item\":\"https:\/\/noti-america.com\/site\/mexico\/\"},{\"@type\":\"ListItem\",\"position\":2,\"name\":\"Efrannis Borja inicia el 2023 con pie derecho\"}]},{\"@type\":\"WebSite\",\"@id\":\"https:\/\/noti-america.com\/site\/mexico\/#website\",\"url\":\"https:\/\/noti-america.com\/site\/mexico\/\",\"name\":\"M\u00e9xico | Noti-America.com\",\"description\":\"\",\"publisher\":{\"@id\":\"https:\/\/noti-america.com\/site\/mexico\/#organization\"},\"potentialAction\":[{\"@type\":\"SearchAction\",\"target\":{\"@type\":\"EntryPoint\",\"urlTemplate\":\"https:\/\/noti-america.com\/site\/mexico\/?s={search_term_string}\"},\"query-input\":{\"@type\":\"PropertyValueSpecification\",\"valueRequired\":true,\"valueName\":\"search_term_string\"}}],\"inLanguage\":\"es\"},{\"@type\":\"Organization\",\"@id\":\"https:\/\/noti-america.com\/site\/mexico\/#organization\",\"name\":\"Noti-America LLC | M\u00e9xico\",\"url\":\"https:\/\/noti-america.com\/site\/mexico\/\",\"logo\":{\"@type\":\"ImageObject\",\"inLanguage\":\"es\",\"@id\":\"https:\/\/noti-america.com\/site\/mexico\/#\/schema\/logo\/image\/\",\"url\":\"https:\/\/noti-america.com\/site\/mexico\/wp-content\/uploads\/sites\/13\/2020\/07\/LogoNA-4x3-1.jpg\",\"contentUrl\":\"https:\/\/noti-america.com\/site\/mexico\/wp-content\/uploads\/sites\/13\/2020\/07\/LogoNA-4x3-1.jpg\",\"width\":1236,\"height\":1080,\"caption\":\"Noti-America LLC | M\u00e9xico\"},\"image\":{\"@id\":\"https:\/\/noti-america.com\/site\/mexico\/#\/schema\/logo\/image\/\"}},{\"@type\":\"Person\",\"@id\":\"https:\/\/noti-america.com\/site\/mexico\/#\/schema\/person\/376ccc7b3cc7a8d5a43c3ece07a43857\",\"name\":\"Yoelvzla\",\"image\":{\"@type\":\"ImageObject\",\"inLanguage\":\"es\",\"@id\":\"https:\/\/secure.gravatar.com\/avatar\/13a96a72123e0e9aa76fe82e8847f726c63a1c5ef6a8d0fadd844c1a5a83b212?s=96&d=mm&r=g\",\"url\":\"https:\/\/secure.gravatar.com\/avatar\/13a96a72123e0e9aa76fe82e8847f726c63a1c5ef6a8d0fadd844c1a5a83b212?s=96&d=mm&r=g\",\"contentUrl\":\"https:\/\/secure.gravatar.com\/avatar\/13a96a72123e0e9aa76fe82e8847f726c63a1c5ef6a8d0fadd844c1a5a83b212?s=96&d=mm&r=g\",\"caption\":\"Yoelvzla\"},\"url\":\"https:\/\/noti-america.com\/site\/mexico\/author\/ydiaz\/\"}]}<\/script>\n<!-- \/ Yoast SEO Premium plugin. -->","yoast_head_json":{"title":"Efrannis Borja inicia el 2023 con pie derecho - M\u00e9xico","robots":{"index":"index","follow":"follow","max-snippet":"max-snippet:-1","max-image-preview":"max-image-preview:large","max-video-preview":"max-video-preview:-1"},"canonical":"https:\/\/noti-america.com\/site\/mexico\/2023\/01\/10\/efrannis-borja-inicia-el-2023-con-pie-derecho\/","og_locale":"es_ES","og_type":"article","og_title":"Efrannis Borja inicia el 2023 con pie derecho","og_description":"La empresaria y modelo Efrannis Borja utiliz\u00f3 sus redes sociales para resaltar la cultura zuliana, recientemente p\u00fablico una fotograf\u00eda con una manta guajira posando desde el algo de Maracaibo, aunque sus ra\u00edces son del&#46;&#46;&#46;","og_url":"https:\/\/noti-america.com\/site\/mexico\/2023\/01\/10\/efrannis-borja-inicia-el-2023-con-pie-derecho\/","og_site_name":"M\u00e9xico","article_published_time":"2023-01-10T00:36:07+00:00","og_image":[{"width":1125,"height":1322,"url":"https:\/\/noti-america.com\/site\/mexico\/wp-content\/uploads\/sites\/13\/2023\/01\/Image.jpeg","type":"image\/jpeg"}],"author":"Yoelvzla","twitter_card":"summary_large_image","twitter_misc":{"Escrito por":"Yoelvzla","Tiempo estimado de lectura":"2 minutos"},"schema":{"@context":"https:\/\/schema.org","@graph":[{"@type":"Article","@id":"https:\/\/noti-america.com\/site\/mexico\/2023\/01\/10\/efrannis-borja-inicia-el-2023-con-pie-derecho\/#article","isPartOf":{"@id":"https:\/\/noti-america.com\/site\/mexico\/2023\/01\/10\/efrannis-borja-inicia-el-2023-con-pie-derecho\/"},"author":{"name":"Yoelvzla","@id":"https:\/\/noti-america.com\/site\/mexico\/#\/schema\/person\/376ccc7b3cc7a8d5a43c3ece07a43857"},"headline":"Efrannis Borja inicia el 2023 con pie derecho","datePublished":"2023-01-10T00:36:07+00:00","mainEntityOfPage":{"@id":"https:\/\/noti-america.com\/site\/mexico\/2023\/01\/10\/efrannis-borja-inicia-el-2023-con-pie-derecho\/"},"wordCount":246,"commentCount":0,"publisher":{"@id":"https:\/\/noti-america.com\/site\/mexico\/#organization"},"image":{"@id":"https:\/\/noti-america.com\/site\/mexico\/2023\/01\/10\/efrannis-borja-inicia-el-2023-con-pie-derecho\/#primaryimage"},"thumbnailUrl":"https:\/\/noti-america.com\/site\/mexico\/wp-content\/uploads\/sites\/13\/2023\/01\/Image.jpeg","keywords":["#EfrannisBorja"],"articleSection":["Arte y Espect\u00e1culos"],"inLanguage":"es","potentialAction":[{"@type":"CommentAction","name":"Comment","target":["https:\/\/noti-america.com\/site\/mexico\/2023\/01\/10\/efrannis-borja-inicia-el-2023-con-pie-derecho\/#respond"]}]},{"@type":"WebPage","@id":"https:\/\/noti-america.com\/site\/mexico\/2023\/01\/10\/efrannis-borja-inicia-el-2023-con-pie-derecho\/","url":"https:\/\/noti-america.com\/site\/mexico\/2023\/01\/10\/efrannis-borja-inicia-el-2023-con-pie-derecho\/","name":"Efrannis Borja inicia el 2023 con pie derecho - M\u00e9xico","isPartOf":{"@id":"https:\/\/noti-america.com\/site\/mexico\/#website"},"primaryImageOfPage":{"@id":"https:\/\/noti-america.com\/site\/mexico\/2023\/01\/10\/efrannis-borja-inicia-el-2023-con-pie-derecho\/#primaryimage"},"image":{"@id":"https:\/\/noti-america.com\/site\/mexico\/2023\/01\/10\/efrannis-borja-inicia-el-2023-con-pie-derecho\/#primaryimage"},"thumbnailUrl":"https:\/\/noti-america.com\/site\/mexico\/wp-content\/uploads\/sites\/13\/2023\/01\/Image.jpeg","datePublished":"2023-01-10T00:36:07+00:00","breadcrumb":{"@id":"https:\/\/noti-america.com\/site\/mexico\/2023\/01\/10\/efrannis-borja-inicia-el-2023-con-pie-derecho\/#breadcrumb"},"inLanguage":"es","potentialAction":[{"@type":"ReadAction","target":["https:\/\/noti-america.com\/site\/mexico\/2023\/01\/10\/efrannis-borja-inicia-el-2023-con-pie-derecho\/"]}]},{"@type":"ImageObject","inLanguage":"es","@id":"https:\/\/noti-america.com\/site\/mexico\/2023\/01\/10\/efrannis-borja-inicia-el-2023-con-pie-derecho\/#primaryimage","url":"https:\/\/noti-america.com\/site\/mexico\/wp-content\/uploads\/sites\/13\/2023\/01\/Image.jpeg","contentUrl":"https:\/\/noti-america.com\/site\/mexico\/wp-content\/uploads\/sites\/13\/2023\/01\/Image.jpeg","width":1125,"height":1322},{"@type":"BreadcrumbList","@id":"https:\/\/noti-america.com\/site\/mexico\/2023\/01\/10\/efrannis-borja-inicia-el-2023-con-pie-derecho\/#breadcrumb","itemListElement":[{"@type":"ListItem","position":1,"name":"Portada","item":"https:\/\/noti-america.com\/site\/mexico\/"},{"@type":"ListItem","position":2,"name":"Efrannis Borja inicia el 2023 con pie derecho"}]},{"@type":"WebSite","@id":"https:\/\/noti-america.com\/site\/mexico\/#website","url":"https:\/\/noti-america.com\/site\/mexico\/","name":"M\u00e9xico | Noti-America.com","description":"","publisher":{"@id":"https:\/\/noti-america.com\/site\/mexico\/#organization"},"potentialAction":[{"@type":"SearchAction","target":{"@type":"EntryPoint","urlTemplate":"https:\/\/noti-america.com\/site\/mexico\/?s={search_term_string}"},"query-input":{"@type":"PropertyValueSpecification","valueRequired":true,"valueName":"search_term_string"}}],"inLanguage":"es"},{"@type":"Organization","@id":"https:\/\/noti-america.com\/site\/mexico\/#organization","name":"Noti-America LLC | M\u00e9xico","url":"https:\/\/noti-america.com\/site\/mexico\/","logo":{"@type":"ImageObject","inLanguage":"es","@id":"https:\/\/noti-america.com\/site\/mexico\/#\/schema\/logo\/image\/","url":"https:\/\/noti-america.com\/site\/mexico\/wp-content\/uploads\/sites\/13\/2020\/07\/LogoNA-4x3-1.jpg","contentUrl":"https:\/\/noti-america.com\/site\/mexico\/wp-content\/uploads\/sites\/13\/2020\/07\/LogoNA-4x3-1.jpg","width":1236,"height":1080,"caption":"Noti-America LLC | M\u00e9xico"},"image":{"@id":"https:\/\/noti-america.com\/site\/mexico\/#\/schema\/logo\/image\/"}},{"@type":"Person","@id":"https:\/\/noti-america.com\/site\/mexico\/#\/schema\/person\/376ccc7b3cc7a8d5a43c3ece07a43857","name":"Yoelvzla","image":{"@type":"ImageObject","inLanguage":"es","@id":"https:\/\/secure.gravatar.com\/avatar\/13a96a72123e0e9aa76fe82e8847f726c63a1c5ef6a8d0fadd844c1a5a83b212?s=96&d=mm&r=g","url":"https:\/\/secure.gravatar.com\/avatar\/13a96a72123e0e9aa76fe82e8847f726c63a1c5ef6a8d0fadd844c1a5a83b212?s=96&d=mm&r=g","contentUrl":"https:\/\/secure.gravatar.com\/avatar\/13a96a72123e0e9aa76fe82e8847f726c63a1c5ef6a8d0fadd844c1a5a83b212?s=96&d=mm&r=g","caption":"Yoelvzla"},"url":"https:\/\/noti-america.com\/site\/mexico\/author\/ydiaz\/"}]}},"_links":{"self":[{"href":"https:\/\/noti-america.com\/site\/mexico\/wp-json\/wp\/v2\/posts\/8898","targetHints":{"allow":["GET"]}}],"collection":[{"href":"https:\/\/noti-america.com\/site\/mexico\/wp-json\/wp\/v2\/posts"}],"about":[{"href":"https:\/\/noti-america.com\/site\/mexico\/wp-json\/wp\/v2\/types\/post"}],"author":[{"embeddable":true,"href":"https:\/\/noti-america.com\/site\/mexico\/wp-json\/wp\/v2\/users\/127"}],"replies":[{"embeddable":true,"href":"https:\/\/noti-america.com\/site\/mexico\/wp-json\/wp\/v2\/comments?post=8898"}],"version-history":[{"count":1,"href":"https:\/\/noti-america.com\/site\/mexico\/wp-json\/wp\/v2\/posts\/8898\/revisions"}],"predecessor-version":[{"id":8900,"href":"https:\/\/noti-america.com\/site\/mexico\/wp-json\/wp\/v2\/posts\/8898\/revisions\/8900"}],"wp:featuredmedia":[{"embeddable":true,"href":"https:\/\/noti-america.com\/site\/mexico\/wp-json\/wp\/v2\/media\/8899"}],"wp:attachment":[{"href":"https:\/\/noti-america.com\/site\/mexico\/wp-json\/wp\/v2\/media?parent=8898"}],"wp:term":[{"taxonomy":"category","embeddable":true,"href":"https:\/\/noti-america.com\/site\/mexico\/wp-json\/wp\/v2\/categories?post=8898"},{"taxonomy":"post_tag","embeddable":true,"href":"https:\/\/noti-america.com\/site\/mexico\/wp-json\/wp\/v2\/tags?post=8898"}],"curies":[{"name":"wp","href":"https:\/\/api.w.org\/{rel}","templated":true}]}}