{"id":8849,"date":"2022-12-21T23:28:21","date_gmt":"2022-12-21T23:28:21","guid":{"rendered":"https:\/\/noti-america.com\/site\/mexico\/?p=8849"},"modified":"2022-12-21T23:28:21","modified_gmt":"2022-12-21T23:28:21","slug":"venezolanos-junior-caldera-john-theis-oliwi-y-afro-nigga-posicionan-el-remix-de-coco-coro-en-las-tendencias-de-youtube","status":"publish","type":"post","link":"https:\/\/noti-america.com\/site\/mexico\/2022\/12\/21\/venezolanos-junior-caldera-john-theis-oliwi-y-afro-nigga-posicionan-el-remix-de-coco-coro-en-las-tendencias-de-youtube\/","title":{"rendered":"Venezolanos Junior Caldera, John Theis, Oliwi y Afro Nigga posicionan el remix de \u201cCoco Coro\u201d en las tendencias de YouTube"},"content":{"rendered":"<p>El talento emergente fuera de Venezuela contin\u00faa dejando la bandera en alto. Esta vez, Jhon Theis<br \/>\nse junt\u00f3 con Junior Caldera, Oliwi y Afro Nigga para el remix de \u201cCoco coro\u201d, un tema que apunta a<br \/>\nun nuevo estilo de Dembow.<br \/>\n\u201cEl de los ojos azules\u201d, como se hace llamar el artista zuliano de 29 a\u00f1os, escuch\u00f3 el tema \u201cCoco<br \/>\ncoro\u201d, que originalmente es de Afro Nigga y Oliwi, vio el video de la canci\u00f3n en TikTok, plataforma<br \/>\ndonde cuenta con casi 900 mil seguidores y m\u00e1s de nueve millones de \u201cMe gusta\u201d.<br \/>\n\u201cDije \u2018wao estos panas venezolanos le est\u00e1n metiendo\u2019 y le dije a mi amigo Junior Caldera porque<br \/>\n\u00e9l los conoc\u00eda, para que hiciera el enlace. Poco despu\u00e9s me dijo \u2018vamos a hacer un remix\u2019 y me<br \/>\nmandaron el material y en dos horas ya ten\u00eda mi verso\u201d, cont\u00f3 Jhon Theis.<br \/>\nPara su aporte en el tema, el cantante asegura que se inspir\u00f3 en \u201cla gente que habla y critica.<br \/>\nHablan mal de uno y luego los ves imit\u00e1ndote\u201d.<br \/>\nPor otra parte, Alexander Jos\u00e9 Hern\u00e1ndez Ariza y Davidson Jos\u00e9 Oligui Pacheco, conocidos como<br \/>\nAfro Nigga y Oliwi, respectivamente, aplaudieron la colaboraci\u00f3n de \u201cEl de los ojos azules\u201d.<br \/>\nRemix de \u201cCoco coro\u201d: una tendencia en YouTube con sello venezolano<br \/>\nLa nueva versi\u00f3n del tema con sello venezolano se estren\u00f3 este fin de semana y desde su<br \/>\nlanzamiento, no dej\u00f3 de sumar visitas y dar de qu\u00e9 hablar.<br \/>\nEn cuesti\u00f3n de horas, el remix de \u201cCoco coro\u201d entr\u00f3 en las tendencias de YouTube y a casi una<br \/>\nsemana de su estreno, est\u00e1 en la posici\u00f3n nueve.<br \/>\n\u201cEs una canci\u00f3n que se hizo para darle un color venezolano al g\u00e9nero. Ten\u00edamos pocas<br \/>\nexpectativas incluso despu\u00e9s de que la grabamos. Sacamos la canci\u00f3n y gust\u00f3, fue una verdadera<br \/>\nsorpresa para todos nosotros\u201d, cont\u00f3 Oliwi.<br \/>\nMientras que, Afro Nigga opin\u00f3 algo similar: \u201cLe ten\u00edamos poco cari\u00f1o y fe a la canci\u00f3n. Para<br \/>\nsorpresa de todos, se convirti\u00f3 en un \u00e9xito para nuestras carreras. Es una locura\u201d.<br \/>\nJunior Caldera, Afro Nigga, Oliwi y Jhon Theis tienen un objetivo claro con la colaboraci\u00f3n:<br \/>\n\u201cvenezolanizar\u201d el Dembow. En \u201cCoco coro\u201d remix muestran un ritmo distinto al g\u00e9nero<br \/>\ndominicano como sello \u00fanico en la industria.<br \/>\n\u201cLuchamos y estamos dando la cara por hacer un movimiento de Dembow en Venezuela. Ellos son<br \/>\ndemasiado talentosos. Creo en ellos y creo en que mientras m\u00e1s unidos, m\u00e1s fuerzas tenemos\u201d,<br \/>\ndijo Junior Caldera.<br \/>\nEl tema est\u00e1 disponible en todas las plataformas digitales y a trav\u00e9s de las redes sociales de los<br \/>\nartistas @afro_nigga22 @jhontheis_ @oliwi.flame y @juniorcalderatm.<br \/>\nhttps:\/\/youtu.be\/UtltFgzutt4<\/p>\n","protected":false},"excerpt":{"rendered":"<p>El talento emergente fuera de Venezuela contin\u00faa dejando la bandera en alto. Esta vez, Jhon Theis se junt\u00f3 con Junior Caldera, Oliwi y Afro Nigga para el remix de \u201cCoco coro\u201d, un tema que&#46;&#46;&#46;<\/p>\n","protected":false},"author":127,"featured_media":8850,"comment_status":"open","ping_status":"open","sticky":false,"template":"","format":"standard","meta":{"_acf_changed":false,"om_disable_all_campaigns":false,"rop_custom_images_group":[],"rop_custom_messages_group":[],"rop_publish_now":"initial","rop_publish_now_accounts":{"twitter_242054905_242054905":""},"rop_publish_now_history":[],"rop_publish_now_status":"pending","_uf_show_specific_survey":0,"_uf_disable_surveys":false,"footnotes":""},"categories":[8],"tags":[],"class_list":["post-8849","post","type-post","status-publish","format-standard","has-post-thumbnail","hentry","category-arte-y-espectaculos"],"acf":[],"aioseo_notices":[],"yoast_head":"<!-- This site is optimized with the Yoast SEO Premium plugin v24.9 (Yoast SEO v27.2) - https:\/\/yoast.com\/product\/yoast-seo-premium-wordpress\/ -->\n<title>Venezolanos Junior Caldera, John Theis, Oliwi y Afro Nigga posicionan el remix de \u201cCoco Coro\u201d en las tendencias de YouTube - M\u00e9xico<\/title>\n<meta name=\"robots\" content=\"index, follow, max-snippet:-1, max-image-preview:large, max-video-preview:-1\" \/>\n<link rel=\"canonical\" href=\"https:\/\/noti-america.com\/site\/mexico\/2022\/12\/21\/venezolanos-junior-caldera-john-theis-oliwi-y-afro-nigga-posicionan-el-remix-de-coco-coro-en-las-tendencias-de-youtube\/\" \/>\n<meta property=\"og:locale\" content=\"es_ES\" \/>\n<meta property=\"og:type\" content=\"article\" \/>\n<meta property=\"og:title\" content=\"Venezolanos Junior Caldera, John Theis, Oliwi y Afro Nigga posicionan el remix de \u201cCoco Coro\u201d en las tendencias de YouTube\" \/>\n<meta property=\"og:description\" content=\"El talento emergente fuera de Venezuela contin\u00faa dejando la bandera en alto. Esta vez, Jhon Theis se junt\u00f3 con Junior Caldera, Oliwi y Afro Nigga para el remix de \u201cCoco coro\u201d, un tema que&#046;&#046;&#046;\" \/>\n<meta property=\"og:url\" content=\"https:\/\/noti-america.com\/site\/mexico\/2022\/12\/21\/venezolanos-junior-caldera-john-theis-oliwi-y-afro-nigga-posicionan-el-remix-de-coco-coro-en-las-tendencias-de-youtube\/\" \/>\n<meta property=\"og:site_name\" content=\"M\u00e9xico\" \/>\n<meta property=\"article:published_time\" content=\"2022-12-21T23:28:21+00:00\" \/>\n<meta property=\"og:image\" content=\"https:\/\/noti-america.com\/site\/mexico\/wp-content\/uploads\/sites\/13\/2022\/12\/sin-titulo-25-de-26.jpg\" \/>\n\t<meta property=\"og:image:width\" content=\"1080\" \/>\n\t<meta property=\"og:image:height\" content=\"1350\" \/>\n\t<meta property=\"og:image:type\" content=\"image\/jpeg\" \/>\n<meta name=\"author\" content=\"Yoelvzla\" \/>\n<meta name=\"twitter:card\" content=\"summary_large_image\" \/>\n<meta name=\"twitter:label1\" content=\"Escrito por\" \/>\n\t<meta name=\"twitter:data1\" content=\"Yoelvzla\" \/>\n\t<meta name=\"twitter:label2\" content=\"Tiempo estimado de lectura\" \/>\n\t<meta name=\"twitter:data2\" content=\"2 minutos\" \/>\n<script type=\"application\/ld+json\" class=\"yoast-schema-graph\">{\"@context\":\"https:\/\/schema.org\",\"@graph\":[{\"@type\":\"Article\",\"@id\":\"https:\/\/noti-america.com\/site\/mexico\/2022\/12\/21\/venezolanos-junior-caldera-john-theis-oliwi-y-afro-nigga-posicionan-el-remix-de-coco-coro-en-las-tendencias-de-youtube\/#article\",\"isPartOf\":{\"@id\":\"https:\/\/noti-america.com\/site\/mexico\/2022\/12\/21\/venezolanos-junior-caldera-john-theis-oliwi-y-afro-nigga-posicionan-el-remix-de-coco-coro-en-las-tendencias-de-youtube\/\"},\"author\":{\"name\":\"Yoelvzla\",\"@id\":\"https:\/\/noti-america.com\/site\/mexico\/#\/schema\/person\/376ccc7b3cc7a8d5a43c3ece07a43857\"},\"headline\":\"Venezolanos Junior Caldera, John Theis, Oliwi y Afro Nigga posicionan el remix de \u201cCoco Coro\u201d en las tendencias de YouTube\",\"datePublished\":\"2022-12-21T23:28:21+00:00\",\"mainEntityOfPage\":{\"@id\":\"https:\/\/noti-america.com\/site\/mexico\/2022\/12\/21\/venezolanos-junior-caldera-john-theis-oliwi-y-afro-nigga-posicionan-el-remix-de-coco-coro-en-las-tendencias-de-youtube\/\"},\"wordCount\":477,\"commentCount\":0,\"publisher\":{\"@id\":\"https:\/\/noti-america.com\/site\/mexico\/#organization\"},\"image\":{\"@id\":\"https:\/\/noti-america.com\/site\/mexico\/2022\/12\/21\/venezolanos-junior-caldera-john-theis-oliwi-y-afro-nigga-posicionan-el-remix-de-coco-coro-en-las-tendencias-de-youtube\/#primaryimage\"},\"thumbnailUrl\":\"https:\/\/noti-america.com\/site\/mexico\/wp-content\/uploads\/sites\/13\/2022\/12\/sin-titulo-25-de-26.jpg\",\"articleSection\":[\"Arte y Espect\u00e1culos\"],\"inLanguage\":\"es\",\"potentialAction\":[{\"@type\":\"CommentAction\",\"name\":\"Comment\",\"target\":[\"https:\/\/noti-america.com\/site\/mexico\/2022\/12\/21\/venezolanos-junior-caldera-john-theis-oliwi-y-afro-nigga-posicionan-el-remix-de-coco-coro-en-las-tendencias-de-youtube\/#respond\"]}]},{\"@type\":\"WebPage\",\"@id\":\"https:\/\/noti-america.com\/site\/mexico\/2022\/12\/21\/venezolanos-junior-caldera-john-theis-oliwi-y-afro-nigga-posicionan-el-remix-de-coco-coro-en-las-tendencias-de-youtube\/\",\"url\":\"https:\/\/noti-america.com\/site\/mexico\/2022\/12\/21\/venezolanos-junior-caldera-john-theis-oliwi-y-afro-nigga-posicionan-el-remix-de-coco-coro-en-las-tendencias-de-youtube\/\",\"name\":\"Venezolanos Junior Caldera, John Theis, Oliwi y Afro Nigga posicionan el remix de \u201cCoco Coro\u201d en las tendencias de YouTube - M\u00e9xico\",\"isPartOf\":{\"@id\":\"https:\/\/noti-america.com\/site\/mexico\/#website\"},\"primaryImageOfPage\":{\"@id\":\"https:\/\/noti-america.com\/site\/mexico\/2022\/12\/21\/venezolanos-junior-caldera-john-theis-oliwi-y-afro-nigga-posicionan-el-remix-de-coco-coro-en-las-tendencias-de-youtube\/#primaryimage\"},\"image\":{\"@id\":\"https:\/\/noti-america.com\/site\/mexico\/2022\/12\/21\/venezolanos-junior-caldera-john-theis-oliwi-y-afro-nigga-posicionan-el-remix-de-coco-coro-en-las-tendencias-de-youtube\/#primaryimage\"},\"thumbnailUrl\":\"https:\/\/noti-america.com\/site\/mexico\/wp-content\/uploads\/sites\/13\/2022\/12\/sin-titulo-25-de-26.jpg\",\"datePublished\":\"2022-12-21T23:28:21+00:00\",\"breadcrumb\":{\"@id\":\"https:\/\/noti-america.com\/site\/mexico\/2022\/12\/21\/venezolanos-junior-caldera-john-theis-oliwi-y-afro-nigga-posicionan-el-remix-de-coco-coro-en-las-tendencias-de-youtube\/#breadcrumb\"},\"inLanguage\":\"es\",\"potentialAction\":[{\"@type\":\"ReadAction\",\"target\":[\"https:\/\/noti-america.com\/site\/mexico\/2022\/12\/21\/venezolanos-junior-caldera-john-theis-oliwi-y-afro-nigga-posicionan-el-remix-de-coco-coro-en-las-tendencias-de-youtube\/\"]}]},{\"@type\":\"ImageObject\",\"inLanguage\":\"es\",\"@id\":\"https:\/\/noti-america.com\/site\/mexico\/2022\/12\/21\/venezolanos-junior-caldera-john-theis-oliwi-y-afro-nigga-posicionan-el-remix-de-coco-coro-en-las-tendencias-de-youtube\/#primaryimage\",\"url\":\"https:\/\/noti-america.com\/site\/mexico\/wp-content\/uploads\/sites\/13\/2022\/12\/sin-titulo-25-de-26.jpg\",\"contentUrl\":\"https:\/\/noti-america.com\/site\/mexico\/wp-content\/uploads\/sites\/13\/2022\/12\/sin-titulo-25-de-26.jpg\",\"width\":1080,\"height\":1350},{\"@type\":\"BreadcrumbList\",\"@id\":\"https:\/\/noti-america.com\/site\/mexico\/2022\/12\/21\/venezolanos-junior-caldera-john-theis-oliwi-y-afro-nigga-posicionan-el-remix-de-coco-coro-en-las-tendencias-de-youtube\/#breadcrumb\",\"itemListElement\":[{\"@type\":\"ListItem\",\"position\":1,\"name\":\"Portada\",\"item\":\"https:\/\/noti-america.com\/site\/mexico\/\"},{\"@type\":\"ListItem\",\"position\":2,\"name\":\"Venezolanos Junior Caldera, John Theis, Oliwi y Afro Nigga posicionan el remix de \u201cCoco Coro\u201d en las tendencias de YouTube\"}]},{\"@type\":\"WebSite\",\"@id\":\"https:\/\/noti-america.com\/site\/mexico\/#website\",\"url\":\"https:\/\/noti-america.com\/site\/mexico\/\",\"name\":\"M\u00e9xico | Noti-America.com\",\"description\":\"\",\"publisher\":{\"@id\":\"https:\/\/noti-america.com\/site\/mexico\/#organization\"},\"potentialAction\":[{\"@type\":\"SearchAction\",\"target\":{\"@type\":\"EntryPoint\",\"urlTemplate\":\"https:\/\/noti-america.com\/site\/mexico\/?s={search_term_string}\"},\"query-input\":{\"@type\":\"PropertyValueSpecification\",\"valueRequired\":true,\"valueName\":\"search_term_string\"}}],\"inLanguage\":\"es\"},{\"@type\":\"Organization\",\"@id\":\"https:\/\/noti-america.com\/site\/mexico\/#organization\",\"name\":\"Noti-America LLC | M\u00e9xico\",\"url\":\"https:\/\/noti-america.com\/site\/mexico\/\",\"logo\":{\"@type\":\"ImageObject\",\"inLanguage\":\"es\",\"@id\":\"https:\/\/noti-america.com\/site\/mexico\/#\/schema\/logo\/image\/\",\"url\":\"https:\/\/noti-america.com\/site\/mexico\/wp-content\/uploads\/sites\/13\/2020\/07\/LogoNA-4x3-1.jpg\",\"contentUrl\":\"https:\/\/noti-america.com\/site\/mexico\/wp-content\/uploads\/sites\/13\/2020\/07\/LogoNA-4x3-1.jpg\",\"width\":1236,\"height\":1080,\"caption\":\"Noti-America LLC | M\u00e9xico\"},\"image\":{\"@id\":\"https:\/\/noti-america.com\/site\/mexico\/#\/schema\/logo\/image\/\"}},{\"@type\":\"Person\",\"@id\":\"https:\/\/noti-america.com\/site\/mexico\/#\/schema\/person\/376ccc7b3cc7a8d5a43c3ece07a43857\",\"name\":\"Yoelvzla\",\"image\":{\"@type\":\"ImageObject\",\"inLanguage\":\"es\",\"@id\":\"https:\/\/secure.gravatar.com\/avatar\/13a96a72123e0e9aa76fe82e8847f726c63a1c5ef6a8d0fadd844c1a5a83b212?s=96&d=mm&r=g\",\"url\":\"https:\/\/secure.gravatar.com\/avatar\/13a96a72123e0e9aa76fe82e8847f726c63a1c5ef6a8d0fadd844c1a5a83b212?s=96&d=mm&r=g\",\"contentUrl\":\"https:\/\/secure.gravatar.com\/avatar\/13a96a72123e0e9aa76fe82e8847f726c63a1c5ef6a8d0fadd844c1a5a83b212?s=96&d=mm&r=g\",\"caption\":\"Yoelvzla\"},\"url\":\"https:\/\/noti-america.com\/site\/mexico\/author\/ydiaz\/\"}]}<\/script>\n<!-- \/ Yoast SEO Premium plugin. -->","yoast_head_json":{"title":"Venezolanos Junior Caldera, John Theis, Oliwi y Afro Nigga posicionan el remix de \u201cCoco Coro\u201d en las tendencias de YouTube - M\u00e9xico","robots":{"index":"index","follow":"follow","max-snippet":"max-snippet:-1","max-image-preview":"max-image-preview:large","max-video-preview":"max-video-preview:-1"},"canonical":"https:\/\/noti-america.com\/site\/mexico\/2022\/12\/21\/venezolanos-junior-caldera-john-theis-oliwi-y-afro-nigga-posicionan-el-remix-de-coco-coro-en-las-tendencias-de-youtube\/","og_locale":"es_ES","og_type":"article","og_title":"Venezolanos Junior Caldera, John Theis, Oliwi y Afro Nigga posicionan el remix de \u201cCoco Coro\u201d en las tendencias de YouTube","og_description":"El talento emergente fuera de Venezuela contin\u00faa dejando la bandera en alto. Esta vez, Jhon Theis se junt\u00f3 con Junior Caldera, Oliwi y Afro Nigga para el remix de \u201cCoco coro\u201d, un tema que&#46;&#46;&#46;","og_url":"https:\/\/noti-america.com\/site\/mexico\/2022\/12\/21\/venezolanos-junior-caldera-john-theis-oliwi-y-afro-nigga-posicionan-el-remix-de-coco-coro-en-las-tendencias-de-youtube\/","og_site_name":"M\u00e9xico","article_published_time":"2022-12-21T23:28:21+00:00","og_image":[{"width":1080,"height":1350,"url":"https:\/\/noti-america.com\/site\/mexico\/wp-content\/uploads\/sites\/13\/2022\/12\/sin-titulo-25-de-26.jpg","type":"image\/jpeg"}],"author":"Yoelvzla","twitter_card":"summary_large_image","twitter_misc":{"Escrito por":"Yoelvzla","Tiempo estimado de lectura":"2 minutos"},"schema":{"@context":"https:\/\/schema.org","@graph":[{"@type":"Article","@id":"https:\/\/noti-america.com\/site\/mexico\/2022\/12\/21\/venezolanos-junior-caldera-john-theis-oliwi-y-afro-nigga-posicionan-el-remix-de-coco-coro-en-las-tendencias-de-youtube\/#article","isPartOf":{"@id":"https:\/\/noti-america.com\/site\/mexico\/2022\/12\/21\/venezolanos-junior-caldera-john-theis-oliwi-y-afro-nigga-posicionan-el-remix-de-coco-coro-en-las-tendencias-de-youtube\/"},"author":{"name":"Yoelvzla","@id":"https:\/\/noti-america.com\/site\/mexico\/#\/schema\/person\/376ccc7b3cc7a8d5a43c3ece07a43857"},"headline":"Venezolanos Junior Caldera, John Theis, Oliwi y Afro Nigga posicionan el remix de \u201cCoco Coro\u201d en las tendencias de YouTube","datePublished":"2022-12-21T23:28:21+00:00","mainEntityOfPage":{"@id":"https:\/\/noti-america.com\/site\/mexico\/2022\/12\/21\/venezolanos-junior-caldera-john-theis-oliwi-y-afro-nigga-posicionan-el-remix-de-coco-coro-en-las-tendencias-de-youtube\/"},"wordCount":477,"commentCount":0,"publisher":{"@id":"https:\/\/noti-america.com\/site\/mexico\/#organization"},"image":{"@id":"https:\/\/noti-america.com\/site\/mexico\/2022\/12\/21\/venezolanos-junior-caldera-john-theis-oliwi-y-afro-nigga-posicionan-el-remix-de-coco-coro-en-las-tendencias-de-youtube\/#primaryimage"},"thumbnailUrl":"https:\/\/noti-america.com\/site\/mexico\/wp-content\/uploads\/sites\/13\/2022\/12\/sin-titulo-25-de-26.jpg","articleSection":["Arte y Espect\u00e1culos"],"inLanguage":"es","potentialAction":[{"@type":"CommentAction","name":"Comment","target":["https:\/\/noti-america.com\/site\/mexico\/2022\/12\/21\/venezolanos-junior-caldera-john-theis-oliwi-y-afro-nigga-posicionan-el-remix-de-coco-coro-en-las-tendencias-de-youtube\/#respond"]}]},{"@type":"WebPage","@id":"https:\/\/noti-america.com\/site\/mexico\/2022\/12\/21\/venezolanos-junior-caldera-john-theis-oliwi-y-afro-nigga-posicionan-el-remix-de-coco-coro-en-las-tendencias-de-youtube\/","url":"https:\/\/noti-america.com\/site\/mexico\/2022\/12\/21\/venezolanos-junior-caldera-john-theis-oliwi-y-afro-nigga-posicionan-el-remix-de-coco-coro-en-las-tendencias-de-youtube\/","name":"Venezolanos Junior Caldera, John Theis, Oliwi y Afro Nigga posicionan el remix de \u201cCoco Coro\u201d en las tendencias de YouTube - M\u00e9xico","isPartOf":{"@id":"https:\/\/noti-america.com\/site\/mexico\/#website"},"primaryImageOfPage":{"@id":"https:\/\/noti-america.com\/site\/mexico\/2022\/12\/21\/venezolanos-junior-caldera-john-theis-oliwi-y-afro-nigga-posicionan-el-remix-de-coco-coro-en-las-tendencias-de-youtube\/#primaryimage"},"image":{"@id":"https:\/\/noti-america.com\/site\/mexico\/2022\/12\/21\/venezolanos-junior-caldera-john-theis-oliwi-y-afro-nigga-posicionan-el-remix-de-coco-coro-en-las-tendencias-de-youtube\/#primaryimage"},"thumbnailUrl":"https:\/\/noti-america.com\/site\/mexico\/wp-content\/uploads\/sites\/13\/2022\/12\/sin-titulo-25-de-26.jpg","datePublished":"2022-12-21T23:28:21+00:00","breadcrumb":{"@id":"https:\/\/noti-america.com\/site\/mexico\/2022\/12\/21\/venezolanos-junior-caldera-john-theis-oliwi-y-afro-nigga-posicionan-el-remix-de-coco-coro-en-las-tendencias-de-youtube\/#breadcrumb"},"inLanguage":"es","potentialAction":[{"@type":"ReadAction","target":["https:\/\/noti-america.com\/site\/mexico\/2022\/12\/21\/venezolanos-junior-caldera-john-theis-oliwi-y-afro-nigga-posicionan-el-remix-de-coco-coro-en-las-tendencias-de-youtube\/"]}]},{"@type":"ImageObject","inLanguage":"es","@id":"https:\/\/noti-america.com\/site\/mexico\/2022\/12\/21\/venezolanos-junior-caldera-john-theis-oliwi-y-afro-nigga-posicionan-el-remix-de-coco-coro-en-las-tendencias-de-youtube\/#primaryimage","url":"https:\/\/noti-america.com\/site\/mexico\/wp-content\/uploads\/sites\/13\/2022\/12\/sin-titulo-25-de-26.jpg","contentUrl":"https:\/\/noti-america.com\/site\/mexico\/wp-content\/uploads\/sites\/13\/2022\/12\/sin-titulo-25-de-26.jpg","width":1080,"height":1350},{"@type":"BreadcrumbList","@id":"https:\/\/noti-america.com\/site\/mexico\/2022\/12\/21\/venezolanos-junior-caldera-john-theis-oliwi-y-afro-nigga-posicionan-el-remix-de-coco-coro-en-las-tendencias-de-youtube\/#breadcrumb","itemListElement":[{"@type":"ListItem","position":1,"name":"Portada","item":"https:\/\/noti-america.com\/site\/mexico\/"},{"@type":"ListItem","position":2,"name":"Venezolanos Junior Caldera, John Theis, Oliwi y Afro Nigga posicionan el remix de \u201cCoco Coro\u201d en las tendencias de YouTube"}]},{"@type":"WebSite","@id":"https:\/\/noti-america.com\/site\/mexico\/#website","url":"https:\/\/noti-america.com\/site\/mexico\/","name":"M\u00e9xico | Noti-America.com","description":"","publisher":{"@id":"https:\/\/noti-america.com\/site\/mexico\/#organization"},"potentialAction":[{"@type":"SearchAction","target":{"@type":"EntryPoint","urlTemplate":"https:\/\/noti-america.com\/site\/mexico\/?s={search_term_string}"},"query-input":{"@type":"PropertyValueSpecification","valueRequired":true,"valueName":"search_term_string"}}],"inLanguage":"es"},{"@type":"Organization","@id":"https:\/\/noti-america.com\/site\/mexico\/#organization","name":"Noti-America LLC | M\u00e9xico","url":"https:\/\/noti-america.com\/site\/mexico\/","logo":{"@type":"ImageObject","inLanguage":"es","@id":"https:\/\/noti-america.com\/site\/mexico\/#\/schema\/logo\/image\/","url":"https:\/\/noti-america.com\/site\/mexico\/wp-content\/uploads\/sites\/13\/2020\/07\/LogoNA-4x3-1.jpg","contentUrl":"https:\/\/noti-america.com\/site\/mexico\/wp-content\/uploads\/sites\/13\/2020\/07\/LogoNA-4x3-1.jpg","width":1236,"height":1080,"caption":"Noti-America LLC | M\u00e9xico"},"image":{"@id":"https:\/\/noti-america.com\/site\/mexico\/#\/schema\/logo\/image\/"}},{"@type":"Person","@id":"https:\/\/noti-america.com\/site\/mexico\/#\/schema\/person\/376ccc7b3cc7a8d5a43c3ece07a43857","name":"Yoelvzla","image":{"@type":"ImageObject","inLanguage":"es","@id":"https:\/\/secure.gravatar.com\/avatar\/13a96a72123e0e9aa76fe82e8847f726c63a1c5ef6a8d0fadd844c1a5a83b212?s=96&d=mm&r=g","url":"https:\/\/secure.gravatar.com\/avatar\/13a96a72123e0e9aa76fe82e8847f726c63a1c5ef6a8d0fadd844c1a5a83b212?s=96&d=mm&r=g","contentUrl":"https:\/\/secure.gravatar.com\/avatar\/13a96a72123e0e9aa76fe82e8847f726c63a1c5ef6a8d0fadd844c1a5a83b212?s=96&d=mm&r=g","caption":"Yoelvzla"},"url":"https:\/\/noti-america.com\/site\/mexico\/author\/ydiaz\/"}]}},"_links":{"self":[{"href":"https:\/\/noti-america.com\/site\/mexico\/wp-json\/wp\/v2\/posts\/8849","targetHints":{"allow":["GET"]}}],"collection":[{"href":"https:\/\/noti-america.com\/site\/mexico\/wp-json\/wp\/v2\/posts"}],"about":[{"href":"https:\/\/noti-america.com\/site\/mexico\/wp-json\/wp\/v2\/types\/post"}],"author":[{"embeddable":true,"href":"https:\/\/noti-america.com\/site\/mexico\/wp-json\/wp\/v2\/users\/127"}],"replies":[{"embeddable":true,"href":"https:\/\/noti-america.com\/site\/mexico\/wp-json\/wp\/v2\/comments?post=8849"}],"version-history":[{"count":1,"href":"https:\/\/noti-america.com\/site\/mexico\/wp-json\/wp\/v2\/posts\/8849\/revisions"}],"predecessor-version":[{"id":8851,"href":"https:\/\/noti-america.com\/site\/mexico\/wp-json\/wp\/v2\/posts\/8849\/revisions\/8851"}],"wp:featuredmedia":[{"embeddable":true,"href":"https:\/\/noti-america.com\/site\/mexico\/wp-json\/wp\/v2\/media\/8850"}],"wp:attachment":[{"href":"https:\/\/noti-america.com\/site\/mexico\/wp-json\/wp\/v2\/media?parent=8849"}],"wp:term":[{"taxonomy":"category","embeddable":true,"href":"https:\/\/noti-america.com\/site\/mexico\/wp-json\/wp\/v2\/categories?post=8849"},{"taxonomy":"post_tag","embeddable":true,"href":"https:\/\/noti-america.com\/site\/mexico\/wp-json\/wp\/v2\/tags?post=8849"}],"curies":[{"name":"wp","href":"https:\/\/api.w.org\/{rel}","templated":true}]}}