{"id":8745,"date":"2022-12-08T00:24:45","date_gmt":"2022-12-08T00:24:45","guid":{"rendered":"https:\/\/noti-america.com\/site\/mexico\/?p=8745"},"modified":"2022-12-08T00:24:45","modified_gmt":"2022-12-08T00:24:45","slug":"aerolinea-conviasa-de-venezuela-inauguro-vuelo-a-qatar","status":"publish","type":"post","link":"https:\/\/noti-america.com\/site\/mexico\/2022\/12\/08\/aerolinea-conviasa-de-venezuela-inauguro-vuelo-a-qatar\/","title":{"rendered":"Aerol\u00ednea Conviasa de Venezuela inaugur\u00f3 vuelo a Qatar"},"content":{"rendered":"<p>Este vuelo inaugural parti\u00f3 del <strong>aeropuerto internacional de Maiquet\u00eda<\/strong>, estado <strong>La Guaira<\/strong>, hacia la capital qatar\u00ed, <strong>Doha<\/strong>, y cont\u00f3 con la asistencia del embajador del Estado \u00e1rabe en esta capital, Rashid Mohsin Fetais.<\/p>\n<p><strong>\u201cEstamos orgullosos de ofertar esta conexi\u00f3n para que Latinoam\u00e9rica pueda viajar al mundial de F\u00fatbol 2022\u2033<\/strong>, escribi\u00f3 en su cuenta en Twitter el tambi\u00e9n presidente de <strong>Conviasa<\/strong>.<\/p>\n<p><strong>Vel\u00e1zquez<\/strong> expres\u00f3 en otro tuit que la aerol\u00ednea bandera nacional sigue expandiendo sus destinos para brindar mayor conectividad a los venezolanos.<\/p>\n<p>Subray\u00f3 que con este primer vuelo de conexi\u00f3n a <strong>Qatar<\/strong>, <strong>Conviasa<\/strong> se convierte en la primera aerol\u00ednea latinoamericana en ofrecer un vuelo directo a este destino.<\/p>\n","protected":false},"excerpt":{"rendered":"<p>Este vuelo inaugural parti\u00f3 del aeropuerto internacional de Maiquet\u00eda, estado La Guaira, hacia la capital qatar\u00ed, Doha, y cont\u00f3 con la asistencia del embajador del Estado \u00e1rabe en esta capital, Rashid Mohsin Fetais. \u201cEstamos&#46;&#46;&#46;<\/p>\n","protected":false},"author":127,"featured_media":8618,"comment_status":"open","ping_status":"open","sticky":false,"template":"","format":"image","meta":{"_acf_changed":false,"om_disable_all_campaigns":false,"rop_custom_images_group":[],"rop_custom_messages_group":[],"rop_publish_now":"initial","rop_publish_now_accounts":{"twitter_242054905_242054905":""},"rop_publish_now_history":[],"rop_publish_now_status":"pending","_uf_show_specific_survey":0,"_uf_disable_surveys":false,"footnotes":""},"categories":[739,417],"tags":[],"class_list":["post-8745","post","type-post","status-publish","format-image","has-post-thumbnail","hentry","category-turismo-2","category-venezuela","post_format-post-format-image"],"acf":[],"aioseo_notices":[],"yoast_head":"<!-- This site is optimized with the Yoast SEO Premium plugin v24.9 (Yoast SEO v27.2) - https:\/\/yoast.com\/product\/yoast-seo-premium-wordpress\/ -->\n<title>Aerol\u00ednea Conviasa de Venezuela inaugur\u00f3 vuelo a Qatar - M\u00e9xico<\/title>\n<meta name=\"robots\" content=\"index, follow, max-snippet:-1, max-image-preview:large, max-video-preview:-1\" \/>\n<link rel=\"canonical\" href=\"https:\/\/noti-america.com\/site\/mexico\/2022\/12\/08\/aerolinea-conviasa-de-venezuela-inauguro-vuelo-a-qatar\/\" \/>\n<meta property=\"og:locale\" content=\"es_ES\" \/>\n<meta property=\"og:type\" content=\"article\" \/>\n<meta property=\"og:title\" content=\"Aerol\u00ednea Conviasa de Venezuela inaugur\u00f3 vuelo a Qatar\" \/>\n<meta property=\"og:description\" content=\"Este vuelo inaugural parti\u00f3 del aeropuerto internacional de Maiquet\u00eda, estado La Guaira, hacia la capital qatar\u00ed, Doha, y cont\u00f3 con la asistencia del embajador del Estado \u00e1rabe en esta capital, Rashid Mohsin Fetais. \u201cEstamos&#046;&#046;&#046;\" \/>\n<meta property=\"og:url\" content=\"https:\/\/noti-america.com\/site\/mexico\/2022\/12\/08\/aerolinea-conviasa-de-venezuela-inauguro-vuelo-a-qatar\/\" \/>\n<meta property=\"og:site_name\" content=\"M\u00e9xico\" \/>\n<meta property=\"article:published_time\" content=\"2022-12-08T00:24:45+00:00\" \/>\n<meta property=\"og:image\" content=\"https:\/\/noti-america.com\/site\/mexico\/wp-content\/uploads\/sites\/13\/2022\/11\/descarga.png\" \/>\n\t<meta property=\"og:image:width\" content=\"1024\" \/>\n\t<meta property=\"og:image:height\" content=\"512\" \/>\n\t<meta property=\"og:image:type\" content=\"image\/png\" \/>\n<meta name=\"author\" content=\"Yoelvzla\" \/>\n<meta name=\"twitter:card\" content=\"summary_large_image\" \/>\n<meta name=\"twitter:label1\" content=\"Escrito por\" \/>\n\t<meta name=\"twitter:data1\" content=\"Yoelvzla\" \/>\n\t<meta name=\"twitter:label2\" content=\"Tiempo estimado de lectura\" \/>\n\t<meta name=\"twitter:data2\" content=\"1 minuto\" \/>\n<script type=\"application\/ld+json\" class=\"yoast-schema-graph\">{\"@context\":\"https:\/\/schema.org\",\"@graph\":[{\"@type\":\"Article\",\"@id\":\"https:\/\/noti-america.com\/site\/mexico\/2022\/12\/08\/aerolinea-conviasa-de-venezuela-inauguro-vuelo-a-qatar\/#article\",\"isPartOf\":{\"@id\":\"https:\/\/noti-america.com\/site\/mexico\/2022\/12\/08\/aerolinea-conviasa-de-venezuela-inauguro-vuelo-a-qatar\/\"},\"author\":{\"name\":\"Yoelvzla\",\"@id\":\"https:\/\/noti-america.com\/site\/mexico\/#\/schema\/person\/376ccc7b3cc7a8d5a43c3ece07a43857\"},\"headline\":\"Aerol\u00ednea Conviasa de Venezuela inaugur\u00f3 vuelo a Qatar\",\"datePublished\":\"2022-12-08T00:24:45+00:00\",\"mainEntityOfPage\":{\"@id\":\"https:\/\/noti-america.com\/site\/mexico\/2022\/12\/08\/aerolinea-conviasa-de-venezuela-inauguro-vuelo-a-qatar\/\"},\"wordCount\":124,\"commentCount\":0,\"publisher\":{\"@id\":\"https:\/\/noti-america.com\/site\/mexico\/#organization\"},\"image\":{\"@id\":\"https:\/\/noti-america.com\/site\/mexico\/2022\/12\/08\/aerolinea-conviasa-de-venezuela-inauguro-vuelo-a-qatar\/#primaryimage\"},\"thumbnailUrl\":\"https:\/\/noti-america.com\/site\/mexico\/wp-content\/uploads\/sites\/13\/2022\/11\/descarga.png\",\"articleSection\":[\"Turismo\",\"Venezuela\"],\"inLanguage\":\"es\",\"potentialAction\":[{\"@type\":\"CommentAction\",\"name\":\"Comment\",\"target\":[\"https:\/\/noti-america.com\/site\/mexico\/2022\/12\/08\/aerolinea-conviasa-de-venezuela-inauguro-vuelo-a-qatar\/#respond\"]}]},{\"@type\":\"WebPage\",\"@id\":\"https:\/\/noti-america.com\/site\/mexico\/2022\/12\/08\/aerolinea-conviasa-de-venezuela-inauguro-vuelo-a-qatar\/\",\"url\":\"https:\/\/noti-america.com\/site\/mexico\/2022\/12\/08\/aerolinea-conviasa-de-venezuela-inauguro-vuelo-a-qatar\/\",\"name\":\"Aerol\u00ednea Conviasa de Venezuela inaugur\u00f3 vuelo a Qatar - M\u00e9xico\",\"isPartOf\":{\"@id\":\"https:\/\/noti-america.com\/site\/mexico\/#website\"},\"primaryImageOfPage\":{\"@id\":\"https:\/\/noti-america.com\/site\/mexico\/2022\/12\/08\/aerolinea-conviasa-de-venezuela-inauguro-vuelo-a-qatar\/#primaryimage\"},\"image\":{\"@id\":\"https:\/\/noti-america.com\/site\/mexico\/2022\/12\/08\/aerolinea-conviasa-de-venezuela-inauguro-vuelo-a-qatar\/#primaryimage\"},\"thumbnailUrl\":\"https:\/\/noti-america.com\/site\/mexico\/wp-content\/uploads\/sites\/13\/2022\/11\/descarga.png\",\"datePublished\":\"2022-12-08T00:24:45+00:00\",\"breadcrumb\":{\"@id\":\"https:\/\/noti-america.com\/site\/mexico\/2022\/12\/08\/aerolinea-conviasa-de-venezuela-inauguro-vuelo-a-qatar\/#breadcrumb\"},\"inLanguage\":\"es\",\"potentialAction\":[{\"@type\":\"ReadAction\",\"target\":[\"https:\/\/noti-america.com\/site\/mexico\/2022\/12\/08\/aerolinea-conviasa-de-venezuela-inauguro-vuelo-a-qatar\/\"]}]},{\"@type\":\"ImageObject\",\"inLanguage\":\"es\",\"@id\":\"https:\/\/noti-america.com\/site\/mexico\/2022\/12\/08\/aerolinea-conviasa-de-venezuela-inauguro-vuelo-a-qatar\/#primaryimage\",\"url\":\"https:\/\/noti-america.com\/site\/mexico\/wp-content\/uploads\/sites\/13\/2022\/11\/descarga.png\",\"contentUrl\":\"https:\/\/noti-america.com\/site\/mexico\/wp-content\/uploads\/sites\/13\/2022\/11\/descarga.png\",\"width\":1024,\"height\":512},{\"@type\":\"BreadcrumbList\",\"@id\":\"https:\/\/noti-america.com\/site\/mexico\/2022\/12\/08\/aerolinea-conviasa-de-venezuela-inauguro-vuelo-a-qatar\/#breadcrumb\",\"itemListElement\":[{\"@type\":\"ListItem\",\"position\":1,\"name\":\"Portada\",\"item\":\"https:\/\/noti-america.com\/site\/mexico\/\"},{\"@type\":\"ListItem\",\"position\":2,\"name\":\"Aerol\u00ednea Conviasa de Venezuela inaugur\u00f3 vuelo a Qatar\"}]},{\"@type\":\"WebSite\",\"@id\":\"https:\/\/noti-america.com\/site\/mexico\/#website\",\"url\":\"https:\/\/noti-america.com\/site\/mexico\/\",\"name\":\"M\u00e9xico | Noti-America.com\",\"description\":\"\",\"publisher\":{\"@id\":\"https:\/\/noti-america.com\/site\/mexico\/#organization\"},\"potentialAction\":[{\"@type\":\"SearchAction\",\"target\":{\"@type\":\"EntryPoint\",\"urlTemplate\":\"https:\/\/noti-america.com\/site\/mexico\/?s={search_term_string}\"},\"query-input\":{\"@type\":\"PropertyValueSpecification\",\"valueRequired\":true,\"valueName\":\"search_term_string\"}}],\"inLanguage\":\"es\"},{\"@type\":\"Organization\",\"@id\":\"https:\/\/noti-america.com\/site\/mexico\/#organization\",\"name\":\"Noti-America LLC | M\u00e9xico\",\"url\":\"https:\/\/noti-america.com\/site\/mexico\/\",\"logo\":{\"@type\":\"ImageObject\",\"inLanguage\":\"es\",\"@id\":\"https:\/\/noti-america.com\/site\/mexico\/#\/schema\/logo\/image\/\",\"url\":\"https:\/\/noti-america.com\/site\/mexico\/wp-content\/uploads\/sites\/13\/2020\/07\/LogoNA-4x3-1.jpg\",\"contentUrl\":\"https:\/\/noti-america.com\/site\/mexico\/wp-content\/uploads\/sites\/13\/2020\/07\/LogoNA-4x3-1.jpg\",\"width\":1236,\"height\":1080,\"caption\":\"Noti-America LLC | M\u00e9xico\"},\"image\":{\"@id\":\"https:\/\/noti-america.com\/site\/mexico\/#\/schema\/logo\/image\/\"}},{\"@type\":\"Person\",\"@id\":\"https:\/\/noti-america.com\/site\/mexico\/#\/schema\/person\/376ccc7b3cc7a8d5a43c3ece07a43857\",\"name\":\"Yoelvzla\",\"image\":{\"@type\":\"ImageObject\",\"inLanguage\":\"es\",\"@id\":\"https:\/\/secure.gravatar.com\/avatar\/13a96a72123e0e9aa76fe82e8847f726c63a1c5ef6a8d0fadd844c1a5a83b212?s=96&d=mm&r=g\",\"url\":\"https:\/\/secure.gravatar.com\/avatar\/13a96a72123e0e9aa76fe82e8847f726c63a1c5ef6a8d0fadd844c1a5a83b212?s=96&d=mm&r=g\",\"contentUrl\":\"https:\/\/secure.gravatar.com\/avatar\/13a96a72123e0e9aa76fe82e8847f726c63a1c5ef6a8d0fadd844c1a5a83b212?s=96&d=mm&r=g\",\"caption\":\"Yoelvzla\"},\"url\":\"https:\/\/noti-america.com\/site\/mexico\/author\/ydiaz\/\"}]}<\/script>\n<!-- \/ Yoast SEO Premium plugin. -->","yoast_head_json":{"title":"Aerol\u00ednea Conviasa de Venezuela inaugur\u00f3 vuelo a Qatar - M\u00e9xico","robots":{"index":"index","follow":"follow","max-snippet":"max-snippet:-1","max-image-preview":"max-image-preview:large","max-video-preview":"max-video-preview:-1"},"canonical":"https:\/\/noti-america.com\/site\/mexico\/2022\/12\/08\/aerolinea-conviasa-de-venezuela-inauguro-vuelo-a-qatar\/","og_locale":"es_ES","og_type":"article","og_title":"Aerol\u00ednea Conviasa de Venezuela inaugur\u00f3 vuelo a Qatar","og_description":"Este vuelo inaugural parti\u00f3 del aeropuerto internacional de Maiquet\u00eda, estado La Guaira, hacia la capital qatar\u00ed, Doha, y cont\u00f3 con la asistencia del embajador del Estado \u00e1rabe en esta capital, Rashid Mohsin Fetais. \u201cEstamos&#46;&#46;&#46;","og_url":"https:\/\/noti-america.com\/site\/mexico\/2022\/12\/08\/aerolinea-conviasa-de-venezuela-inauguro-vuelo-a-qatar\/","og_site_name":"M\u00e9xico","article_published_time":"2022-12-08T00:24:45+00:00","og_image":[{"width":1024,"height":512,"url":"https:\/\/noti-america.com\/site\/mexico\/wp-content\/uploads\/sites\/13\/2022\/11\/descarga.png","type":"image\/png"}],"author":"Yoelvzla","twitter_card":"summary_large_image","twitter_misc":{"Escrito por":"Yoelvzla","Tiempo estimado de lectura":"1 minuto"},"schema":{"@context":"https:\/\/schema.org","@graph":[{"@type":"Article","@id":"https:\/\/noti-america.com\/site\/mexico\/2022\/12\/08\/aerolinea-conviasa-de-venezuela-inauguro-vuelo-a-qatar\/#article","isPartOf":{"@id":"https:\/\/noti-america.com\/site\/mexico\/2022\/12\/08\/aerolinea-conviasa-de-venezuela-inauguro-vuelo-a-qatar\/"},"author":{"name":"Yoelvzla","@id":"https:\/\/noti-america.com\/site\/mexico\/#\/schema\/person\/376ccc7b3cc7a8d5a43c3ece07a43857"},"headline":"Aerol\u00ednea Conviasa de Venezuela inaugur\u00f3 vuelo a Qatar","datePublished":"2022-12-08T00:24:45+00:00","mainEntityOfPage":{"@id":"https:\/\/noti-america.com\/site\/mexico\/2022\/12\/08\/aerolinea-conviasa-de-venezuela-inauguro-vuelo-a-qatar\/"},"wordCount":124,"commentCount":0,"publisher":{"@id":"https:\/\/noti-america.com\/site\/mexico\/#organization"},"image":{"@id":"https:\/\/noti-america.com\/site\/mexico\/2022\/12\/08\/aerolinea-conviasa-de-venezuela-inauguro-vuelo-a-qatar\/#primaryimage"},"thumbnailUrl":"https:\/\/noti-america.com\/site\/mexico\/wp-content\/uploads\/sites\/13\/2022\/11\/descarga.png","articleSection":["Turismo","Venezuela"],"inLanguage":"es","potentialAction":[{"@type":"CommentAction","name":"Comment","target":["https:\/\/noti-america.com\/site\/mexico\/2022\/12\/08\/aerolinea-conviasa-de-venezuela-inauguro-vuelo-a-qatar\/#respond"]}]},{"@type":"WebPage","@id":"https:\/\/noti-america.com\/site\/mexico\/2022\/12\/08\/aerolinea-conviasa-de-venezuela-inauguro-vuelo-a-qatar\/","url":"https:\/\/noti-america.com\/site\/mexico\/2022\/12\/08\/aerolinea-conviasa-de-venezuela-inauguro-vuelo-a-qatar\/","name":"Aerol\u00ednea Conviasa de Venezuela inaugur\u00f3 vuelo a Qatar - M\u00e9xico","isPartOf":{"@id":"https:\/\/noti-america.com\/site\/mexico\/#website"},"primaryImageOfPage":{"@id":"https:\/\/noti-america.com\/site\/mexico\/2022\/12\/08\/aerolinea-conviasa-de-venezuela-inauguro-vuelo-a-qatar\/#primaryimage"},"image":{"@id":"https:\/\/noti-america.com\/site\/mexico\/2022\/12\/08\/aerolinea-conviasa-de-venezuela-inauguro-vuelo-a-qatar\/#primaryimage"},"thumbnailUrl":"https:\/\/noti-america.com\/site\/mexico\/wp-content\/uploads\/sites\/13\/2022\/11\/descarga.png","datePublished":"2022-12-08T00:24:45+00:00","breadcrumb":{"@id":"https:\/\/noti-america.com\/site\/mexico\/2022\/12\/08\/aerolinea-conviasa-de-venezuela-inauguro-vuelo-a-qatar\/#breadcrumb"},"inLanguage":"es","potentialAction":[{"@type":"ReadAction","target":["https:\/\/noti-america.com\/site\/mexico\/2022\/12\/08\/aerolinea-conviasa-de-venezuela-inauguro-vuelo-a-qatar\/"]}]},{"@type":"ImageObject","inLanguage":"es","@id":"https:\/\/noti-america.com\/site\/mexico\/2022\/12\/08\/aerolinea-conviasa-de-venezuela-inauguro-vuelo-a-qatar\/#primaryimage","url":"https:\/\/noti-america.com\/site\/mexico\/wp-content\/uploads\/sites\/13\/2022\/11\/descarga.png","contentUrl":"https:\/\/noti-america.com\/site\/mexico\/wp-content\/uploads\/sites\/13\/2022\/11\/descarga.png","width":1024,"height":512},{"@type":"BreadcrumbList","@id":"https:\/\/noti-america.com\/site\/mexico\/2022\/12\/08\/aerolinea-conviasa-de-venezuela-inauguro-vuelo-a-qatar\/#breadcrumb","itemListElement":[{"@type":"ListItem","position":1,"name":"Portada","item":"https:\/\/noti-america.com\/site\/mexico\/"},{"@type":"ListItem","position":2,"name":"Aerol\u00ednea Conviasa de Venezuela inaugur\u00f3 vuelo a Qatar"}]},{"@type":"WebSite","@id":"https:\/\/noti-america.com\/site\/mexico\/#website","url":"https:\/\/noti-america.com\/site\/mexico\/","name":"M\u00e9xico | Noti-America.com","description":"","publisher":{"@id":"https:\/\/noti-america.com\/site\/mexico\/#organization"},"potentialAction":[{"@type":"SearchAction","target":{"@type":"EntryPoint","urlTemplate":"https:\/\/noti-america.com\/site\/mexico\/?s={search_term_string}"},"query-input":{"@type":"PropertyValueSpecification","valueRequired":true,"valueName":"search_term_string"}}],"inLanguage":"es"},{"@type":"Organization","@id":"https:\/\/noti-america.com\/site\/mexico\/#organization","name":"Noti-America LLC | M\u00e9xico","url":"https:\/\/noti-america.com\/site\/mexico\/","logo":{"@type":"ImageObject","inLanguage":"es","@id":"https:\/\/noti-america.com\/site\/mexico\/#\/schema\/logo\/image\/","url":"https:\/\/noti-america.com\/site\/mexico\/wp-content\/uploads\/sites\/13\/2020\/07\/LogoNA-4x3-1.jpg","contentUrl":"https:\/\/noti-america.com\/site\/mexico\/wp-content\/uploads\/sites\/13\/2020\/07\/LogoNA-4x3-1.jpg","width":1236,"height":1080,"caption":"Noti-America LLC | M\u00e9xico"},"image":{"@id":"https:\/\/noti-america.com\/site\/mexico\/#\/schema\/logo\/image\/"}},{"@type":"Person","@id":"https:\/\/noti-america.com\/site\/mexico\/#\/schema\/person\/376ccc7b3cc7a8d5a43c3ece07a43857","name":"Yoelvzla","image":{"@type":"ImageObject","inLanguage":"es","@id":"https:\/\/secure.gravatar.com\/avatar\/13a96a72123e0e9aa76fe82e8847f726c63a1c5ef6a8d0fadd844c1a5a83b212?s=96&d=mm&r=g","url":"https:\/\/secure.gravatar.com\/avatar\/13a96a72123e0e9aa76fe82e8847f726c63a1c5ef6a8d0fadd844c1a5a83b212?s=96&d=mm&r=g","contentUrl":"https:\/\/secure.gravatar.com\/avatar\/13a96a72123e0e9aa76fe82e8847f726c63a1c5ef6a8d0fadd844c1a5a83b212?s=96&d=mm&r=g","caption":"Yoelvzla"},"url":"https:\/\/noti-america.com\/site\/mexico\/author\/ydiaz\/"}]}},"_links":{"self":[{"href":"https:\/\/noti-america.com\/site\/mexico\/wp-json\/wp\/v2\/posts\/8745","targetHints":{"allow":["GET"]}}],"collection":[{"href":"https:\/\/noti-america.com\/site\/mexico\/wp-json\/wp\/v2\/posts"}],"about":[{"href":"https:\/\/noti-america.com\/site\/mexico\/wp-json\/wp\/v2\/types\/post"}],"author":[{"embeddable":true,"href":"https:\/\/noti-america.com\/site\/mexico\/wp-json\/wp\/v2\/users\/127"}],"replies":[{"embeddable":true,"href":"https:\/\/noti-america.com\/site\/mexico\/wp-json\/wp\/v2\/comments?post=8745"}],"version-history":[{"count":1,"href":"https:\/\/noti-america.com\/site\/mexico\/wp-json\/wp\/v2\/posts\/8745\/revisions"}],"predecessor-version":[{"id":8746,"href":"https:\/\/noti-america.com\/site\/mexico\/wp-json\/wp\/v2\/posts\/8745\/revisions\/8746"}],"wp:featuredmedia":[{"embeddable":true,"href":"https:\/\/noti-america.com\/site\/mexico\/wp-json\/wp\/v2\/media\/8618"}],"wp:attachment":[{"href":"https:\/\/noti-america.com\/site\/mexico\/wp-json\/wp\/v2\/media?parent=8745"}],"wp:term":[{"taxonomy":"category","embeddable":true,"href":"https:\/\/noti-america.com\/site\/mexico\/wp-json\/wp\/v2\/categories?post=8745"},{"taxonomy":"post_tag","embeddable":true,"href":"https:\/\/noti-america.com\/site\/mexico\/wp-json\/wp\/v2\/tags?post=8745"}],"curies":[{"name":"wp","href":"https:\/\/api.w.org\/{rel}","templated":true}]}}