{"id":8726,"date":"2022-12-01T15:54:26","date_gmt":"2022-12-01T15:54:26","guid":{"rendered":"https:\/\/noti-america.com\/site\/mexico\/?p=8726"},"modified":"2022-12-01T15:54:26","modified_gmt":"2022-12-01T15:54:26","slug":"con-un-mensaje-de-cultura-corporativa-carlos-urbina-recorre-el-pais","status":"publish","type":"post","link":"https:\/\/noti-america.com\/site\/mexico\/2022\/12\/01\/con-un-mensaje-de-cultura-corporativa-carlos-urbina-recorre-el-pais\/","title":{"rendered":"Con un mensaje de cultura corporativa, Carlos Urbina recorre el pa\u00eds"},"content":{"rendered":"<p><strong>Carlos Urbina<\/strong> , venezolano, acreditado por la C\u00e1mara Internacional de conferencista de <strong>Venezuela<\/strong>, recorre el pa\u00eds en busca de implantar una semilla de cultura corporativa con\u00a0 su mensaje\u00a0 <strong>\u201cTres claves para afrontar una crisis\u201d<\/strong>.<\/p>\n<p>&nbsp;<\/p>\n<p>El plan que promueve el conferencista lleva por nombre<strong> \u201c Pobreza mental cero \u201c<\/strong> Yo creo que mientras tengamos pobreza en la mente, tiene que haber pobreza material. Y que nuestras empresas se ven afectadas por la falta de cultura corporativa. Nos sobra comerciantes, requerimos empresarios\u00bb.<\/p>\n<p>&nbsp;<\/p>\n<p>La conferencia es actitudinal con vocaci\u00f3n empresarial, destaca los objetivos y las metas como aspectos fundamentales para mantener una actitud adecuada y lograr tener \u00e9xito en el d\u00eda a d\u00eda.<\/p>\n<p>&nbsp;<\/p>\n<p>&nbsp;<\/p>\n<p>\u201cGeneralmente creemos por pobreza mental que nos falta motivaci\u00f3n, yo entend\u00ed que realmente nos falta es direcci\u00f3n\u201d, agreg\u00f3 el tachirense o \u00abManager del \u00e9xito\u00bb como tambi\u00e9n es conocido.<\/p>\n<p>&nbsp;<\/p>\n<p>\u201c<strong>Mi prop\u00f3sito es llegar a un mill\u00f3n de venezolanos. Con la intenci\u00f3n de sembrar cultura corporativa<\/strong>\u201d, asevera Urbina, quien ha compartido su mensaje en otros pa\u00edses,\u00a0 \u00a0pero su objetivo est\u00e1 enfocado en cambiar la mentalidad de los venezolanos.<\/p>\n<p>&nbsp;<\/p>\n<p>Carlos tiene dos a\u00f1os ininterrumpidos girando por Venezuela, m\u00e1s de 180 conferencias con un prop\u00f3sito promover:<\/p>\n<p>&nbsp;<\/p>\n<p>1 El\u00a0 perd\u00f3n<\/p>\n<p>2 El\u00a0 amor propio<\/p>\n<p>3 La responsabilidad<\/p>\n<p>&nbsp;<\/p>\n<p>Como principios fundamentales para las empresas en el pa\u00eds.<\/p>\n<p>&nbsp;<\/p>\n<p>\u201cMi intenci\u00f3n es que cada persona tome de la conferencia un fragmento,\u00a0 reflexione y est\u00e9 dispuesta a evolucionar. Tengo el prop\u00f3sito de llegar a 1000.000 de venezolanos en los pr\u00f3ximos 8 a\u00f1os\u00bb, expuso.<\/p>\n<p>&nbsp;<\/p>\n<p>Finaliz\u00f3 asegurando que \u201cTres claves para afrontar una crisis\u201d es su aporte como venezolano.<\/p>\n","protected":false},"excerpt":{"rendered":"<p>Carlos Urbina , venezolano, acreditado por la C\u00e1mara Internacional de conferencista de Venezuela, recorre el pa\u00eds en busca de implantar una semilla de cultura corporativa con\u00a0 su mensaje\u00a0 \u201cTres claves para afrontar una crisis\u201d.&#46;&#46;&#46;<\/p>\n","protected":false},"author":127,"featured_media":8727,"comment_status":"open","ping_status":"open","sticky":false,"template":"","format":"image","meta":{"_acf_changed":false,"om_disable_all_campaigns":false,"rop_custom_images_group":[],"rop_custom_messages_group":[],"rop_publish_now":"initial","rop_publish_now_accounts":{"twitter_242054905_242054905":""},"rop_publish_now_history":[],"rop_publish_now_status":"pending","_uf_show_specific_survey":0,"_uf_disable_surveys":false,"footnotes":""},"categories":[699],"tags":[],"class_list":["post-8726","post","type-post","status-publish","format-image","has-post-thumbnail","hentry","category-emprendimiento","post_format-post-format-image"],"acf":[],"aioseo_notices":[],"yoast_head":"<!-- This site is optimized with the Yoast SEO Premium plugin v24.9 (Yoast SEO v27.2) - https:\/\/yoast.com\/product\/yoast-seo-premium-wordpress\/ -->\n<title>Con un mensaje de cultura corporativa, Carlos Urbina recorre el pa\u00eds - M\u00e9xico<\/title>\n<meta name=\"robots\" content=\"index, follow, max-snippet:-1, max-image-preview:large, max-video-preview:-1\" \/>\n<link rel=\"canonical\" href=\"https:\/\/noti-america.com\/site\/mexico\/2022\/12\/01\/con-un-mensaje-de-cultura-corporativa-carlos-urbina-recorre-el-pais\/\" \/>\n<meta property=\"og:locale\" content=\"es_ES\" \/>\n<meta property=\"og:type\" content=\"article\" \/>\n<meta property=\"og:title\" content=\"Con un mensaje de cultura corporativa, Carlos Urbina recorre el pa\u00eds\" \/>\n<meta property=\"og:description\" content=\"Carlos Urbina , venezolano, acreditado por la C\u00e1mara Internacional de conferencista de Venezuela, recorre el pa\u00eds en busca de implantar una semilla de cultura corporativa con\u00a0 su mensaje\u00a0 \u201cTres claves para afrontar una crisis\u201d.&#046;&#046;&#046;\" \/>\n<meta property=\"og:url\" content=\"https:\/\/noti-america.com\/site\/mexico\/2022\/12\/01\/con-un-mensaje-de-cultura-corporativa-carlos-urbina-recorre-el-pais\/\" \/>\n<meta property=\"og:site_name\" content=\"M\u00e9xico\" \/>\n<meta property=\"article:published_time\" content=\"2022-12-01T15:54:26+00:00\" \/>\n<meta property=\"og:image\" content=\"https:\/\/noti-america.com\/site\/mexico\/wp-content\/uploads\/sites\/13\/2022\/12\/IMG-20221128-WA0016.jpg\" \/>\n\t<meta property=\"og:image:width\" content=\"1080\" \/>\n\t<meta property=\"og:image:height\" content=\"752\" \/>\n\t<meta property=\"og:image:type\" content=\"image\/jpeg\" \/>\n<meta name=\"author\" content=\"Yoelvzla\" \/>\n<meta name=\"twitter:card\" content=\"summary_large_image\" \/>\n<meta name=\"twitter:label1\" content=\"Escrito por\" \/>\n\t<meta name=\"twitter:data1\" content=\"Yoelvzla\" \/>\n\t<meta name=\"twitter:label2\" content=\"Tiempo estimado de lectura\" \/>\n\t<meta name=\"twitter:data2\" content=\"2 minutos\" \/>\n<script type=\"application\/ld+json\" class=\"yoast-schema-graph\">{\"@context\":\"https:\/\/schema.org\",\"@graph\":[{\"@type\":\"Article\",\"@id\":\"https:\/\/noti-america.com\/site\/mexico\/2022\/12\/01\/con-un-mensaje-de-cultura-corporativa-carlos-urbina-recorre-el-pais\/#article\",\"isPartOf\":{\"@id\":\"https:\/\/noti-america.com\/site\/mexico\/2022\/12\/01\/con-un-mensaje-de-cultura-corporativa-carlos-urbina-recorre-el-pais\/\"},\"author\":{\"name\":\"Yoelvzla\",\"@id\":\"https:\/\/noti-america.com\/site\/mexico\/#\/schema\/person\/376ccc7b3cc7a8d5a43c3ece07a43857\"},\"headline\":\"Con un mensaje de cultura corporativa, Carlos Urbina recorre el pa\u00eds\",\"datePublished\":\"2022-12-01T15:54:26+00:00\",\"mainEntityOfPage\":{\"@id\":\"https:\/\/noti-america.com\/site\/mexico\/2022\/12\/01\/con-un-mensaje-de-cultura-corporativa-carlos-urbina-recorre-el-pais\/\"},\"wordCount\":292,\"commentCount\":0,\"publisher\":{\"@id\":\"https:\/\/noti-america.com\/site\/mexico\/#organization\"},\"image\":{\"@id\":\"https:\/\/noti-america.com\/site\/mexico\/2022\/12\/01\/con-un-mensaje-de-cultura-corporativa-carlos-urbina-recorre-el-pais\/#primaryimage\"},\"thumbnailUrl\":\"https:\/\/noti-america.com\/site\/mexico\/wp-content\/uploads\/sites\/13\/2022\/12\/IMG-20221128-WA0016.jpg\",\"articleSection\":[\"Emprendimiento\"],\"inLanguage\":\"es\",\"potentialAction\":[{\"@type\":\"CommentAction\",\"name\":\"Comment\",\"target\":[\"https:\/\/noti-america.com\/site\/mexico\/2022\/12\/01\/con-un-mensaje-de-cultura-corporativa-carlos-urbina-recorre-el-pais\/#respond\"]}]},{\"@type\":\"WebPage\",\"@id\":\"https:\/\/noti-america.com\/site\/mexico\/2022\/12\/01\/con-un-mensaje-de-cultura-corporativa-carlos-urbina-recorre-el-pais\/\",\"url\":\"https:\/\/noti-america.com\/site\/mexico\/2022\/12\/01\/con-un-mensaje-de-cultura-corporativa-carlos-urbina-recorre-el-pais\/\",\"name\":\"Con un mensaje de cultura corporativa, Carlos Urbina recorre el pa\u00eds - M\u00e9xico\",\"isPartOf\":{\"@id\":\"https:\/\/noti-america.com\/site\/mexico\/#website\"},\"primaryImageOfPage\":{\"@id\":\"https:\/\/noti-america.com\/site\/mexico\/2022\/12\/01\/con-un-mensaje-de-cultura-corporativa-carlos-urbina-recorre-el-pais\/#primaryimage\"},\"image\":{\"@id\":\"https:\/\/noti-america.com\/site\/mexico\/2022\/12\/01\/con-un-mensaje-de-cultura-corporativa-carlos-urbina-recorre-el-pais\/#primaryimage\"},\"thumbnailUrl\":\"https:\/\/noti-america.com\/site\/mexico\/wp-content\/uploads\/sites\/13\/2022\/12\/IMG-20221128-WA0016.jpg\",\"datePublished\":\"2022-12-01T15:54:26+00:00\",\"breadcrumb\":{\"@id\":\"https:\/\/noti-america.com\/site\/mexico\/2022\/12\/01\/con-un-mensaje-de-cultura-corporativa-carlos-urbina-recorre-el-pais\/#breadcrumb\"},\"inLanguage\":\"es\",\"potentialAction\":[{\"@type\":\"ReadAction\",\"target\":[\"https:\/\/noti-america.com\/site\/mexico\/2022\/12\/01\/con-un-mensaje-de-cultura-corporativa-carlos-urbina-recorre-el-pais\/\"]}]},{\"@type\":\"ImageObject\",\"inLanguage\":\"es\",\"@id\":\"https:\/\/noti-america.com\/site\/mexico\/2022\/12\/01\/con-un-mensaje-de-cultura-corporativa-carlos-urbina-recorre-el-pais\/#primaryimage\",\"url\":\"https:\/\/noti-america.com\/site\/mexico\/wp-content\/uploads\/sites\/13\/2022\/12\/IMG-20221128-WA0016.jpg\",\"contentUrl\":\"https:\/\/noti-america.com\/site\/mexico\/wp-content\/uploads\/sites\/13\/2022\/12\/IMG-20221128-WA0016.jpg\",\"width\":1080,\"height\":752},{\"@type\":\"BreadcrumbList\",\"@id\":\"https:\/\/noti-america.com\/site\/mexico\/2022\/12\/01\/con-un-mensaje-de-cultura-corporativa-carlos-urbina-recorre-el-pais\/#breadcrumb\",\"itemListElement\":[{\"@type\":\"ListItem\",\"position\":1,\"name\":\"Portada\",\"item\":\"https:\/\/noti-america.com\/site\/mexico\/\"},{\"@type\":\"ListItem\",\"position\":2,\"name\":\"Con un mensaje de cultura corporativa, Carlos Urbina recorre el pa\u00eds\"}]},{\"@type\":\"WebSite\",\"@id\":\"https:\/\/noti-america.com\/site\/mexico\/#website\",\"url\":\"https:\/\/noti-america.com\/site\/mexico\/\",\"name\":\"M\u00e9xico | Noti-America.com\",\"description\":\"\",\"publisher\":{\"@id\":\"https:\/\/noti-america.com\/site\/mexico\/#organization\"},\"potentialAction\":[{\"@type\":\"SearchAction\",\"target\":{\"@type\":\"EntryPoint\",\"urlTemplate\":\"https:\/\/noti-america.com\/site\/mexico\/?s={search_term_string}\"},\"query-input\":{\"@type\":\"PropertyValueSpecification\",\"valueRequired\":true,\"valueName\":\"search_term_string\"}}],\"inLanguage\":\"es\"},{\"@type\":\"Organization\",\"@id\":\"https:\/\/noti-america.com\/site\/mexico\/#organization\",\"name\":\"Noti-America LLC | M\u00e9xico\",\"url\":\"https:\/\/noti-america.com\/site\/mexico\/\",\"logo\":{\"@type\":\"ImageObject\",\"inLanguage\":\"es\",\"@id\":\"https:\/\/noti-america.com\/site\/mexico\/#\/schema\/logo\/image\/\",\"url\":\"https:\/\/noti-america.com\/site\/mexico\/wp-content\/uploads\/sites\/13\/2020\/07\/LogoNA-4x3-1.jpg\",\"contentUrl\":\"https:\/\/noti-america.com\/site\/mexico\/wp-content\/uploads\/sites\/13\/2020\/07\/LogoNA-4x3-1.jpg\",\"width\":1236,\"height\":1080,\"caption\":\"Noti-America LLC | M\u00e9xico\"},\"image\":{\"@id\":\"https:\/\/noti-america.com\/site\/mexico\/#\/schema\/logo\/image\/\"}},{\"@type\":\"Person\",\"@id\":\"https:\/\/noti-america.com\/site\/mexico\/#\/schema\/person\/376ccc7b3cc7a8d5a43c3ece07a43857\",\"name\":\"Yoelvzla\",\"image\":{\"@type\":\"ImageObject\",\"inLanguage\":\"es\",\"@id\":\"https:\/\/secure.gravatar.com\/avatar\/13a96a72123e0e9aa76fe82e8847f726c63a1c5ef6a8d0fadd844c1a5a83b212?s=96&d=mm&r=g\",\"url\":\"https:\/\/secure.gravatar.com\/avatar\/13a96a72123e0e9aa76fe82e8847f726c63a1c5ef6a8d0fadd844c1a5a83b212?s=96&d=mm&r=g\",\"contentUrl\":\"https:\/\/secure.gravatar.com\/avatar\/13a96a72123e0e9aa76fe82e8847f726c63a1c5ef6a8d0fadd844c1a5a83b212?s=96&d=mm&r=g\",\"caption\":\"Yoelvzla\"},\"url\":\"https:\/\/noti-america.com\/site\/mexico\/author\/ydiaz\/\"}]}<\/script>\n<!-- \/ Yoast SEO Premium plugin. -->","yoast_head_json":{"title":"Con un mensaje de cultura corporativa, Carlos Urbina recorre el pa\u00eds - M\u00e9xico","robots":{"index":"index","follow":"follow","max-snippet":"max-snippet:-1","max-image-preview":"max-image-preview:large","max-video-preview":"max-video-preview:-1"},"canonical":"https:\/\/noti-america.com\/site\/mexico\/2022\/12\/01\/con-un-mensaje-de-cultura-corporativa-carlos-urbina-recorre-el-pais\/","og_locale":"es_ES","og_type":"article","og_title":"Con un mensaje de cultura corporativa, Carlos Urbina recorre el pa\u00eds","og_description":"Carlos Urbina , venezolano, acreditado por la C\u00e1mara Internacional de conferencista de Venezuela, recorre el pa\u00eds en busca de implantar una semilla de cultura corporativa con\u00a0 su mensaje\u00a0 \u201cTres claves para afrontar una crisis\u201d.&#46;&#46;&#46;","og_url":"https:\/\/noti-america.com\/site\/mexico\/2022\/12\/01\/con-un-mensaje-de-cultura-corporativa-carlos-urbina-recorre-el-pais\/","og_site_name":"M\u00e9xico","article_published_time":"2022-12-01T15:54:26+00:00","og_image":[{"width":1080,"height":752,"url":"https:\/\/noti-america.com\/site\/mexico\/wp-content\/uploads\/sites\/13\/2022\/12\/IMG-20221128-WA0016.jpg","type":"image\/jpeg"}],"author":"Yoelvzla","twitter_card":"summary_large_image","twitter_misc":{"Escrito por":"Yoelvzla","Tiempo estimado de lectura":"2 minutos"},"schema":{"@context":"https:\/\/schema.org","@graph":[{"@type":"Article","@id":"https:\/\/noti-america.com\/site\/mexico\/2022\/12\/01\/con-un-mensaje-de-cultura-corporativa-carlos-urbina-recorre-el-pais\/#article","isPartOf":{"@id":"https:\/\/noti-america.com\/site\/mexico\/2022\/12\/01\/con-un-mensaje-de-cultura-corporativa-carlos-urbina-recorre-el-pais\/"},"author":{"name":"Yoelvzla","@id":"https:\/\/noti-america.com\/site\/mexico\/#\/schema\/person\/376ccc7b3cc7a8d5a43c3ece07a43857"},"headline":"Con un mensaje de cultura corporativa, Carlos Urbina recorre el pa\u00eds","datePublished":"2022-12-01T15:54:26+00:00","mainEntityOfPage":{"@id":"https:\/\/noti-america.com\/site\/mexico\/2022\/12\/01\/con-un-mensaje-de-cultura-corporativa-carlos-urbina-recorre-el-pais\/"},"wordCount":292,"commentCount":0,"publisher":{"@id":"https:\/\/noti-america.com\/site\/mexico\/#organization"},"image":{"@id":"https:\/\/noti-america.com\/site\/mexico\/2022\/12\/01\/con-un-mensaje-de-cultura-corporativa-carlos-urbina-recorre-el-pais\/#primaryimage"},"thumbnailUrl":"https:\/\/noti-america.com\/site\/mexico\/wp-content\/uploads\/sites\/13\/2022\/12\/IMG-20221128-WA0016.jpg","articleSection":["Emprendimiento"],"inLanguage":"es","potentialAction":[{"@type":"CommentAction","name":"Comment","target":["https:\/\/noti-america.com\/site\/mexico\/2022\/12\/01\/con-un-mensaje-de-cultura-corporativa-carlos-urbina-recorre-el-pais\/#respond"]}]},{"@type":"WebPage","@id":"https:\/\/noti-america.com\/site\/mexico\/2022\/12\/01\/con-un-mensaje-de-cultura-corporativa-carlos-urbina-recorre-el-pais\/","url":"https:\/\/noti-america.com\/site\/mexico\/2022\/12\/01\/con-un-mensaje-de-cultura-corporativa-carlos-urbina-recorre-el-pais\/","name":"Con un mensaje de cultura corporativa, Carlos Urbina recorre el pa\u00eds - M\u00e9xico","isPartOf":{"@id":"https:\/\/noti-america.com\/site\/mexico\/#website"},"primaryImageOfPage":{"@id":"https:\/\/noti-america.com\/site\/mexico\/2022\/12\/01\/con-un-mensaje-de-cultura-corporativa-carlos-urbina-recorre-el-pais\/#primaryimage"},"image":{"@id":"https:\/\/noti-america.com\/site\/mexico\/2022\/12\/01\/con-un-mensaje-de-cultura-corporativa-carlos-urbina-recorre-el-pais\/#primaryimage"},"thumbnailUrl":"https:\/\/noti-america.com\/site\/mexico\/wp-content\/uploads\/sites\/13\/2022\/12\/IMG-20221128-WA0016.jpg","datePublished":"2022-12-01T15:54:26+00:00","breadcrumb":{"@id":"https:\/\/noti-america.com\/site\/mexico\/2022\/12\/01\/con-un-mensaje-de-cultura-corporativa-carlos-urbina-recorre-el-pais\/#breadcrumb"},"inLanguage":"es","potentialAction":[{"@type":"ReadAction","target":["https:\/\/noti-america.com\/site\/mexico\/2022\/12\/01\/con-un-mensaje-de-cultura-corporativa-carlos-urbina-recorre-el-pais\/"]}]},{"@type":"ImageObject","inLanguage":"es","@id":"https:\/\/noti-america.com\/site\/mexico\/2022\/12\/01\/con-un-mensaje-de-cultura-corporativa-carlos-urbina-recorre-el-pais\/#primaryimage","url":"https:\/\/noti-america.com\/site\/mexico\/wp-content\/uploads\/sites\/13\/2022\/12\/IMG-20221128-WA0016.jpg","contentUrl":"https:\/\/noti-america.com\/site\/mexico\/wp-content\/uploads\/sites\/13\/2022\/12\/IMG-20221128-WA0016.jpg","width":1080,"height":752},{"@type":"BreadcrumbList","@id":"https:\/\/noti-america.com\/site\/mexico\/2022\/12\/01\/con-un-mensaje-de-cultura-corporativa-carlos-urbina-recorre-el-pais\/#breadcrumb","itemListElement":[{"@type":"ListItem","position":1,"name":"Portada","item":"https:\/\/noti-america.com\/site\/mexico\/"},{"@type":"ListItem","position":2,"name":"Con un mensaje de cultura corporativa, Carlos Urbina recorre el pa\u00eds"}]},{"@type":"WebSite","@id":"https:\/\/noti-america.com\/site\/mexico\/#website","url":"https:\/\/noti-america.com\/site\/mexico\/","name":"M\u00e9xico | Noti-America.com","description":"","publisher":{"@id":"https:\/\/noti-america.com\/site\/mexico\/#organization"},"potentialAction":[{"@type":"SearchAction","target":{"@type":"EntryPoint","urlTemplate":"https:\/\/noti-america.com\/site\/mexico\/?s={search_term_string}"},"query-input":{"@type":"PropertyValueSpecification","valueRequired":true,"valueName":"search_term_string"}}],"inLanguage":"es"},{"@type":"Organization","@id":"https:\/\/noti-america.com\/site\/mexico\/#organization","name":"Noti-America LLC | M\u00e9xico","url":"https:\/\/noti-america.com\/site\/mexico\/","logo":{"@type":"ImageObject","inLanguage":"es","@id":"https:\/\/noti-america.com\/site\/mexico\/#\/schema\/logo\/image\/","url":"https:\/\/noti-america.com\/site\/mexico\/wp-content\/uploads\/sites\/13\/2020\/07\/LogoNA-4x3-1.jpg","contentUrl":"https:\/\/noti-america.com\/site\/mexico\/wp-content\/uploads\/sites\/13\/2020\/07\/LogoNA-4x3-1.jpg","width":1236,"height":1080,"caption":"Noti-America LLC | M\u00e9xico"},"image":{"@id":"https:\/\/noti-america.com\/site\/mexico\/#\/schema\/logo\/image\/"}},{"@type":"Person","@id":"https:\/\/noti-america.com\/site\/mexico\/#\/schema\/person\/376ccc7b3cc7a8d5a43c3ece07a43857","name":"Yoelvzla","image":{"@type":"ImageObject","inLanguage":"es","@id":"https:\/\/secure.gravatar.com\/avatar\/13a96a72123e0e9aa76fe82e8847f726c63a1c5ef6a8d0fadd844c1a5a83b212?s=96&d=mm&r=g","url":"https:\/\/secure.gravatar.com\/avatar\/13a96a72123e0e9aa76fe82e8847f726c63a1c5ef6a8d0fadd844c1a5a83b212?s=96&d=mm&r=g","contentUrl":"https:\/\/secure.gravatar.com\/avatar\/13a96a72123e0e9aa76fe82e8847f726c63a1c5ef6a8d0fadd844c1a5a83b212?s=96&d=mm&r=g","caption":"Yoelvzla"},"url":"https:\/\/noti-america.com\/site\/mexico\/author\/ydiaz\/"}]}},"_links":{"self":[{"href":"https:\/\/noti-america.com\/site\/mexico\/wp-json\/wp\/v2\/posts\/8726","targetHints":{"allow":["GET"]}}],"collection":[{"href":"https:\/\/noti-america.com\/site\/mexico\/wp-json\/wp\/v2\/posts"}],"about":[{"href":"https:\/\/noti-america.com\/site\/mexico\/wp-json\/wp\/v2\/types\/post"}],"author":[{"embeddable":true,"href":"https:\/\/noti-america.com\/site\/mexico\/wp-json\/wp\/v2\/users\/127"}],"replies":[{"embeddable":true,"href":"https:\/\/noti-america.com\/site\/mexico\/wp-json\/wp\/v2\/comments?post=8726"}],"version-history":[{"count":1,"href":"https:\/\/noti-america.com\/site\/mexico\/wp-json\/wp\/v2\/posts\/8726\/revisions"}],"predecessor-version":[{"id":8728,"href":"https:\/\/noti-america.com\/site\/mexico\/wp-json\/wp\/v2\/posts\/8726\/revisions\/8728"}],"wp:featuredmedia":[{"embeddable":true,"href":"https:\/\/noti-america.com\/site\/mexico\/wp-json\/wp\/v2\/media\/8727"}],"wp:attachment":[{"href":"https:\/\/noti-america.com\/site\/mexico\/wp-json\/wp\/v2\/media?parent=8726"}],"wp:term":[{"taxonomy":"category","embeddable":true,"href":"https:\/\/noti-america.com\/site\/mexico\/wp-json\/wp\/v2\/categories?post=8726"},{"taxonomy":"post_tag","embeddable":true,"href":"https:\/\/noti-america.com\/site\/mexico\/wp-json\/wp\/v2\/tags?post=8726"}],"curies":[{"name":"wp","href":"https:\/\/api.w.org\/{rel}","templated":true}]}}