{"id":8704,"date":"2022-11-28T15:49:49","date_gmt":"2022-11-28T15:49:49","guid":{"rendered":"https:\/\/noti-america.com\/site\/mexico\/?p=8704"},"modified":"2022-11-28T15:49:49","modified_gmt":"2022-11-28T15:49:49","slug":"efrannis-borja-cierra-su-2022-por-todo-lo-alto","status":"publish","type":"post","link":"https:\/\/noti-america.com\/site\/mexico\/2022\/11\/28\/efrannis-borja-cierra-su-2022-por-todo-lo-alto\/","title":{"rendered":"Efrannis Borja cierra su 2022 por todo lo alto"},"content":{"rendered":"<p>La empresaria y modelo <a href=\"https:\/\/www.instagram.com\/efrannisborja\/\"><strong>Efrannis Borja<\/strong><\/a> cierra su 2022 por todo lo alto, anunci\u00f3 en sus redes sociales la pr\u00f3xima apertura de su spa familiar, ubicado en el estado <strong>Zulia<\/strong>, con el fin de consentir a las marabinas para las fiestas de decembrina.<\/p>\n<p>&nbsp;<\/p>\n<p>Para <strong>Borja<\/strong> ha sido un a\u00f1o de retos y crecimientos, desde Instagram viene realizando concursos para llevar sonrisa a los hogares venezolanos, meses atr\u00e1s estuvo realizando un tour por el medio oriente, en cada destino que visite la criolla estar\u00e1 mostrando algunos datos curiosos de los pa\u00edses que se encuentre visitando, para motivar a sus seguidores a viajar y conocer el mundo.<\/p>\n<p>&nbsp;<\/p>\n<p>Para el mes de diciembre estar\u00e1 llevando sonrisas a los m\u00e1s peque\u00f1os de la casa con su fundaci\u00f3n sin fines de lucro <strong>\u201cMentes Brillantes\u201d<\/strong> donde tiene un compromiso en la capital de la gaita y la tierra que la vio nacer <strong>Palmarito, estado Lara<\/strong>, <strong>Efrannis<\/strong> asegur\u00f3 que estas fiestas son muy importantes para compartir con la familia.<\/p>\n<p>&nbsp;<\/p>\n<p>Para el pr\u00f3ximo a\u00f1o viene con nuevos destinos entre ellos <strong>M\u00e9xico<\/strong>, \u00a0el cual \u00a0tiene en su radar para conocer la <strong>cultura azteca<\/strong>.<\/p>\n","protected":false},"excerpt":{"rendered":"<p>La empresaria y modelo Efrannis Borja cierra su 2022 por todo lo alto, anunci\u00f3 en sus redes sociales la pr\u00f3xima apertura de su spa familiar, ubicado en el estado Zulia, con el fin de&#46;&#46;&#46;<\/p>\n","protected":false},"author":127,"featured_media":8596,"comment_status":"open","ping_status":"open","sticky":false,"template":"","format":"image","meta":{"_acf_changed":false,"om_disable_all_campaigns":false,"rop_custom_images_group":[],"rop_custom_messages_group":[],"rop_publish_now":"initial","rop_publish_now_accounts":{"twitter_242054905_242054905":""},"rop_publish_now_history":[],"rop_publish_now_status":"pending","_uf_show_specific_survey":0,"_uf_disable_surveys":false,"footnotes":""},"categories":[699,417],"tags":[907],"class_list":["post-8704","post","type-post","status-publish","format-image","has-post-thumbnail","hentry","category-emprendimiento","category-venezuela","tag-efrannisborja","post_format-post-format-image"],"acf":[],"aioseo_notices":[],"yoast_head":"<!-- This site is optimized with the Yoast SEO Premium plugin v24.9 (Yoast SEO v27.2) - https:\/\/yoast.com\/product\/yoast-seo-premium-wordpress\/ -->\n<title>Efrannis Borja cierra su 2022 por todo lo alto - M\u00e9xico<\/title>\n<meta name=\"robots\" content=\"index, follow, max-snippet:-1, max-image-preview:large, max-video-preview:-1\" \/>\n<link rel=\"canonical\" href=\"https:\/\/noti-america.com\/site\/mexico\/2022\/11\/28\/efrannis-borja-cierra-su-2022-por-todo-lo-alto\/\" \/>\n<meta property=\"og:locale\" content=\"es_ES\" \/>\n<meta property=\"og:type\" content=\"article\" \/>\n<meta property=\"og:title\" content=\"Efrannis Borja cierra su 2022 por todo lo alto\" \/>\n<meta property=\"og:description\" content=\"La empresaria y modelo Efrannis Borja cierra su 2022 por todo lo alto, anunci\u00f3 en sus redes sociales la pr\u00f3xima apertura de su spa familiar, ubicado en el estado Zulia, con el fin de&#046;&#046;&#046;\" \/>\n<meta property=\"og:url\" content=\"https:\/\/noti-america.com\/site\/mexico\/2022\/11\/28\/efrannis-borja-cierra-su-2022-por-todo-lo-alto\/\" \/>\n<meta property=\"og:site_name\" content=\"M\u00e9xico\" \/>\n<meta property=\"article:published_time\" content=\"2022-11-28T15:49:49+00:00\" \/>\n<meta property=\"og:image\" content=\"https:\/\/noti-america.com\/site\/mexico\/wp-content\/uploads\/sites\/13\/2022\/11\/gvg.jpg\" \/>\n\t<meta property=\"og:image:width\" content=\"1125\" \/>\n\t<meta property=\"og:image:height\" content=\"1216\" \/>\n\t<meta property=\"og:image:type\" content=\"image\/jpeg\" \/>\n<meta name=\"author\" content=\"Yoelvzla\" \/>\n<meta name=\"twitter:card\" content=\"summary_large_image\" \/>\n<meta name=\"twitter:label1\" content=\"Escrito por\" \/>\n\t<meta name=\"twitter:data1\" content=\"Yoelvzla\" \/>\n\t<meta name=\"twitter:label2\" content=\"Tiempo estimado de lectura\" \/>\n\t<meta name=\"twitter:data2\" content=\"1 minuto\" \/>\n<script type=\"application\/ld+json\" class=\"yoast-schema-graph\">{\"@context\":\"https:\/\/schema.org\",\"@graph\":[{\"@type\":\"Article\",\"@id\":\"https:\/\/noti-america.com\/site\/mexico\/2022\/11\/28\/efrannis-borja-cierra-su-2022-por-todo-lo-alto\/#article\",\"isPartOf\":{\"@id\":\"https:\/\/noti-america.com\/site\/mexico\/2022\/11\/28\/efrannis-borja-cierra-su-2022-por-todo-lo-alto\/\"},\"author\":{\"name\":\"Yoelvzla\",\"@id\":\"https:\/\/noti-america.com\/site\/mexico\/#\/schema\/person\/376ccc7b3cc7a8d5a43c3ece07a43857\"},\"headline\":\"Efrannis Borja cierra su 2022 por todo lo alto\",\"datePublished\":\"2022-11-28T15:49:49+00:00\",\"mainEntityOfPage\":{\"@id\":\"https:\/\/noti-america.com\/site\/mexico\/2022\/11\/28\/efrannis-borja-cierra-su-2022-por-todo-lo-alto\/\"},\"wordCount\":204,\"commentCount\":0,\"publisher\":{\"@id\":\"https:\/\/noti-america.com\/site\/mexico\/#organization\"},\"image\":{\"@id\":\"https:\/\/noti-america.com\/site\/mexico\/2022\/11\/28\/efrannis-borja-cierra-su-2022-por-todo-lo-alto\/#primaryimage\"},\"thumbnailUrl\":\"https:\/\/noti-america.com\/site\/mexico\/wp-content\/uploads\/sites\/13\/2022\/11\/gvg.jpg\",\"keywords\":[\"#EfrannisBorja\"],\"articleSection\":[\"Emprendimiento\",\"Venezuela\"],\"inLanguage\":\"es\",\"potentialAction\":[{\"@type\":\"CommentAction\",\"name\":\"Comment\",\"target\":[\"https:\/\/noti-america.com\/site\/mexico\/2022\/11\/28\/efrannis-borja-cierra-su-2022-por-todo-lo-alto\/#respond\"]}]},{\"@type\":\"WebPage\",\"@id\":\"https:\/\/noti-america.com\/site\/mexico\/2022\/11\/28\/efrannis-borja-cierra-su-2022-por-todo-lo-alto\/\",\"url\":\"https:\/\/noti-america.com\/site\/mexico\/2022\/11\/28\/efrannis-borja-cierra-su-2022-por-todo-lo-alto\/\",\"name\":\"Efrannis Borja cierra su 2022 por todo lo alto - M\u00e9xico\",\"isPartOf\":{\"@id\":\"https:\/\/noti-america.com\/site\/mexico\/#website\"},\"primaryImageOfPage\":{\"@id\":\"https:\/\/noti-america.com\/site\/mexico\/2022\/11\/28\/efrannis-borja-cierra-su-2022-por-todo-lo-alto\/#primaryimage\"},\"image\":{\"@id\":\"https:\/\/noti-america.com\/site\/mexico\/2022\/11\/28\/efrannis-borja-cierra-su-2022-por-todo-lo-alto\/#primaryimage\"},\"thumbnailUrl\":\"https:\/\/noti-america.com\/site\/mexico\/wp-content\/uploads\/sites\/13\/2022\/11\/gvg.jpg\",\"datePublished\":\"2022-11-28T15:49:49+00:00\",\"breadcrumb\":{\"@id\":\"https:\/\/noti-america.com\/site\/mexico\/2022\/11\/28\/efrannis-borja-cierra-su-2022-por-todo-lo-alto\/#breadcrumb\"},\"inLanguage\":\"es\",\"potentialAction\":[{\"@type\":\"ReadAction\",\"target\":[\"https:\/\/noti-america.com\/site\/mexico\/2022\/11\/28\/efrannis-borja-cierra-su-2022-por-todo-lo-alto\/\"]}]},{\"@type\":\"ImageObject\",\"inLanguage\":\"es\",\"@id\":\"https:\/\/noti-america.com\/site\/mexico\/2022\/11\/28\/efrannis-borja-cierra-su-2022-por-todo-lo-alto\/#primaryimage\",\"url\":\"https:\/\/noti-america.com\/site\/mexico\/wp-content\/uploads\/sites\/13\/2022\/11\/gvg.jpg\",\"contentUrl\":\"https:\/\/noti-america.com\/site\/mexico\/wp-content\/uploads\/sites\/13\/2022\/11\/gvg.jpg\",\"width\":1125,\"height\":1216},{\"@type\":\"BreadcrumbList\",\"@id\":\"https:\/\/noti-america.com\/site\/mexico\/2022\/11\/28\/efrannis-borja-cierra-su-2022-por-todo-lo-alto\/#breadcrumb\",\"itemListElement\":[{\"@type\":\"ListItem\",\"position\":1,\"name\":\"Portada\",\"item\":\"https:\/\/noti-america.com\/site\/mexico\/\"},{\"@type\":\"ListItem\",\"position\":2,\"name\":\"Efrannis Borja cierra su 2022 por todo lo alto\"}]},{\"@type\":\"WebSite\",\"@id\":\"https:\/\/noti-america.com\/site\/mexico\/#website\",\"url\":\"https:\/\/noti-america.com\/site\/mexico\/\",\"name\":\"M\u00e9xico | Noti-America.com\",\"description\":\"\",\"publisher\":{\"@id\":\"https:\/\/noti-america.com\/site\/mexico\/#organization\"},\"potentialAction\":[{\"@type\":\"SearchAction\",\"target\":{\"@type\":\"EntryPoint\",\"urlTemplate\":\"https:\/\/noti-america.com\/site\/mexico\/?s={search_term_string}\"},\"query-input\":{\"@type\":\"PropertyValueSpecification\",\"valueRequired\":true,\"valueName\":\"search_term_string\"}}],\"inLanguage\":\"es\"},{\"@type\":\"Organization\",\"@id\":\"https:\/\/noti-america.com\/site\/mexico\/#organization\",\"name\":\"Noti-America LLC | M\u00e9xico\",\"url\":\"https:\/\/noti-america.com\/site\/mexico\/\",\"logo\":{\"@type\":\"ImageObject\",\"inLanguage\":\"es\",\"@id\":\"https:\/\/noti-america.com\/site\/mexico\/#\/schema\/logo\/image\/\",\"url\":\"https:\/\/noti-america.com\/site\/mexico\/wp-content\/uploads\/sites\/13\/2020\/07\/LogoNA-4x3-1.jpg\",\"contentUrl\":\"https:\/\/noti-america.com\/site\/mexico\/wp-content\/uploads\/sites\/13\/2020\/07\/LogoNA-4x3-1.jpg\",\"width\":1236,\"height\":1080,\"caption\":\"Noti-America LLC | M\u00e9xico\"},\"image\":{\"@id\":\"https:\/\/noti-america.com\/site\/mexico\/#\/schema\/logo\/image\/\"}},{\"@type\":\"Person\",\"@id\":\"https:\/\/noti-america.com\/site\/mexico\/#\/schema\/person\/376ccc7b3cc7a8d5a43c3ece07a43857\",\"name\":\"Yoelvzla\",\"image\":{\"@type\":\"ImageObject\",\"inLanguage\":\"es\",\"@id\":\"https:\/\/secure.gravatar.com\/avatar\/13a96a72123e0e9aa76fe82e8847f726c63a1c5ef6a8d0fadd844c1a5a83b212?s=96&d=mm&r=g\",\"url\":\"https:\/\/secure.gravatar.com\/avatar\/13a96a72123e0e9aa76fe82e8847f726c63a1c5ef6a8d0fadd844c1a5a83b212?s=96&d=mm&r=g\",\"contentUrl\":\"https:\/\/secure.gravatar.com\/avatar\/13a96a72123e0e9aa76fe82e8847f726c63a1c5ef6a8d0fadd844c1a5a83b212?s=96&d=mm&r=g\",\"caption\":\"Yoelvzla\"},\"url\":\"https:\/\/noti-america.com\/site\/mexico\/author\/ydiaz\/\"}]}<\/script>\n<!-- \/ Yoast SEO Premium plugin. -->","yoast_head_json":{"title":"Efrannis Borja cierra su 2022 por todo lo alto - M\u00e9xico","robots":{"index":"index","follow":"follow","max-snippet":"max-snippet:-1","max-image-preview":"max-image-preview:large","max-video-preview":"max-video-preview:-1"},"canonical":"https:\/\/noti-america.com\/site\/mexico\/2022\/11\/28\/efrannis-borja-cierra-su-2022-por-todo-lo-alto\/","og_locale":"es_ES","og_type":"article","og_title":"Efrannis Borja cierra su 2022 por todo lo alto","og_description":"La empresaria y modelo Efrannis Borja cierra su 2022 por todo lo alto, anunci\u00f3 en sus redes sociales la pr\u00f3xima apertura de su spa familiar, ubicado en el estado Zulia, con el fin de&#46;&#46;&#46;","og_url":"https:\/\/noti-america.com\/site\/mexico\/2022\/11\/28\/efrannis-borja-cierra-su-2022-por-todo-lo-alto\/","og_site_name":"M\u00e9xico","article_published_time":"2022-11-28T15:49:49+00:00","og_image":[{"width":1125,"height":1216,"url":"https:\/\/noti-america.com\/site\/mexico\/wp-content\/uploads\/sites\/13\/2022\/11\/gvg.jpg","type":"image\/jpeg"}],"author":"Yoelvzla","twitter_card":"summary_large_image","twitter_misc":{"Escrito por":"Yoelvzla","Tiempo estimado de lectura":"1 minuto"},"schema":{"@context":"https:\/\/schema.org","@graph":[{"@type":"Article","@id":"https:\/\/noti-america.com\/site\/mexico\/2022\/11\/28\/efrannis-borja-cierra-su-2022-por-todo-lo-alto\/#article","isPartOf":{"@id":"https:\/\/noti-america.com\/site\/mexico\/2022\/11\/28\/efrannis-borja-cierra-su-2022-por-todo-lo-alto\/"},"author":{"name":"Yoelvzla","@id":"https:\/\/noti-america.com\/site\/mexico\/#\/schema\/person\/376ccc7b3cc7a8d5a43c3ece07a43857"},"headline":"Efrannis Borja cierra su 2022 por todo lo alto","datePublished":"2022-11-28T15:49:49+00:00","mainEntityOfPage":{"@id":"https:\/\/noti-america.com\/site\/mexico\/2022\/11\/28\/efrannis-borja-cierra-su-2022-por-todo-lo-alto\/"},"wordCount":204,"commentCount":0,"publisher":{"@id":"https:\/\/noti-america.com\/site\/mexico\/#organization"},"image":{"@id":"https:\/\/noti-america.com\/site\/mexico\/2022\/11\/28\/efrannis-borja-cierra-su-2022-por-todo-lo-alto\/#primaryimage"},"thumbnailUrl":"https:\/\/noti-america.com\/site\/mexico\/wp-content\/uploads\/sites\/13\/2022\/11\/gvg.jpg","keywords":["#EfrannisBorja"],"articleSection":["Emprendimiento","Venezuela"],"inLanguage":"es","potentialAction":[{"@type":"CommentAction","name":"Comment","target":["https:\/\/noti-america.com\/site\/mexico\/2022\/11\/28\/efrannis-borja-cierra-su-2022-por-todo-lo-alto\/#respond"]}]},{"@type":"WebPage","@id":"https:\/\/noti-america.com\/site\/mexico\/2022\/11\/28\/efrannis-borja-cierra-su-2022-por-todo-lo-alto\/","url":"https:\/\/noti-america.com\/site\/mexico\/2022\/11\/28\/efrannis-borja-cierra-su-2022-por-todo-lo-alto\/","name":"Efrannis Borja cierra su 2022 por todo lo alto - M\u00e9xico","isPartOf":{"@id":"https:\/\/noti-america.com\/site\/mexico\/#website"},"primaryImageOfPage":{"@id":"https:\/\/noti-america.com\/site\/mexico\/2022\/11\/28\/efrannis-borja-cierra-su-2022-por-todo-lo-alto\/#primaryimage"},"image":{"@id":"https:\/\/noti-america.com\/site\/mexico\/2022\/11\/28\/efrannis-borja-cierra-su-2022-por-todo-lo-alto\/#primaryimage"},"thumbnailUrl":"https:\/\/noti-america.com\/site\/mexico\/wp-content\/uploads\/sites\/13\/2022\/11\/gvg.jpg","datePublished":"2022-11-28T15:49:49+00:00","breadcrumb":{"@id":"https:\/\/noti-america.com\/site\/mexico\/2022\/11\/28\/efrannis-borja-cierra-su-2022-por-todo-lo-alto\/#breadcrumb"},"inLanguage":"es","potentialAction":[{"@type":"ReadAction","target":["https:\/\/noti-america.com\/site\/mexico\/2022\/11\/28\/efrannis-borja-cierra-su-2022-por-todo-lo-alto\/"]}]},{"@type":"ImageObject","inLanguage":"es","@id":"https:\/\/noti-america.com\/site\/mexico\/2022\/11\/28\/efrannis-borja-cierra-su-2022-por-todo-lo-alto\/#primaryimage","url":"https:\/\/noti-america.com\/site\/mexico\/wp-content\/uploads\/sites\/13\/2022\/11\/gvg.jpg","contentUrl":"https:\/\/noti-america.com\/site\/mexico\/wp-content\/uploads\/sites\/13\/2022\/11\/gvg.jpg","width":1125,"height":1216},{"@type":"BreadcrumbList","@id":"https:\/\/noti-america.com\/site\/mexico\/2022\/11\/28\/efrannis-borja-cierra-su-2022-por-todo-lo-alto\/#breadcrumb","itemListElement":[{"@type":"ListItem","position":1,"name":"Portada","item":"https:\/\/noti-america.com\/site\/mexico\/"},{"@type":"ListItem","position":2,"name":"Efrannis Borja cierra su 2022 por todo lo alto"}]},{"@type":"WebSite","@id":"https:\/\/noti-america.com\/site\/mexico\/#website","url":"https:\/\/noti-america.com\/site\/mexico\/","name":"M\u00e9xico | Noti-America.com","description":"","publisher":{"@id":"https:\/\/noti-america.com\/site\/mexico\/#organization"},"potentialAction":[{"@type":"SearchAction","target":{"@type":"EntryPoint","urlTemplate":"https:\/\/noti-america.com\/site\/mexico\/?s={search_term_string}"},"query-input":{"@type":"PropertyValueSpecification","valueRequired":true,"valueName":"search_term_string"}}],"inLanguage":"es"},{"@type":"Organization","@id":"https:\/\/noti-america.com\/site\/mexico\/#organization","name":"Noti-America LLC | M\u00e9xico","url":"https:\/\/noti-america.com\/site\/mexico\/","logo":{"@type":"ImageObject","inLanguage":"es","@id":"https:\/\/noti-america.com\/site\/mexico\/#\/schema\/logo\/image\/","url":"https:\/\/noti-america.com\/site\/mexico\/wp-content\/uploads\/sites\/13\/2020\/07\/LogoNA-4x3-1.jpg","contentUrl":"https:\/\/noti-america.com\/site\/mexico\/wp-content\/uploads\/sites\/13\/2020\/07\/LogoNA-4x3-1.jpg","width":1236,"height":1080,"caption":"Noti-America LLC | M\u00e9xico"},"image":{"@id":"https:\/\/noti-america.com\/site\/mexico\/#\/schema\/logo\/image\/"}},{"@type":"Person","@id":"https:\/\/noti-america.com\/site\/mexico\/#\/schema\/person\/376ccc7b3cc7a8d5a43c3ece07a43857","name":"Yoelvzla","image":{"@type":"ImageObject","inLanguage":"es","@id":"https:\/\/secure.gravatar.com\/avatar\/13a96a72123e0e9aa76fe82e8847f726c63a1c5ef6a8d0fadd844c1a5a83b212?s=96&d=mm&r=g","url":"https:\/\/secure.gravatar.com\/avatar\/13a96a72123e0e9aa76fe82e8847f726c63a1c5ef6a8d0fadd844c1a5a83b212?s=96&d=mm&r=g","contentUrl":"https:\/\/secure.gravatar.com\/avatar\/13a96a72123e0e9aa76fe82e8847f726c63a1c5ef6a8d0fadd844c1a5a83b212?s=96&d=mm&r=g","caption":"Yoelvzla"},"url":"https:\/\/noti-america.com\/site\/mexico\/author\/ydiaz\/"}]}},"_links":{"self":[{"href":"https:\/\/noti-america.com\/site\/mexico\/wp-json\/wp\/v2\/posts\/8704","targetHints":{"allow":["GET"]}}],"collection":[{"href":"https:\/\/noti-america.com\/site\/mexico\/wp-json\/wp\/v2\/posts"}],"about":[{"href":"https:\/\/noti-america.com\/site\/mexico\/wp-json\/wp\/v2\/types\/post"}],"author":[{"embeddable":true,"href":"https:\/\/noti-america.com\/site\/mexico\/wp-json\/wp\/v2\/users\/127"}],"replies":[{"embeddable":true,"href":"https:\/\/noti-america.com\/site\/mexico\/wp-json\/wp\/v2\/comments?post=8704"}],"version-history":[{"count":1,"href":"https:\/\/noti-america.com\/site\/mexico\/wp-json\/wp\/v2\/posts\/8704\/revisions"}],"predecessor-version":[{"id":8706,"href":"https:\/\/noti-america.com\/site\/mexico\/wp-json\/wp\/v2\/posts\/8704\/revisions\/8706"}],"wp:featuredmedia":[{"embeddable":true,"href":"https:\/\/noti-america.com\/site\/mexico\/wp-json\/wp\/v2\/media\/8596"}],"wp:attachment":[{"href":"https:\/\/noti-america.com\/site\/mexico\/wp-json\/wp\/v2\/media?parent=8704"}],"wp:term":[{"taxonomy":"category","embeddable":true,"href":"https:\/\/noti-america.com\/site\/mexico\/wp-json\/wp\/v2\/categories?post=8704"},{"taxonomy":"post_tag","embeddable":true,"href":"https:\/\/noti-america.com\/site\/mexico\/wp-json\/wp\/v2\/tags?post=8704"}],"curies":[{"name":"wp","href":"https:\/\/api.w.org\/{rel}","templated":true}]}}