{"id":8584,"date":"2022-11-03T14:46:43","date_gmt":"2022-11-03T14:46:43","guid":{"rendered":"https:\/\/noti-america.com\/site\/mexico\/?p=8584"},"modified":"2022-11-03T14:46:43","modified_gmt":"2022-11-03T14:46:43","slug":"oktober-fest-llenara-de-magia-a-la-colonia-tovar","status":"publish","type":"post","link":"https:\/\/noti-america.com\/site\/mexico\/2022\/11\/03\/oktober-fest-llenara-de-magia-a-la-colonia-tovar\/","title":{"rendered":"\u00abOktober Fest\u00bb llenar\u00e1 de magia a la Colonia Tovar..!!"},"content":{"rendered":"<p>Este 19 y 20 de noviembre, la <strong>Colonia Tovar<\/strong> se viste de fiesta con una explosi\u00f3n de tradici\u00f3n y celebraci\u00f3n musical, con el \u00fanico y original <strong>\u201cOktober Fest<\/strong>\u201d, que se presentar\u00e1 en esta tur\u00edstica regi\u00f3n arag\u00fce\u00f1a para el entretenimiento de todo p\u00fablico.<\/p>\n<p>\u201cOktober Fest\u201d es la celebraci\u00f3n m\u00e1s grande de Alemania que se realiza a\u00f1o tras a\u00f1os por todo lo alto y tras dos a\u00f1os de ausencia, regresa a lo grande a la Colonia Tovar con danzas, juegos, yincanas, m\u00fasica en vivo, ventas de artesan\u00eda, dulcer\u00eda t\u00edpica, gastronom\u00eda alemana y sobre todo la zona cervecera que no puede faltar en esta festividad tan especial y t\u00edpica de esta regi\u00f3n, que siempre atrae al p\u00fablico caraque\u00f1o, arag\u00fce\u00f1o y de varias partes del pa\u00eds.<\/p>\n<p>La cita es en el <strong>Hotel Selva Negra<\/strong> de la Colonia Tovar, donde vivir\u00e1s una experiencia inolvidable con diversas opciones de entretenimiento y un cartel art\u00edstico que abarca las presentaciones de las bandas de rock: The Garage, La Rockola y Malib\u00fa Brothers, adem\u00e1s de los grupos Danzas Tovarervolkstanz y Danzas Jaramillo.<\/p>\n<p>Ya se pueden adquirir las entradas para el \u00fanico y original \u201cOktober Fest\u201d en la Colonia Tovar, a trav\u00e9s de la p\u00e1gina web de Ticketmundo (Instagram: <strong>@ticketmundo_ve<\/strong> ), hoteles y posadas de la Colonia y por los tel\u00e9fonos: <strong>0412-0296915<\/strong>, <strong>0412-5751315<\/strong> y\u00a0 <strong>0412-3643207<\/strong>; reservando las fechas del s\u00e1bado 19 y domingo 20 de noviembre, bajo la producci\u00f3n de Thiene Producer (<strong>@thieneproducer<\/strong>).<\/p>\n<p>Link de compra online:<\/p>\n<p><a href=\"https:\/\/ticketsve.ticketmundo.com\/event\/2208\">https:\/\/ticketsve.ticketmundo.com\/event\/2208<\/a><\/p>\n","protected":false},"excerpt":{"rendered":"<p>Este 19 y 20 de noviembre, la Colonia Tovar se viste de fiesta con una explosi\u00f3n de tradici\u00f3n y celebraci\u00f3n musical, con el \u00fanico y original \u201cOktober Fest\u201d, que se presentar\u00e1 en esta tur\u00edstica&#46;&#46;&#46;<\/p>\n","protected":false},"author":127,"featured_media":8586,"comment_status":"open","ping_status":"open","sticky":false,"template":"","format":"image","meta":{"_acf_changed":false,"om_disable_all_campaigns":false,"rop_custom_images_group":[],"rop_custom_messages_group":[],"rop_publish_now":"initial","rop_publish_now_accounts":{"twitter_242054905_242054905":""},"rop_publish_now_history":[],"rop_publish_now_status":"pending","_uf_show_specific_survey":0,"_uf_disable_surveys":false,"footnotes":""},"categories":[739,417],"tags":[],"class_list":["post-8584","post","type-post","status-publish","format-image","has-post-thumbnail","hentry","category-turismo-2","category-venezuela","post_format-post-format-image"],"acf":[],"aioseo_notices":[],"yoast_head":"<!-- This site is optimized with the Yoast SEO Premium plugin v24.9 (Yoast SEO v27.2) - https:\/\/yoast.com\/product\/yoast-seo-premium-wordpress\/ -->\n<title>&quot;Oktober Fest&quot; llenar\u00e1 de magia a la Colonia Tovar..!! - M\u00e9xico<\/title>\n<meta name=\"robots\" content=\"index, follow, max-snippet:-1, max-image-preview:large, max-video-preview:-1\" \/>\n<link rel=\"canonical\" href=\"https:\/\/noti-america.com\/site\/mexico\/2022\/11\/03\/oktober-fest-llenara-de-magia-a-la-colonia-tovar\/\" \/>\n<meta property=\"og:locale\" content=\"es_ES\" \/>\n<meta property=\"og:type\" content=\"article\" \/>\n<meta property=\"og:title\" content=\"&quot;Oktober Fest&quot; llenar\u00e1 de magia a la Colonia Tovar..!!\" \/>\n<meta property=\"og:description\" content=\"Este 19 y 20 de noviembre, la Colonia Tovar se viste de fiesta con una explosi\u00f3n de tradici\u00f3n y celebraci\u00f3n musical, con el \u00fanico y original \u201cOktober Fest\u201d, que se presentar\u00e1 en esta tur\u00edstica&#046;&#046;&#046;\" \/>\n<meta property=\"og:url\" content=\"https:\/\/noti-america.com\/site\/mexico\/2022\/11\/03\/oktober-fest-llenara-de-magia-a-la-colonia-tovar\/\" \/>\n<meta property=\"og:site_name\" content=\"M\u00e9xico\" \/>\n<meta property=\"article:published_time\" content=\"2022-11-03T14:46:43+00:00\" \/>\n<meta property=\"og:image\" content=\"https:\/\/noti-america.com\/site\/mexico\/wp-content\/uploads\/sites\/13\/2022\/11\/Oktober-Fest-2022-Colonia-Tovar-18341.jpg\" \/>\n\t<meta property=\"og:image:width\" content=\"1080\" \/>\n\t<meta property=\"og:image:height\" content=\"1080\" \/>\n\t<meta property=\"og:image:type\" content=\"image\/jpeg\" \/>\n<meta name=\"author\" content=\"Yoelvzla\" \/>\n<meta name=\"twitter:card\" content=\"summary_large_image\" \/>\n<meta name=\"twitter:label1\" content=\"Escrito por\" \/>\n\t<meta name=\"twitter:data1\" content=\"Yoelvzla\" \/>\n\t<meta name=\"twitter:label2\" content=\"Tiempo estimado de lectura\" \/>\n\t<meta name=\"twitter:data2\" content=\"2 minutos\" \/>\n<script type=\"application\/ld+json\" class=\"yoast-schema-graph\">{\"@context\":\"https:\/\/schema.org\",\"@graph\":[{\"@type\":\"Article\",\"@id\":\"https:\/\/noti-america.com\/site\/mexico\/2022\/11\/03\/oktober-fest-llenara-de-magia-a-la-colonia-tovar\/#article\",\"isPartOf\":{\"@id\":\"https:\/\/noti-america.com\/site\/mexico\/2022\/11\/03\/oktober-fest-llenara-de-magia-a-la-colonia-tovar\/\"},\"author\":{\"name\":\"Yoelvzla\",\"@id\":\"https:\/\/noti-america.com\/site\/mexico\/#\/schema\/person\/376ccc7b3cc7a8d5a43c3ece07a43857\"},\"headline\":\"\u00abOktober Fest\u00bb llenar\u00e1 de magia a la Colonia Tovar..!!\",\"datePublished\":\"2022-11-03T14:46:43+00:00\",\"mainEntityOfPage\":{\"@id\":\"https:\/\/noti-america.com\/site\/mexico\/2022\/11\/03\/oktober-fest-llenara-de-magia-a-la-colonia-tovar\/\"},\"wordCount\":280,\"commentCount\":0,\"publisher\":{\"@id\":\"https:\/\/noti-america.com\/site\/mexico\/#organization\"},\"image\":{\"@id\":\"https:\/\/noti-america.com\/site\/mexico\/2022\/11\/03\/oktober-fest-llenara-de-magia-a-la-colonia-tovar\/#primaryimage\"},\"thumbnailUrl\":\"https:\/\/noti-america.com\/site\/mexico\/wp-content\/uploads\/sites\/13\/2022\/11\/Oktober-Fest-2022-Colonia-Tovar-18341.jpg\",\"articleSection\":[\"Turismo\",\"Venezuela\"],\"inLanguage\":\"es\",\"potentialAction\":[{\"@type\":\"CommentAction\",\"name\":\"Comment\",\"target\":[\"https:\/\/noti-america.com\/site\/mexico\/2022\/11\/03\/oktober-fest-llenara-de-magia-a-la-colonia-tovar\/#respond\"]}]},{\"@type\":\"WebPage\",\"@id\":\"https:\/\/noti-america.com\/site\/mexico\/2022\/11\/03\/oktober-fest-llenara-de-magia-a-la-colonia-tovar\/\",\"url\":\"https:\/\/noti-america.com\/site\/mexico\/2022\/11\/03\/oktober-fest-llenara-de-magia-a-la-colonia-tovar\/\",\"name\":\"\\\"Oktober Fest\\\" llenar\u00e1 de magia a la Colonia Tovar..!! - M\u00e9xico\",\"isPartOf\":{\"@id\":\"https:\/\/noti-america.com\/site\/mexico\/#website\"},\"primaryImageOfPage\":{\"@id\":\"https:\/\/noti-america.com\/site\/mexico\/2022\/11\/03\/oktober-fest-llenara-de-magia-a-la-colonia-tovar\/#primaryimage\"},\"image\":{\"@id\":\"https:\/\/noti-america.com\/site\/mexico\/2022\/11\/03\/oktober-fest-llenara-de-magia-a-la-colonia-tovar\/#primaryimage\"},\"thumbnailUrl\":\"https:\/\/noti-america.com\/site\/mexico\/wp-content\/uploads\/sites\/13\/2022\/11\/Oktober-Fest-2022-Colonia-Tovar-18341.jpg\",\"datePublished\":\"2022-11-03T14:46:43+00:00\",\"breadcrumb\":{\"@id\":\"https:\/\/noti-america.com\/site\/mexico\/2022\/11\/03\/oktober-fest-llenara-de-magia-a-la-colonia-tovar\/#breadcrumb\"},\"inLanguage\":\"es\",\"potentialAction\":[{\"@type\":\"ReadAction\",\"target\":[\"https:\/\/noti-america.com\/site\/mexico\/2022\/11\/03\/oktober-fest-llenara-de-magia-a-la-colonia-tovar\/\"]}]},{\"@type\":\"ImageObject\",\"inLanguage\":\"es\",\"@id\":\"https:\/\/noti-america.com\/site\/mexico\/2022\/11\/03\/oktober-fest-llenara-de-magia-a-la-colonia-tovar\/#primaryimage\",\"url\":\"https:\/\/noti-america.com\/site\/mexico\/wp-content\/uploads\/sites\/13\/2022\/11\/Oktober-Fest-2022-Colonia-Tovar-18341.jpg\",\"contentUrl\":\"https:\/\/noti-america.com\/site\/mexico\/wp-content\/uploads\/sites\/13\/2022\/11\/Oktober-Fest-2022-Colonia-Tovar-18341.jpg\",\"width\":1080,\"height\":1080},{\"@type\":\"BreadcrumbList\",\"@id\":\"https:\/\/noti-america.com\/site\/mexico\/2022\/11\/03\/oktober-fest-llenara-de-magia-a-la-colonia-tovar\/#breadcrumb\",\"itemListElement\":[{\"@type\":\"ListItem\",\"position\":1,\"name\":\"Portada\",\"item\":\"https:\/\/noti-america.com\/site\/mexico\/\"},{\"@type\":\"ListItem\",\"position\":2,\"name\":\"\u00abOktober Fest\u00bb llenar\u00e1 de magia a la Colonia Tovar..!!\"}]},{\"@type\":\"WebSite\",\"@id\":\"https:\/\/noti-america.com\/site\/mexico\/#website\",\"url\":\"https:\/\/noti-america.com\/site\/mexico\/\",\"name\":\"M\u00e9xico | Noti-America.com\",\"description\":\"\",\"publisher\":{\"@id\":\"https:\/\/noti-america.com\/site\/mexico\/#organization\"},\"potentialAction\":[{\"@type\":\"SearchAction\",\"target\":{\"@type\":\"EntryPoint\",\"urlTemplate\":\"https:\/\/noti-america.com\/site\/mexico\/?s={search_term_string}\"},\"query-input\":{\"@type\":\"PropertyValueSpecification\",\"valueRequired\":true,\"valueName\":\"search_term_string\"}}],\"inLanguage\":\"es\"},{\"@type\":\"Organization\",\"@id\":\"https:\/\/noti-america.com\/site\/mexico\/#organization\",\"name\":\"Noti-America LLC | M\u00e9xico\",\"url\":\"https:\/\/noti-america.com\/site\/mexico\/\",\"logo\":{\"@type\":\"ImageObject\",\"inLanguage\":\"es\",\"@id\":\"https:\/\/noti-america.com\/site\/mexico\/#\/schema\/logo\/image\/\",\"url\":\"https:\/\/noti-america.com\/site\/mexico\/wp-content\/uploads\/sites\/13\/2020\/07\/LogoNA-4x3-1.jpg\",\"contentUrl\":\"https:\/\/noti-america.com\/site\/mexico\/wp-content\/uploads\/sites\/13\/2020\/07\/LogoNA-4x3-1.jpg\",\"width\":1236,\"height\":1080,\"caption\":\"Noti-America LLC | M\u00e9xico\"},\"image\":{\"@id\":\"https:\/\/noti-america.com\/site\/mexico\/#\/schema\/logo\/image\/\"}},{\"@type\":\"Person\",\"@id\":\"https:\/\/noti-america.com\/site\/mexico\/#\/schema\/person\/376ccc7b3cc7a8d5a43c3ece07a43857\",\"name\":\"Yoelvzla\",\"image\":{\"@type\":\"ImageObject\",\"inLanguage\":\"es\",\"@id\":\"https:\/\/secure.gravatar.com\/avatar\/13a96a72123e0e9aa76fe82e8847f726c63a1c5ef6a8d0fadd844c1a5a83b212?s=96&d=mm&r=g\",\"url\":\"https:\/\/secure.gravatar.com\/avatar\/13a96a72123e0e9aa76fe82e8847f726c63a1c5ef6a8d0fadd844c1a5a83b212?s=96&d=mm&r=g\",\"contentUrl\":\"https:\/\/secure.gravatar.com\/avatar\/13a96a72123e0e9aa76fe82e8847f726c63a1c5ef6a8d0fadd844c1a5a83b212?s=96&d=mm&r=g\",\"caption\":\"Yoelvzla\"},\"url\":\"https:\/\/noti-america.com\/site\/mexico\/author\/ydiaz\/\"}]}<\/script>\n<!-- \/ Yoast SEO Premium plugin. -->","yoast_head_json":{"title":"\"Oktober Fest\" llenar\u00e1 de magia a la Colonia Tovar..!! - M\u00e9xico","robots":{"index":"index","follow":"follow","max-snippet":"max-snippet:-1","max-image-preview":"max-image-preview:large","max-video-preview":"max-video-preview:-1"},"canonical":"https:\/\/noti-america.com\/site\/mexico\/2022\/11\/03\/oktober-fest-llenara-de-magia-a-la-colonia-tovar\/","og_locale":"es_ES","og_type":"article","og_title":"\"Oktober Fest\" llenar\u00e1 de magia a la Colonia Tovar..!!","og_description":"Este 19 y 20 de noviembre, la Colonia Tovar se viste de fiesta con una explosi\u00f3n de tradici\u00f3n y celebraci\u00f3n musical, con el \u00fanico y original \u201cOktober Fest\u201d, que se presentar\u00e1 en esta tur\u00edstica&#46;&#46;&#46;","og_url":"https:\/\/noti-america.com\/site\/mexico\/2022\/11\/03\/oktober-fest-llenara-de-magia-a-la-colonia-tovar\/","og_site_name":"M\u00e9xico","article_published_time":"2022-11-03T14:46:43+00:00","og_image":[{"width":1080,"height":1080,"url":"https:\/\/noti-america.com\/site\/mexico\/wp-content\/uploads\/sites\/13\/2022\/11\/Oktober-Fest-2022-Colonia-Tovar-18341.jpg","type":"image\/jpeg"}],"author":"Yoelvzla","twitter_card":"summary_large_image","twitter_misc":{"Escrito por":"Yoelvzla","Tiempo estimado de lectura":"2 minutos"},"schema":{"@context":"https:\/\/schema.org","@graph":[{"@type":"Article","@id":"https:\/\/noti-america.com\/site\/mexico\/2022\/11\/03\/oktober-fest-llenara-de-magia-a-la-colonia-tovar\/#article","isPartOf":{"@id":"https:\/\/noti-america.com\/site\/mexico\/2022\/11\/03\/oktober-fest-llenara-de-magia-a-la-colonia-tovar\/"},"author":{"name":"Yoelvzla","@id":"https:\/\/noti-america.com\/site\/mexico\/#\/schema\/person\/376ccc7b3cc7a8d5a43c3ece07a43857"},"headline":"\u00abOktober Fest\u00bb llenar\u00e1 de magia a la Colonia Tovar..!!","datePublished":"2022-11-03T14:46:43+00:00","mainEntityOfPage":{"@id":"https:\/\/noti-america.com\/site\/mexico\/2022\/11\/03\/oktober-fest-llenara-de-magia-a-la-colonia-tovar\/"},"wordCount":280,"commentCount":0,"publisher":{"@id":"https:\/\/noti-america.com\/site\/mexico\/#organization"},"image":{"@id":"https:\/\/noti-america.com\/site\/mexico\/2022\/11\/03\/oktober-fest-llenara-de-magia-a-la-colonia-tovar\/#primaryimage"},"thumbnailUrl":"https:\/\/noti-america.com\/site\/mexico\/wp-content\/uploads\/sites\/13\/2022\/11\/Oktober-Fest-2022-Colonia-Tovar-18341.jpg","articleSection":["Turismo","Venezuela"],"inLanguage":"es","potentialAction":[{"@type":"CommentAction","name":"Comment","target":["https:\/\/noti-america.com\/site\/mexico\/2022\/11\/03\/oktober-fest-llenara-de-magia-a-la-colonia-tovar\/#respond"]}]},{"@type":"WebPage","@id":"https:\/\/noti-america.com\/site\/mexico\/2022\/11\/03\/oktober-fest-llenara-de-magia-a-la-colonia-tovar\/","url":"https:\/\/noti-america.com\/site\/mexico\/2022\/11\/03\/oktober-fest-llenara-de-magia-a-la-colonia-tovar\/","name":"\"Oktober Fest\" llenar\u00e1 de magia a la Colonia Tovar..!! - M\u00e9xico","isPartOf":{"@id":"https:\/\/noti-america.com\/site\/mexico\/#website"},"primaryImageOfPage":{"@id":"https:\/\/noti-america.com\/site\/mexico\/2022\/11\/03\/oktober-fest-llenara-de-magia-a-la-colonia-tovar\/#primaryimage"},"image":{"@id":"https:\/\/noti-america.com\/site\/mexico\/2022\/11\/03\/oktober-fest-llenara-de-magia-a-la-colonia-tovar\/#primaryimage"},"thumbnailUrl":"https:\/\/noti-america.com\/site\/mexico\/wp-content\/uploads\/sites\/13\/2022\/11\/Oktober-Fest-2022-Colonia-Tovar-18341.jpg","datePublished":"2022-11-03T14:46:43+00:00","breadcrumb":{"@id":"https:\/\/noti-america.com\/site\/mexico\/2022\/11\/03\/oktober-fest-llenara-de-magia-a-la-colonia-tovar\/#breadcrumb"},"inLanguage":"es","potentialAction":[{"@type":"ReadAction","target":["https:\/\/noti-america.com\/site\/mexico\/2022\/11\/03\/oktober-fest-llenara-de-magia-a-la-colonia-tovar\/"]}]},{"@type":"ImageObject","inLanguage":"es","@id":"https:\/\/noti-america.com\/site\/mexico\/2022\/11\/03\/oktober-fest-llenara-de-magia-a-la-colonia-tovar\/#primaryimage","url":"https:\/\/noti-america.com\/site\/mexico\/wp-content\/uploads\/sites\/13\/2022\/11\/Oktober-Fest-2022-Colonia-Tovar-18341.jpg","contentUrl":"https:\/\/noti-america.com\/site\/mexico\/wp-content\/uploads\/sites\/13\/2022\/11\/Oktober-Fest-2022-Colonia-Tovar-18341.jpg","width":1080,"height":1080},{"@type":"BreadcrumbList","@id":"https:\/\/noti-america.com\/site\/mexico\/2022\/11\/03\/oktober-fest-llenara-de-magia-a-la-colonia-tovar\/#breadcrumb","itemListElement":[{"@type":"ListItem","position":1,"name":"Portada","item":"https:\/\/noti-america.com\/site\/mexico\/"},{"@type":"ListItem","position":2,"name":"\u00abOktober Fest\u00bb llenar\u00e1 de magia a la Colonia Tovar..!!"}]},{"@type":"WebSite","@id":"https:\/\/noti-america.com\/site\/mexico\/#website","url":"https:\/\/noti-america.com\/site\/mexico\/","name":"M\u00e9xico | Noti-America.com","description":"","publisher":{"@id":"https:\/\/noti-america.com\/site\/mexico\/#organization"},"potentialAction":[{"@type":"SearchAction","target":{"@type":"EntryPoint","urlTemplate":"https:\/\/noti-america.com\/site\/mexico\/?s={search_term_string}"},"query-input":{"@type":"PropertyValueSpecification","valueRequired":true,"valueName":"search_term_string"}}],"inLanguage":"es"},{"@type":"Organization","@id":"https:\/\/noti-america.com\/site\/mexico\/#organization","name":"Noti-America LLC | M\u00e9xico","url":"https:\/\/noti-america.com\/site\/mexico\/","logo":{"@type":"ImageObject","inLanguage":"es","@id":"https:\/\/noti-america.com\/site\/mexico\/#\/schema\/logo\/image\/","url":"https:\/\/noti-america.com\/site\/mexico\/wp-content\/uploads\/sites\/13\/2020\/07\/LogoNA-4x3-1.jpg","contentUrl":"https:\/\/noti-america.com\/site\/mexico\/wp-content\/uploads\/sites\/13\/2020\/07\/LogoNA-4x3-1.jpg","width":1236,"height":1080,"caption":"Noti-America LLC | M\u00e9xico"},"image":{"@id":"https:\/\/noti-america.com\/site\/mexico\/#\/schema\/logo\/image\/"}},{"@type":"Person","@id":"https:\/\/noti-america.com\/site\/mexico\/#\/schema\/person\/376ccc7b3cc7a8d5a43c3ece07a43857","name":"Yoelvzla","image":{"@type":"ImageObject","inLanguage":"es","@id":"https:\/\/secure.gravatar.com\/avatar\/13a96a72123e0e9aa76fe82e8847f726c63a1c5ef6a8d0fadd844c1a5a83b212?s=96&d=mm&r=g","url":"https:\/\/secure.gravatar.com\/avatar\/13a96a72123e0e9aa76fe82e8847f726c63a1c5ef6a8d0fadd844c1a5a83b212?s=96&d=mm&r=g","contentUrl":"https:\/\/secure.gravatar.com\/avatar\/13a96a72123e0e9aa76fe82e8847f726c63a1c5ef6a8d0fadd844c1a5a83b212?s=96&d=mm&r=g","caption":"Yoelvzla"},"url":"https:\/\/noti-america.com\/site\/mexico\/author\/ydiaz\/"}]}},"_links":{"self":[{"href":"https:\/\/noti-america.com\/site\/mexico\/wp-json\/wp\/v2\/posts\/8584","targetHints":{"allow":["GET"]}}],"collection":[{"href":"https:\/\/noti-america.com\/site\/mexico\/wp-json\/wp\/v2\/posts"}],"about":[{"href":"https:\/\/noti-america.com\/site\/mexico\/wp-json\/wp\/v2\/types\/post"}],"author":[{"embeddable":true,"href":"https:\/\/noti-america.com\/site\/mexico\/wp-json\/wp\/v2\/users\/127"}],"replies":[{"embeddable":true,"href":"https:\/\/noti-america.com\/site\/mexico\/wp-json\/wp\/v2\/comments?post=8584"}],"version-history":[{"count":1,"href":"https:\/\/noti-america.com\/site\/mexico\/wp-json\/wp\/v2\/posts\/8584\/revisions"}],"predecessor-version":[{"id":8588,"href":"https:\/\/noti-america.com\/site\/mexico\/wp-json\/wp\/v2\/posts\/8584\/revisions\/8588"}],"wp:featuredmedia":[{"embeddable":true,"href":"https:\/\/noti-america.com\/site\/mexico\/wp-json\/wp\/v2\/media\/8586"}],"wp:attachment":[{"href":"https:\/\/noti-america.com\/site\/mexico\/wp-json\/wp\/v2\/media?parent=8584"}],"wp:term":[{"taxonomy":"category","embeddable":true,"href":"https:\/\/noti-america.com\/site\/mexico\/wp-json\/wp\/v2\/categories?post=8584"},{"taxonomy":"post_tag","embeddable":true,"href":"https:\/\/noti-america.com\/site\/mexico\/wp-json\/wp\/v2\/tags?post=8584"}],"curies":[{"name":"wp","href":"https:\/\/api.w.org\/{rel}","templated":true}]}}