{"id":8568,"date":"2022-10-26T14:16:46","date_gmt":"2022-10-26T14:16:46","guid":{"rendered":"https:\/\/noti-america.com\/site\/mexico\/?p=8568"},"modified":"2022-10-26T14:16:46","modified_gmt":"2022-10-26T14:16:46","slug":"luis-casanovas-potencia-el-uso-de-la-tecnologia-web3","status":"publish","type":"post","link":"https:\/\/noti-america.com\/site\/mexico\/2022\/10\/26\/luis-casanovas-potencia-el-uso-de-la-tecnologia-web3\/","title":{"rendered":"Luis Casanovas potencia el uso de la tecnolog\u00eda web3"},"content":{"rendered":"<p style=\"margin: 0cm;line-height: 16.2pt\"><span style=\"font-size: 13.5pt\">Si bien es cierto, la era digital sigue tomando cada vez m\u00e1s fuerza en el mundo entero y uno de los sectores que se une a esas actualizaciones es el bancario,\u00a0es por ello que cada d\u00eda la banca tradicional va qued\u00e1ndose atr\u00e1s.<\/span><\/p>\n<p style=\"margin: 0cm;line-height: 16.2pt\"><span style=\"font-size: 13.5pt\">\u00a0<\/span><\/p>\n<p style=\"margin: 0cm;line-height: 16.2pt\"><span style=\"font-size: 13.5pt\">Grandes expertos se desarrollan en este amplio mundo; tal es el caso de <strong>Luis Casanovas<\/strong>, un joven de 28 a\u00f1os, nacido en Barcelona, pero que ha hecho vida en <strong>Madrid<\/strong>, ciudad en donde tuvo la oportunidad de estudiar <strong>Business\u00a0Studies, en la Universidad de\u00a0Zurich\u00a0UIBS<\/strong>.<\/span><\/p>\n<p style=\"margin: 0cm;line-height: 16.2pt\"><span style=\"font-size: 13.5pt\">\u00a0<\/span><\/p>\n<p style=\"margin: 0cm;line-height: 16.2pt\"><span style=\"font-size: 13.5pt\">A lo largo de su vida ha desarrollado distintos proyectos; no obstante, durante los \u00faltimos cuatro a\u00f1os ha estado del todo dedicado al mundo tecnol\u00f3gico, de hecho, se traslad\u00f3 hasta\u00a0<strong>Dubai<\/strong>, desde ah\u00ed ha aprovechado las oportunidades y por si fuera poco, ayud\u00f3 a la expansi\u00f3n de una empresa web3, la cual utiliza\u00a0tecnolog\u00eda\u00a0blockchain\u00a0para potenciar sus tres v\u00edas de negocio principales:\u00a0launchpad,\u00a0gaming\u00a0y academia.<\/span><\/p>\n<p style=\"margin: 0cm;line-height: 16.2pt\"><span style=\"font-size: 13.5pt\">\u00a0<\/span><\/p>\n<p style=\"margin: 0cm;line-height: 16.2pt\"><span style=\"font-size: 13.5pt\">Gracias a su amplia red de contactos,\u00a0ayud\u00f3 con el aportede sus conocimientos <strong>\u201cdealflow\u201d<\/strong>. Tambi\u00e9n\u00a0levantando capital para empresas del sector de los\u00a0eSports,\u00a0gaming\u00a0y web3;\u00a0siendo este \u00faltimo el que m\u00e1s le apasiona.\u00a0<\/span><\/p>\n<p style=\"margin: 0cm;line-height: 16.2pt\"><span style=\"font-size: 13.5pt\">\u00a0<\/span><\/p>\n<p style=\"margin: 0cm;line-height: 16.2pt\"><span style=\"font-size: 13.5pt\">\u201cEstamos preparando a la expansi\u00f3n global de la empresa aportando todos mis recursos para levantar capital y expandir la filosof\u00eda ganadora que tiene\u00a0We\u00a0Way. Ahora mismo queremos potenciar el mercado europeo y en especial el latino, con inversiones en empresas en Espa\u00f1a y Latinoam\u00e9rica\u201d, revel\u00f3 <strong>Casanovas<\/strong>.<\/span><\/p>\n<p style=\"margin: 0cm;line-height: 16.2pt\"><span style=\"font-size: 13.5pt\">\u00a0<\/span><\/p>\n<p style=\"margin: 0cm;line-height: 16.2pt\"><span style=\"font-size: 13.5pt\">Haciendo referencia a la expansi\u00f3n, tambi\u00e9n hizo \u00e9nfasis en la importancia de formar a las personas, con el objetivo de familiarizar al mundo con este proceso.\u00a0<\/span><\/p>\n<p style=\"margin: 0cm;line-height: 16.2pt\"><span style=\"font-size: 13.5pt\">\u00a0<\/span><\/p>\n<p style=\"margin: 0cm;line-height: 16.2pt\"><span style=\"font-size: 13.5pt\">En el mismo orden de ideas, <strong>Luis Casanovas<\/strong> asegura que esta sucesi\u00f3n ayudar\u00eda con la crisis econ\u00f3mica,\u00a0y es que esta tecnolog\u00eda permite evitarla invirtiendo en activos digitales, siendo uno de los m\u00e1s mencionados el\u00a0Bitcoin.\u00a0<\/span><\/p>\n<p style=\"margin: 0cm;line-height: 16.2pt\"><span style=\"font-size: 13.5pt\">\u00a0<\/span><\/p>\n<p style=\"margin: 0cm;line-height: 16.2pt\"><span style=\"font-size: 13.5pt\">Casanovas cree firmemente en el uso de las\u00a0criptomonedas, y es que a trav\u00e9s de la tecnolog\u00eda\u00a0blockchain\u00a0las industrias ir\u00e1n cambiando, mejorando\u00a0adem\u00e1s la interacci\u00f3n con los usuarios, quienes comenzar\u00edan a tener un rol de poder.\u00a0<\/span><\/p>\n<p style=\"margin: 0cm;line-height: 16.2pt\"><span style=\"font-size: 13.5pt\">\u00a0<\/span><\/p>\n<p style=\"margin: 0cm;line-height: 16.2pt\"><span style=\"font-size: 13.5pt\">Para finalizar asegur\u00f3 que la vida de las personas va a mejorar con el uso de las tecnolog\u00edas web3 en el mundo real.\u00a0<a name=\"_GoBack\"><\/a>\u201cVeremos mejoras impresionantes en la forma democratizada de gesti\u00f3n de informaci\u00f3n y activos, as\u00ed como en la interacci\u00f3n de usuarios con las marcas\u201d, concluy\u00f3.<\/span><\/p>\n","protected":false},"excerpt":{"rendered":"<p>Si bien es cierto, la era digital sigue tomando cada vez m\u00e1s fuerza en el mundo entero y uno de los sectores que se une a esas actualizaciones es el bancario,\u00a0es por ello que&#46;&#46;&#46;<\/p>\n","protected":false},"author":127,"featured_media":8569,"comment_status":"open","ping_status":"open","sticky":false,"template":"","format":"image","meta":{"_acf_changed":false,"om_disable_all_campaigns":false,"rop_custom_images_group":[],"rop_custom_messages_group":[],"rop_publish_now":"initial","rop_publish_now_accounts":{"twitter_242054905_242054905":""},"rop_publish_now_history":[],"rop_publish_now_status":"pending","_uf_show_specific_survey":0,"_uf_disable_surveys":false,"footnotes":""},"categories":[700],"tags":[],"class_list":["post-8568","post","type-post","status-publish","format-image","has-post-thumbnail","hentry","category-empresarios","post_format-post-format-image"],"acf":[],"aioseo_notices":[],"yoast_head":"<!-- This site is optimized with the Yoast SEO Premium plugin v24.9 (Yoast SEO v27.2) - https:\/\/yoast.com\/product\/yoast-seo-premium-wordpress\/ -->\n<title>Luis Casanovas potencia el uso de la tecnolog\u00eda web3 - M\u00e9xico<\/title>\n<meta name=\"robots\" content=\"index, follow, max-snippet:-1, max-image-preview:large, max-video-preview:-1\" \/>\n<link rel=\"canonical\" href=\"https:\/\/noti-america.com\/site\/mexico\/2022\/10\/26\/luis-casanovas-potencia-el-uso-de-la-tecnologia-web3\/\" \/>\n<meta property=\"og:locale\" content=\"es_ES\" \/>\n<meta property=\"og:type\" content=\"article\" \/>\n<meta property=\"og:title\" content=\"Luis Casanovas potencia el uso de la tecnolog\u00eda web3\" \/>\n<meta property=\"og:description\" content=\"Si bien es cierto, la era digital sigue tomando cada vez m\u00e1s fuerza en el mundo entero y uno de los sectores que se une a esas actualizaciones es el bancario,\u00a0es por ello que&#046;&#046;&#046;\" \/>\n<meta property=\"og:url\" content=\"https:\/\/noti-america.com\/site\/mexico\/2022\/10\/26\/luis-casanovas-potencia-el-uso-de-la-tecnologia-web3\/\" \/>\n<meta property=\"og:site_name\" content=\"M\u00e9xico\" \/>\n<meta property=\"article:published_time\" content=\"2022-10-26T14:16:46+00:00\" \/>\n<meta property=\"og:image\" content=\"https:\/\/noti-america.com\/site\/mexico\/wp-content\/uploads\/sites\/13\/2022\/10\/bvbv-bv.jpg\" \/>\n\t<meta property=\"og:image:width\" content=\"760\" \/>\n\t<meta property=\"og:image:height\" content=\"480\" \/>\n\t<meta property=\"og:image:type\" content=\"image\/jpeg\" \/>\n<meta name=\"author\" content=\"Yoelvzla\" \/>\n<meta name=\"twitter:card\" content=\"summary_large_image\" \/>\n<meta name=\"twitter:label1\" content=\"Escrito por\" \/>\n\t<meta name=\"twitter:data1\" content=\"Yoelvzla\" \/>\n\t<meta name=\"twitter:label2\" content=\"Tiempo estimado de lectura\" \/>\n\t<meta name=\"twitter:data2\" content=\"2 minutos\" \/>\n<script type=\"application\/ld+json\" class=\"yoast-schema-graph\">{\"@context\":\"https:\/\/schema.org\",\"@graph\":[{\"@type\":\"Article\",\"@id\":\"https:\/\/noti-america.com\/site\/mexico\/2022\/10\/26\/luis-casanovas-potencia-el-uso-de-la-tecnologia-web3\/#article\",\"isPartOf\":{\"@id\":\"https:\/\/noti-america.com\/site\/mexico\/2022\/10\/26\/luis-casanovas-potencia-el-uso-de-la-tecnologia-web3\/\"},\"author\":{\"name\":\"Yoelvzla\",\"@id\":\"https:\/\/noti-america.com\/site\/mexico\/#\/schema\/person\/376ccc7b3cc7a8d5a43c3ece07a43857\"},\"headline\":\"Luis Casanovas potencia el uso de la tecnolog\u00eda web3\",\"datePublished\":\"2022-10-26T14:16:46+00:00\",\"mainEntityOfPage\":{\"@id\":\"https:\/\/noti-america.com\/site\/mexico\/2022\/10\/26\/luis-casanovas-potencia-el-uso-de-la-tecnologia-web3\/\"},\"wordCount\":426,\"commentCount\":0,\"publisher\":{\"@id\":\"https:\/\/noti-america.com\/site\/mexico\/#organization\"},\"image\":{\"@id\":\"https:\/\/noti-america.com\/site\/mexico\/2022\/10\/26\/luis-casanovas-potencia-el-uso-de-la-tecnologia-web3\/#primaryimage\"},\"thumbnailUrl\":\"https:\/\/noti-america.com\/site\/mexico\/wp-content\/uploads\/sites\/13\/2022\/10\/bvbv-bv.jpg\",\"articleSection\":[\"Empresarios\"],\"inLanguage\":\"es\",\"potentialAction\":[{\"@type\":\"CommentAction\",\"name\":\"Comment\",\"target\":[\"https:\/\/noti-america.com\/site\/mexico\/2022\/10\/26\/luis-casanovas-potencia-el-uso-de-la-tecnologia-web3\/#respond\"]}]},{\"@type\":\"WebPage\",\"@id\":\"https:\/\/noti-america.com\/site\/mexico\/2022\/10\/26\/luis-casanovas-potencia-el-uso-de-la-tecnologia-web3\/\",\"url\":\"https:\/\/noti-america.com\/site\/mexico\/2022\/10\/26\/luis-casanovas-potencia-el-uso-de-la-tecnologia-web3\/\",\"name\":\"Luis Casanovas potencia el uso de la tecnolog\u00eda web3 - M\u00e9xico\",\"isPartOf\":{\"@id\":\"https:\/\/noti-america.com\/site\/mexico\/#website\"},\"primaryImageOfPage\":{\"@id\":\"https:\/\/noti-america.com\/site\/mexico\/2022\/10\/26\/luis-casanovas-potencia-el-uso-de-la-tecnologia-web3\/#primaryimage\"},\"image\":{\"@id\":\"https:\/\/noti-america.com\/site\/mexico\/2022\/10\/26\/luis-casanovas-potencia-el-uso-de-la-tecnologia-web3\/#primaryimage\"},\"thumbnailUrl\":\"https:\/\/noti-america.com\/site\/mexico\/wp-content\/uploads\/sites\/13\/2022\/10\/bvbv-bv.jpg\",\"datePublished\":\"2022-10-26T14:16:46+00:00\",\"breadcrumb\":{\"@id\":\"https:\/\/noti-america.com\/site\/mexico\/2022\/10\/26\/luis-casanovas-potencia-el-uso-de-la-tecnologia-web3\/#breadcrumb\"},\"inLanguage\":\"es\",\"potentialAction\":[{\"@type\":\"ReadAction\",\"target\":[\"https:\/\/noti-america.com\/site\/mexico\/2022\/10\/26\/luis-casanovas-potencia-el-uso-de-la-tecnologia-web3\/\"]}]},{\"@type\":\"ImageObject\",\"inLanguage\":\"es\",\"@id\":\"https:\/\/noti-america.com\/site\/mexico\/2022\/10\/26\/luis-casanovas-potencia-el-uso-de-la-tecnologia-web3\/#primaryimage\",\"url\":\"https:\/\/noti-america.com\/site\/mexico\/wp-content\/uploads\/sites\/13\/2022\/10\/bvbv-bv.jpg\",\"contentUrl\":\"https:\/\/noti-america.com\/site\/mexico\/wp-content\/uploads\/sites\/13\/2022\/10\/bvbv-bv.jpg\",\"width\":760,\"height\":480},{\"@type\":\"BreadcrumbList\",\"@id\":\"https:\/\/noti-america.com\/site\/mexico\/2022\/10\/26\/luis-casanovas-potencia-el-uso-de-la-tecnologia-web3\/#breadcrumb\",\"itemListElement\":[{\"@type\":\"ListItem\",\"position\":1,\"name\":\"Portada\",\"item\":\"https:\/\/noti-america.com\/site\/mexico\/\"},{\"@type\":\"ListItem\",\"position\":2,\"name\":\"Luis Casanovas potencia el uso de la tecnolog\u00eda web3\"}]},{\"@type\":\"WebSite\",\"@id\":\"https:\/\/noti-america.com\/site\/mexico\/#website\",\"url\":\"https:\/\/noti-america.com\/site\/mexico\/\",\"name\":\"M\u00e9xico | Noti-America.com\",\"description\":\"\",\"publisher\":{\"@id\":\"https:\/\/noti-america.com\/site\/mexico\/#organization\"},\"potentialAction\":[{\"@type\":\"SearchAction\",\"target\":{\"@type\":\"EntryPoint\",\"urlTemplate\":\"https:\/\/noti-america.com\/site\/mexico\/?s={search_term_string}\"},\"query-input\":{\"@type\":\"PropertyValueSpecification\",\"valueRequired\":true,\"valueName\":\"search_term_string\"}}],\"inLanguage\":\"es\"},{\"@type\":\"Organization\",\"@id\":\"https:\/\/noti-america.com\/site\/mexico\/#organization\",\"name\":\"Noti-America LLC | M\u00e9xico\",\"url\":\"https:\/\/noti-america.com\/site\/mexico\/\",\"logo\":{\"@type\":\"ImageObject\",\"inLanguage\":\"es\",\"@id\":\"https:\/\/noti-america.com\/site\/mexico\/#\/schema\/logo\/image\/\",\"url\":\"https:\/\/noti-america.com\/site\/mexico\/wp-content\/uploads\/sites\/13\/2020\/07\/LogoNA-4x3-1.jpg\",\"contentUrl\":\"https:\/\/noti-america.com\/site\/mexico\/wp-content\/uploads\/sites\/13\/2020\/07\/LogoNA-4x3-1.jpg\",\"width\":1236,\"height\":1080,\"caption\":\"Noti-America LLC | M\u00e9xico\"},\"image\":{\"@id\":\"https:\/\/noti-america.com\/site\/mexico\/#\/schema\/logo\/image\/\"}},{\"@type\":\"Person\",\"@id\":\"https:\/\/noti-america.com\/site\/mexico\/#\/schema\/person\/376ccc7b3cc7a8d5a43c3ece07a43857\",\"name\":\"Yoelvzla\",\"image\":{\"@type\":\"ImageObject\",\"inLanguage\":\"es\",\"@id\":\"https:\/\/secure.gravatar.com\/avatar\/13a96a72123e0e9aa76fe82e8847f726c63a1c5ef6a8d0fadd844c1a5a83b212?s=96&d=mm&r=g\",\"url\":\"https:\/\/secure.gravatar.com\/avatar\/13a96a72123e0e9aa76fe82e8847f726c63a1c5ef6a8d0fadd844c1a5a83b212?s=96&d=mm&r=g\",\"contentUrl\":\"https:\/\/secure.gravatar.com\/avatar\/13a96a72123e0e9aa76fe82e8847f726c63a1c5ef6a8d0fadd844c1a5a83b212?s=96&d=mm&r=g\",\"caption\":\"Yoelvzla\"},\"url\":\"https:\/\/noti-america.com\/site\/mexico\/author\/ydiaz\/\"}]}<\/script>\n<!-- \/ Yoast SEO Premium plugin. -->","yoast_head_json":{"title":"Luis Casanovas potencia el uso de la tecnolog\u00eda web3 - M\u00e9xico","robots":{"index":"index","follow":"follow","max-snippet":"max-snippet:-1","max-image-preview":"max-image-preview:large","max-video-preview":"max-video-preview:-1"},"canonical":"https:\/\/noti-america.com\/site\/mexico\/2022\/10\/26\/luis-casanovas-potencia-el-uso-de-la-tecnologia-web3\/","og_locale":"es_ES","og_type":"article","og_title":"Luis Casanovas potencia el uso de la tecnolog\u00eda web3","og_description":"Si bien es cierto, la era digital sigue tomando cada vez m\u00e1s fuerza en el mundo entero y uno de los sectores que se une a esas actualizaciones es el bancario,\u00a0es por ello que&#46;&#46;&#46;","og_url":"https:\/\/noti-america.com\/site\/mexico\/2022\/10\/26\/luis-casanovas-potencia-el-uso-de-la-tecnologia-web3\/","og_site_name":"M\u00e9xico","article_published_time":"2022-10-26T14:16:46+00:00","og_image":[{"width":760,"height":480,"url":"https:\/\/noti-america.com\/site\/mexico\/wp-content\/uploads\/sites\/13\/2022\/10\/bvbv-bv.jpg","type":"image\/jpeg"}],"author":"Yoelvzla","twitter_card":"summary_large_image","twitter_misc":{"Escrito por":"Yoelvzla","Tiempo estimado de lectura":"2 minutos"},"schema":{"@context":"https:\/\/schema.org","@graph":[{"@type":"Article","@id":"https:\/\/noti-america.com\/site\/mexico\/2022\/10\/26\/luis-casanovas-potencia-el-uso-de-la-tecnologia-web3\/#article","isPartOf":{"@id":"https:\/\/noti-america.com\/site\/mexico\/2022\/10\/26\/luis-casanovas-potencia-el-uso-de-la-tecnologia-web3\/"},"author":{"name":"Yoelvzla","@id":"https:\/\/noti-america.com\/site\/mexico\/#\/schema\/person\/376ccc7b3cc7a8d5a43c3ece07a43857"},"headline":"Luis Casanovas potencia el uso de la tecnolog\u00eda web3","datePublished":"2022-10-26T14:16:46+00:00","mainEntityOfPage":{"@id":"https:\/\/noti-america.com\/site\/mexico\/2022\/10\/26\/luis-casanovas-potencia-el-uso-de-la-tecnologia-web3\/"},"wordCount":426,"commentCount":0,"publisher":{"@id":"https:\/\/noti-america.com\/site\/mexico\/#organization"},"image":{"@id":"https:\/\/noti-america.com\/site\/mexico\/2022\/10\/26\/luis-casanovas-potencia-el-uso-de-la-tecnologia-web3\/#primaryimage"},"thumbnailUrl":"https:\/\/noti-america.com\/site\/mexico\/wp-content\/uploads\/sites\/13\/2022\/10\/bvbv-bv.jpg","articleSection":["Empresarios"],"inLanguage":"es","potentialAction":[{"@type":"CommentAction","name":"Comment","target":["https:\/\/noti-america.com\/site\/mexico\/2022\/10\/26\/luis-casanovas-potencia-el-uso-de-la-tecnologia-web3\/#respond"]}]},{"@type":"WebPage","@id":"https:\/\/noti-america.com\/site\/mexico\/2022\/10\/26\/luis-casanovas-potencia-el-uso-de-la-tecnologia-web3\/","url":"https:\/\/noti-america.com\/site\/mexico\/2022\/10\/26\/luis-casanovas-potencia-el-uso-de-la-tecnologia-web3\/","name":"Luis Casanovas potencia el uso de la tecnolog\u00eda web3 - M\u00e9xico","isPartOf":{"@id":"https:\/\/noti-america.com\/site\/mexico\/#website"},"primaryImageOfPage":{"@id":"https:\/\/noti-america.com\/site\/mexico\/2022\/10\/26\/luis-casanovas-potencia-el-uso-de-la-tecnologia-web3\/#primaryimage"},"image":{"@id":"https:\/\/noti-america.com\/site\/mexico\/2022\/10\/26\/luis-casanovas-potencia-el-uso-de-la-tecnologia-web3\/#primaryimage"},"thumbnailUrl":"https:\/\/noti-america.com\/site\/mexico\/wp-content\/uploads\/sites\/13\/2022\/10\/bvbv-bv.jpg","datePublished":"2022-10-26T14:16:46+00:00","breadcrumb":{"@id":"https:\/\/noti-america.com\/site\/mexico\/2022\/10\/26\/luis-casanovas-potencia-el-uso-de-la-tecnologia-web3\/#breadcrumb"},"inLanguage":"es","potentialAction":[{"@type":"ReadAction","target":["https:\/\/noti-america.com\/site\/mexico\/2022\/10\/26\/luis-casanovas-potencia-el-uso-de-la-tecnologia-web3\/"]}]},{"@type":"ImageObject","inLanguage":"es","@id":"https:\/\/noti-america.com\/site\/mexico\/2022\/10\/26\/luis-casanovas-potencia-el-uso-de-la-tecnologia-web3\/#primaryimage","url":"https:\/\/noti-america.com\/site\/mexico\/wp-content\/uploads\/sites\/13\/2022\/10\/bvbv-bv.jpg","contentUrl":"https:\/\/noti-america.com\/site\/mexico\/wp-content\/uploads\/sites\/13\/2022\/10\/bvbv-bv.jpg","width":760,"height":480},{"@type":"BreadcrumbList","@id":"https:\/\/noti-america.com\/site\/mexico\/2022\/10\/26\/luis-casanovas-potencia-el-uso-de-la-tecnologia-web3\/#breadcrumb","itemListElement":[{"@type":"ListItem","position":1,"name":"Portada","item":"https:\/\/noti-america.com\/site\/mexico\/"},{"@type":"ListItem","position":2,"name":"Luis Casanovas potencia el uso de la tecnolog\u00eda web3"}]},{"@type":"WebSite","@id":"https:\/\/noti-america.com\/site\/mexico\/#website","url":"https:\/\/noti-america.com\/site\/mexico\/","name":"M\u00e9xico | Noti-America.com","description":"","publisher":{"@id":"https:\/\/noti-america.com\/site\/mexico\/#organization"},"potentialAction":[{"@type":"SearchAction","target":{"@type":"EntryPoint","urlTemplate":"https:\/\/noti-america.com\/site\/mexico\/?s={search_term_string}"},"query-input":{"@type":"PropertyValueSpecification","valueRequired":true,"valueName":"search_term_string"}}],"inLanguage":"es"},{"@type":"Organization","@id":"https:\/\/noti-america.com\/site\/mexico\/#organization","name":"Noti-America LLC | M\u00e9xico","url":"https:\/\/noti-america.com\/site\/mexico\/","logo":{"@type":"ImageObject","inLanguage":"es","@id":"https:\/\/noti-america.com\/site\/mexico\/#\/schema\/logo\/image\/","url":"https:\/\/noti-america.com\/site\/mexico\/wp-content\/uploads\/sites\/13\/2020\/07\/LogoNA-4x3-1.jpg","contentUrl":"https:\/\/noti-america.com\/site\/mexico\/wp-content\/uploads\/sites\/13\/2020\/07\/LogoNA-4x3-1.jpg","width":1236,"height":1080,"caption":"Noti-America LLC | M\u00e9xico"},"image":{"@id":"https:\/\/noti-america.com\/site\/mexico\/#\/schema\/logo\/image\/"}},{"@type":"Person","@id":"https:\/\/noti-america.com\/site\/mexico\/#\/schema\/person\/376ccc7b3cc7a8d5a43c3ece07a43857","name":"Yoelvzla","image":{"@type":"ImageObject","inLanguage":"es","@id":"https:\/\/secure.gravatar.com\/avatar\/13a96a72123e0e9aa76fe82e8847f726c63a1c5ef6a8d0fadd844c1a5a83b212?s=96&d=mm&r=g","url":"https:\/\/secure.gravatar.com\/avatar\/13a96a72123e0e9aa76fe82e8847f726c63a1c5ef6a8d0fadd844c1a5a83b212?s=96&d=mm&r=g","contentUrl":"https:\/\/secure.gravatar.com\/avatar\/13a96a72123e0e9aa76fe82e8847f726c63a1c5ef6a8d0fadd844c1a5a83b212?s=96&d=mm&r=g","caption":"Yoelvzla"},"url":"https:\/\/noti-america.com\/site\/mexico\/author\/ydiaz\/"}]}},"_links":{"self":[{"href":"https:\/\/noti-america.com\/site\/mexico\/wp-json\/wp\/v2\/posts\/8568","targetHints":{"allow":["GET"]}}],"collection":[{"href":"https:\/\/noti-america.com\/site\/mexico\/wp-json\/wp\/v2\/posts"}],"about":[{"href":"https:\/\/noti-america.com\/site\/mexico\/wp-json\/wp\/v2\/types\/post"}],"author":[{"embeddable":true,"href":"https:\/\/noti-america.com\/site\/mexico\/wp-json\/wp\/v2\/users\/127"}],"replies":[{"embeddable":true,"href":"https:\/\/noti-america.com\/site\/mexico\/wp-json\/wp\/v2\/comments?post=8568"}],"version-history":[{"count":1,"href":"https:\/\/noti-america.com\/site\/mexico\/wp-json\/wp\/v2\/posts\/8568\/revisions"}],"predecessor-version":[{"id":8570,"href":"https:\/\/noti-america.com\/site\/mexico\/wp-json\/wp\/v2\/posts\/8568\/revisions\/8570"}],"wp:featuredmedia":[{"embeddable":true,"href":"https:\/\/noti-america.com\/site\/mexico\/wp-json\/wp\/v2\/media\/8569"}],"wp:attachment":[{"href":"https:\/\/noti-america.com\/site\/mexico\/wp-json\/wp\/v2\/media?parent=8568"}],"wp:term":[{"taxonomy":"category","embeddable":true,"href":"https:\/\/noti-america.com\/site\/mexico\/wp-json\/wp\/v2\/categories?post=8568"},{"taxonomy":"post_tag","embeddable":true,"href":"https:\/\/noti-america.com\/site\/mexico\/wp-json\/wp\/v2\/tags?post=8568"}],"curies":[{"name":"wp","href":"https:\/\/api.w.org\/{rel}","templated":true}]}}