{"id":8486,"date":"2022-10-16T00:55:13","date_gmt":"2022-10-16T00:55:13","guid":{"rendered":"https:\/\/noti-america.com\/site\/mexico\/?p=8486"},"modified":"2022-10-16T00:55:13","modified_gmt":"2022-10-16T00:55:13","slug":"efrannis-borja-llego-a-los-emiratos-arabes","status":"publish","type":"post","link":"https:\/\/noti-america.com\/site\/mexico\/2022\/10\/16\/efrannis-borja-llego-a-los-emiratos-arabes\/","title":{"rendered":"Efrannis Borja lleg\u00f3 a los Emiratos \u00c1rabes"},"content":{"rendered":"<p>La empresaria y modelo <strong>Efrannis Borja<\/strong> agarr\u00f3 unos d\u00edas de vacaciones, para conocer la cultura \u00e1rabe, desde su red social anunci\u00f3 que se encontraba en Dub\u00e1i donde se quiso tomar un descanso para conocer la cultura de los emiratos \u00e1rabes, adem\u00e1s ha dado algunos tips que deben realizar los viajeros si tienen este destino en su agenda.<\/p>\n<p><img loading=\"lazy\" decoding=\"async\" class=\"size-medium wp-image-8487 aligncenter\" src=\"https:\/\/noti-america.com\/site\/mexico\/wp-content\/uploads\/sites\/13\/2022\/10\/bvbv-225x300.jpg\" alt=\"\" width=\"225\" height=\"300\" srcset=\"https:\/\/noti-america.com\/site\/mexico\/wp-content\/uploads\/sites\/13\/2022\/10\/bvbv-225x300.jpg 225w, https:\/\/noti-america.com\/site\/mexico\/wp-content\/uploads\/sites\/13\/2022\/10\/bvbv-768x1024.jpg 768w, https:\/\/noti-america.com\/site\/mexico\/wp-content\/uploads\/sites\/13\/2022\/10\/bvbv-600x800.jpg 600w, https:\/\/noti-america.com\/site\/mexico\/wp-content\/uploads\/sites\/13\/2022\/10\/bvbv.jpg 960w\" sizes=\"auto, (max-width: 225px) 100vw, 225px\" \/><\/p>\n<p>&nbsp;<\/p>\n<p>Estando en el pa\u00eds sede de la fiesta m\u00e1s importante deportiva del mundo, el mundial de futbol ser\u00e1 festejado para el mes de noviembre, Este ser\u00eda uno de sus primeros viajes en los cuales m\u00e1s all\u00e1 de aportar un granito de arena con su empresa, que se dedica a la conservaci\u00f3n del medio ambiente y est\u00e1 ubicada en Maracaibo, estado <strong>Zulia<\/strong>, mostrar\u00e1 lugares bellos del mundo.<\/p>\n<p>&nbsp;<\/p>\n<p>En unas semanas regresar\u00e1 a su tierra natal, para seguir comprometida con la tierra que la vio nacer, para estas fiestas decembrinas busca llevar sonrisas a los m\u00e1s peque\u00f1os de la mano con su fundaci\u00f3n sin fines de lucro <strong>\u201cMentes Brillantes\u201d<\/strong> la cual se prepara con su equipo de trabajo para hacer una gran labor y llevar felicidad a los hogares marabinos.<\/p>\n","protected":false},"excerpt":{"rendered":"<p>La empresaria y modelo Efrannis Borja agarr\u00f3 unos d\u00edas de vacaciones, para conocer la cultura \u00e1rabe, desde su red social anunci\u00f3 que se encontraba en Dub\u00e1i donde se quiso tomar un descanso para conocer&#46;&#46;&#46;<\/p>\n","protected":false},"author":127,"featured_media":8488,"comment_status":"open","ping_status":"open","sticky":false,"template":"","format":"image","meta":{"_acf_changed":false,"om_disable_all_campaigns":false,"rop_custom_images_group":[],"rop_custom_messages_group":[],"rop_publish_now":"initial","rop_publish_now_accounts":{"twitter_242054905_242054905":""},"rop_publish_now_history":[],"rop_publish_now_status":"pending","_uf_show_specific_survey":0,"_uf_disable_surveys":false,"footnotes":""},"categories":[8],"tags":[],"class_list":["post-8486","post","type-post","status-publish","format-image","has-post-thumbnail","hentry","category-arte-y-espectaculos","post_format-post-format-image"],"acf":[],"aioseo_notices":[],"yoast_head":"<!-- This site is optimized with the Yoast SEO Premium plugin v24.9 (Yoast SEO v27.2) - https:\/\/yoast.com\/product\/yoast-seo-premium-wordpress\/ -->\n<title>Efrannis Borja lleg\u00f3 a los Emiratos \u00c1rabes - M\u00e9xico<\/title>\n<meta name=\"robots\" content=\"index, follow, max-snippet:-1, max-image-preview:large, max-video-preview:-1\" \/>\n<link rel=\"canonical\" href=\"https:\/\/noti-america.com\/site\/mexico\/2022\/10\/16\/efrannis-borja-llego-a-los-emiratos-arabes\/\" \/>\n<meta property=\"og:locale\" content=\"es_ES\" \/>\n<meta property=\"og:type\" content=\"article\" \/>\n<meta property=\"og:title\" content=\"Efrannis Borja lleg\u00f3 a los Emiratos \u00c1rabes\" \/>\n<meta property=\"og:description\" content=\"La empresaria y modelo Efrannis Borja agarr\u00f3 unos d\u00edas de vacaciones, para conocer la cultura \u00e1rabe, desde su red social anunci\u00f3 que se encontraba en Dub\u00e1i donde se quiso tomar un descanso para conocer&#046;&#046;&#046;\" \/>\n<meta property=\"og:url\" content=\"https:\/\/noti-america.com\/site\/mexico\/2022\/10\/16\/efrannis-borja-llego-a-los-emiratos-arabes\/\" \/>\n<meta property=\"og:site_name\" content=\"M\u00e9xico\" \/>\n<meta property=\"article:published_time\" content=\"2022-10-16T00:55:13+00:00\" \/>\n<meta property=\"og:image\" content=\"https:\/\/noti-america.com\/site\/mexico\/wp-content\/uploads\/sites\/13\/2022\/10\/cvxxcv.jpg\" \/>\n\t<meta property=\"og:image:width\" content=\"1280\" \/>\n\t<meta property=\"og:image:height\" content=\"896\" \/>\n\t<meta property=\"og:image:type\" content=\"image\/jpeg\" \/>\n<meta name=\"author\" content=\"Yoelvzla\" \/>\n<meta name=\"twitter:card\" content=\"summary_large_image\" \/>\n<meta name=\"twitter:label1\" content=\"Escrito por\" \/>\n\t<meta name=\"twitter:data1\" content=\"Yoelvzla\" \/>\n\t<meta name=\"twitter:label2\" content=\"Tiempo estimado de lectura\" \/>\n\t<meta name=\"twitter:data2\" content=\"2 minutos\" \/>\n<script type=\"application\/ld+json\" class=\"yoast-schema-graph\">{\"@context\":\"https:\/\/schema.org\",\"@graph\":[{\"@type\":\"Article\",\"@id\":\"https:\/\/noti-america.com\/site\/mexico\/2022\/10\/16\/efrannis-borja-llego-a-los-emiratos-arabes\/#article\",\"isPartOf\":{\"@id\":\"https:\/\/noti-america.com\/site\/mexico\/2022\/10\/16\/efrannis-borja-llego-a-los-emiratos-arabes\/\"},\"author\":{\"name\":\"Yoelvzla\",\"@id\":\"https:\/\/noti-america.com\/site\/mexico\/#\/schema\/person\/376ccc7b3cc7a8d5a43c3ece07a43857\"},\"headline\":\"Efrannis Borja lleg\u00f3 a los Emiratos \u00c1rabes\",\"datePublished\":\"2022-10-16T00:55:13+00:00\",\"mainEntityOfPage\":{\"@id\":\"https:\/\/noti-america.com\/site\/mexico\/2022\/10\/16\/efrannis-borja-llego-a-los-emiratos-arabes\/\"},\"wordCount\":205,\"commentCount\":0,\"publisher\":{\"@id\":\"https:\/\/noti-america.com\/site\/mexico\/#organization\"},\"image\":{\"@id\":\"https:\/\/noti-america.com\/site\/mexico\/2022\/10\/16\/efrannis-borja-llego-a-los-emiratos-arabes\/#primaryimage\"},\"thumbnailUrl\":\"https:\/\/noti-america.com\/site\/mexico\/wp-content\/uploads\/sites\/13\/2022\/10\/cvxxcv.jpg\",\"articleSection\":[\"Arte y Espect\u00e1culos\"],\"inLanguage\":\"es\",\"potentialAction\":[{\"@type\":\"CommentAction\",\"name\":\"Comment\",\"target\":[\"https:\/\/noti-america.com\/site\/mexico\/2022\/10\/16\/efrannis-borja-llego-a-los-emiratos-arabes\/#respond\"]}]},{\"@type\":\"WebPage\",\"@id\":\"https:\/\/noti-america.com\/site\/mexico\/2022\/10\/16\/efrannis-borja-llego-a-los-emiratos-arabes\/\",\"url\":\"https:\/\/noti-america.com\/site\/mexico\/2022\/10\/16\/efrannis-borja-llego-a-los-emiratos-arabes\/\",\"name\":\"Efrannis Borja lleg\u00f3 a los Emiratos \u00c1rabes - M\u00e9xico\",\"isPartOf\":{\"@id\":\"https:\/\/noti-america.com\/site\/mexico\/#website\"},\"primaryImageOfPage\":{\"@id\":\"https:\/\/noti-america.com\/site\/mexico\/2022\/10\/16\/efrannis-borja-llego-a-los-emiratos-arabes\/#primaryimage\"},\"image\":{\"@id\":\"https:\/\/noti-america.com\/site\/mexico\/2022\/10\/16\/efrannis-borja-llego-a-los-emiratos-arabes\/#primaryimage\"},\"thumbnailUrl\":\"https:\/\/noti-america.com\/site\/mexico\/wp-content\/uploads\/sites\/13\/2022\/10\/cvxxcv.jpg\",\"datePublished\":\"2022-10-16T00:55:13+00:00\",\"breadcrumb\":{\"@id\":\"https:\/\/noti-america.com\/site\/mexico\/2022\/10\/16\/efrannis-borja-llego-a-los-emiratos-arabes\/#breadcrumb\"},\"inLanguage\":\"es\",\"potentialAction\":[{\"@type\":\"ReadAction\",\"target\":[\"https:\/\/noti-america.com\/site\/mexico\/2022\/10\/16\/efrannis-borja-llego-a-los-emiratos-arabes\/\"]}]},{\"@type\":\"ImageObject\",\"inLanguage\":\"es\",\"@id\":\"https:\/\/noti-america.com\/site\/mexico\/2022\/10\/16\/efrannis-borja-llego-a-los-emiratos-arabes\/#primaryimage\",\"url\":\"https:\/\/noti-america.com\/site\/mexico\/wp-content\/uploads\/sites\/13\/2022\/10\/cvxxcv.jpg\",\"contentUrl\":\"https:\/\/noti-america.com\/site\/mexico\/wp-content\/uploads\/sites\/13\/2022\/10\/cvxxcv.jpg\",\"width\":1280,\"height\":896},{\"@type\":\"BreadcrumbList\",\"@id\":\"https:\/\/noti-america.com\/site\/mexico\/2022\/10\/16\/efrannis-borja-llego-a-los-emiratos-arabes\/#breadcrumb\",\"itemListElement\":[{\"@type\":\"ListItem\",\"position\":1,\"name\":\"Portada\",\"item\":\"https:\/\/noti-america.com\/site\/mexico\/\"},{\"@type\":\"ListItem\",\"position\":2,\"name\":\"Efrannis Borja lleg\u00f3 a los Emiratos \u00c1rabes\"}]},{\"@type\":\"WebSite\",\"@id\":\"https:\/\/noti-america.com\/site\/mexico\/#website\",\"url\":\"https:\/\/noti-america.com\/site\/mexico\/\",\"name\":\"M\u00e9xico | Noti-America.com\",\"description\":\"\",\"publisher\":{\"@id\":\"https:\/\/noti-america.com\/site\/mexico\/#organization\"},\"potentialAction\":[{\"@type\":\"SearchAction\",\"target\":{\"@type\":\"EntryPoint\",\"urlTemplate\":\"https:\/\/noti-america.com\/site\/mexico\/?s={search_term_string}\"},\"query-input\":{\"@type\":\"PropertyValueSpecification\",\"valueRequired\":true,\"valueName\":\"search_term_string\"}}],\"inLanguage\":\"es\"},{\"@type\":\"Organization\",\"@id\":\"https:\/\/noti-america.com\/site\/mexico\/#organization\",\"name\":\"Noti-America LLC | M\u00e9xico\",\"url\":\"https:\/\/noti-america.com\/site\/mexico\/\",\"logo\":{\"@type\":\"ImageObject\",\"inLanguage\":\"es\",\"@id\":\"https:\/\/noti-america.com\/site\/mexico\/#\/schema\/logo\/image\/\",\"url\":\"https:\/\/noti-america.com\/site\/mexico\/wp-content\/uploads\/sites\/13\/2020\/07\/LogoNA-4x3-1.jpg\",\"contentUrl\":\"https:\/\/noti-america.com\/site\/mexico\/wp-content\/uploads\/sites\/13\/2020\/07\/LogoNA-4x3-1.jpg\",\"width\":1236,\"height\":1080,\"caption\":\"Noti-America LLC | M\u00e9xico\"},\"image\":{\"@id\":\"https:\/\/noti-america.com\/site\/mexico\/#\/schema\/logo\/image\/\"}},{\"@type\":\"Person\",\"@id\":\"https:\/\/noti-america.com\/site\/mexico\/#\/schema\/person\/376ccc7b3cc7a8d5a43c3ece07a43857\",\"name\":\"Yoelvzla\",\"image\":{\"@type\":\"ImageObject\",\"inLanguage\":\"es\",\"@id\":\"https:\/\/secure.gravatar.com\/avatar\/13a96a72123e0e9aa76fe82e8847f726c63a1c5ef6a8d0fadd844c1a5a83b212?s=96&d=mm&r=g\",\"url\":\"https:\/\/secure.gravatar.com\/avatar\/13a96a72123e0e9aa76fe82e8847f726c63a1c5ef6a8d0fadd844c1a5a83b212?s=96&d=mm&r=g\",\"contentUrl\":\"https:\/\/secure.gravatar.com\/avatar\/13a96a72123e0e9aa76fe82e8847f726c63a1c5ef6a8d0fadd844c1a5a83b212?s=96&d=mm&r=g\",\"caption\":\"Yoelvzla\"},\"url\":\"https:\/\/noti-america.com\/site\/mexico\/author\/ydiaz\/\"}]}<\/script>\n<!-- \/ Yoast SEO Premium plugin. -->","yoast_head_json":{"title":"Efrannis Borja lleg\u00f3 a los Emiratos \u00c1rabes - M\u00e9xico","robots":{"index":"index","follow":"follow","max-snippet":"max-snippet:-1","max-image-preview":"max-image-preview:large","max-video-preview":"max-video-preview:-1"},"canonical":"https:\/\/noti-america.com\/site\/mexico\/2022\/10\/16\/efrannis-borja-llego-a-los-emiratos-arabes\/","og_locale":"es_ES","og_type":"article","og_title":"Efrannis Borja lleg\u00f3 a los Emiratos \u00c1rabes","og_description":"La empresaria y modelo Efrannis Borja agarr\u00f3 unos d\u00edas de vacaciones, para conocer la cultura \u00e1rabe, desde su red social anunci\u00f3 que se encontraba en Dub\u00e1i donde se quiso tomar un descanso para conocer&#46;&#46;&#46;","og_url":"https:\/\/noti-america.com\/site\/mexico\/2022\/10\/16\/efrannis-borja-llego-a-los-emiratos-arabes\/","og_site_name":"M\u00e9xico","article_published_time":"2022-10-16T00:55:13+00:00","og_image":[{"width":1280,"height":896,"url":"https:\/\/noti-america.com\/site\/mexico\/wp-content\/uploads\/sites\/13\/2022\/10\/cvxxcv.jpg","type":"image\/jpeg"}],"author":"Yoelvzla","twitter_card":"summary_large_image","twitter_misc":{"Escrito por":"Yoelvzla","Tiempo estimado de lectura":"2 minutos"},"schema":{"@context":"https:\/\/schema.org","@graph":[{"@type":"Article","@id":"https:\/\/noti-america.com\/site\/mexico\/2022\/10\/16\/efrannis-borja-llego-a-los-emiratos-arabes\/#article","isPartOf":{"@id":"https:\/\/noti-america.com\/site\/mexico\/2022\/10\/16\/efrannis-borja-llego-a-los-emiratos-arabes\/"},"author":{"name":"Yoelvzla","@id":"https:\/\/noti-america.com\/site\/mexico\/#\/schema\/person\/376ccc7b3cc7a8d5a43c3ece07a43857"},"headline":"Efrannis Borja lleg\u00f3 a los Emiratos \u00c1rabes","datePublished":"2022-10-16T00:55:13+00:00","mainEntityOfPage":{"@id":"https:\/\/noti-america.com\/site\/mexico\/2022\/10\/16\/efrannis-borja-llego-a-los-emiratos-arabes\/"},"wordCount":205,"commentCount":0,"publisher":{"@id":"https:\/\/noti-america.com\/site\/mexico\/#organization"},"image":{"@id":"https:\/\/noti-america.com\/site\/mexico\/2022\/10\/16\/efrannis-borja-llego-a-los-emiratos-arabes\/#primaryimage"},"thumbnailUrl":"https:\/\/noti-america.com\/site\/mexico\/wp-content\/uploads\/sites\/13\/2022\/10\/cvxxcv.jpg","articleSection":["Arte y Espect\u00e1culos"],"inLanguage":"es","potentialAction":[{"@type":"CommentAction","name":"Comment","target":["https:\/\/noti-america.com\/site\/mexico\/2022\/10\/16\/efrannis-borja-llego-a-los-emiratos-arabes\/#respond"]}]},{"@type":"WebPage","@id":"https:\/\/noti-america.com\/site\/mexico\/2022\/10\/16\/efrannis-borja-llego-a-los-emiratos-arabes\/","url":"https:\/\/noti-america.com\/site\/mexico\/2022\/10\/16\/efrannis-borja-llego-a-los-emiratos-arabes\/","name":"Efrannis Borja lleg\u00f3 a los Emiratos \u00c1rabes - M\u00e9xico","isPartOf":{"@id":"https:\/\/noti-america.com\/site\/mexico\/#website"},"primaryImageOfPage":{"@id":"https:\/\/noti-america.com\/site\/mexico\/2022\/10\/16\/efrannis-borja-llego-a-los-emiratos-arabes\/#primaryimage"},"image":{"@id":"https:\/\/noti-america.com\/site\/mexico\/2022\/10\/16\/efrannis-borja-llego-a-los-emiratos-arabes\/#primaryimage"},"thumbnailUrl":"https:\/\/noti-america.com\/site\/mexico\/wp-content\/uploads\/sites\/13\/2022\/10\/cvxxcv.jpg","datePublished":"2022-10-16T00:55:13+00:00","breadcrumb":{"@id":"https:\/\/noti-america.com\/site\/mexico\/2022\/10\/16\/efrannis-borja-llego-a-los-emiratos-arabes\/#breadcrumb"},"inLanguage":"es","potentialAction":[{"@type":"ReadAction","target":["https:\/\/noti-america.com\/site\/mexico\/2022\/10\/16\/efrannis-borja-llego-a-los-emiratos-arabes\/"]}]},{"@type":"ImageObject","inLanguage":"es","@id":"https:\/\/noti-america.com\/site\/mexico\/2022\/10\/16\/efrannis-borja-llego-a-los-emiratos-arabes\/#primaryimage","url":"https:\/\/noti-america.com\/site\/mexico\/wp-content\/uploads\/sites\/13\/2022\/10\/cvxxcv.jpg","contentUrl":"https:\/\/noti-america.com\/site\/mexico\/wp-content\/uploads\/sites\/13\/2022\/10\/cvxxcv.jpg","width":1280,"height":896},{"@type":"BreadcrumbList","@id":"https:\/\/noti-america.com\/site\/mexico\/2022\/10\/16\/efrannis-borja-llego-a-los-emiratos-arabes\/#breadcrumb","itemListElement":[{"@type":"ListItem","position":1,"name":"Portada","item":"https:\/\/noti-america.com\/site\/mexico\/"},{"@type":"ListItem","position":2,"name":"Efrannis Borja lleg\u00f3 a los Emiratos \u00c1rabes"}]},{"@type":"WebSite","@id":"https:\/\/noti-america.com\/site\/mexico\/#website","url":"https:\/\/noti-america.com\/site\/mexico\/","name":"M\u00e9xico | Noti-America.com","description":"","publisher":{"@id":"https:\/\/noti-america.com\/site\/mexico\/#organization"},"potentialAction":[{"@type":"SearchAction","target":{"@type":"EntryPoint","urlTemplate":"https:\/\/noti-america.com\/site\/mexico\/?s={search_term_string}"},"query-input":{"@type":"PropertyValueSpecification","valueRequired":true,"valueName":"search_term_string"}}],"inLanguage":"es"},{"@type":"Organization","@id":"https:\/\/noti-america.com\/site\/mexico\/#organization","name":"Noti-America LLC | M\u00e9xico","url":"https:\/\/noti-america.com\/site\/mexico\/","logo":{"@type":"ImageObject","inLanguage":"es","@id":"https:\/\/noti-america.com\/site\/mexico\/#\/schema\/logo\/image\/","url":"https:\/\/noti-america.com\/site\/mexico\/wp-content\/uploads\/sites\/13\/2020\/07\/LogoNA-4x3-1.jpg","contentUrl":"https:\/\/noti-america.com\/site\/mexico\/wp-content\/uploads\/sites\/13\/2020\/07\/LogoNA-4x3-1.jpg","width":1236,"height":1080,"caption":"Noti-America LLC | M\u00e9xico"},"image":{"@id":"https:\/\/noti-america.com\/site\/mexico\/#\/schema\/logo\/image\/"}},{"@type":"Person","@id":"https:\/\/noti-america.com\/site\/mexico\/#\/schema\/person\/376ccc7b3cc7a8d5a43c3ece07a43857","name":"Yoelvzla","image":{"@type":"ImageObject","inLanguage":"es","@id":"https:\/\/secure.gravatar.com\/avatar\/13a96a72123e0e9aa76fe82e8847f726c63a1c5ef6a8d0fadd844c1a5a83b212?s=96&d=mm&r=g","url":"https:\/\/secure.gravatar.com\/avatar\/13a96a72123e0e9aa76fe82e8847f726c63a1c5ef6a8d0fadd844c1a5a83b212?s=96&d=mm&r=g","contentUrl":"https:\/\/secure.gravatar.com\/avatar\/13a96a72123e0e9aa76fe82e8847f726c63a1c5ef6a8d0fadd844c1a5a83b212?s=96&d=mm&r=g","caption":"Yoelvzla"},"url":"https:\/\/noti-america.com\/site\/mexico\/author\/ydiaz\/"}]}},"_links":{"self":[{"href":"https:\/\/noti-america.com\/site\/mexico\/wp-json\/wp\/v2\/posts\/8486","targetHints":{"allow":["GET"]}}],"collection":[{"href":"https:\/\/noti-america.com\/site\/mexico\/wp-json\/wp\/v2\/posts"}],"about":[{"href":"https:\/\/noti-america.com\/site\/mexico\/wp-json\/wp\/v2\/types\/post"}],"author":[{"embeddable":true,"href":"https:\/\/noti-america.com\/site\/mexico\/wp-json\/wp\/v2\/users\/127"}],"replies":[{"embeddable":true,"href":"https:\/\/noti-america.com\/site\/mexico\/wp-json\/wp\/v2\/comments?post=8486"}],"version-history":[{"count":1,"href":"https:\/\/noti-america.com\/site\/mexico\/wp-json\/wp\/v2\/posts\/8486\/revisions"}],"predecessor-version":[{"id":8489,"href":"https:\/\/noti-america.com\/site\/mexico\/wp-json\/wp\/v2\/posts\/8486\/revisions\/8489"}],"wp:featuredmedia":[{"embeddable":true,"href":"https:\/\/noti-america.com\/site\/mexico\/wp-json\/wp\/v2\/media\/8488"}],"wp:attachment":[{"href":"https:\/\/noti-america.com\/site\/mexico\/wp-json\/wp\/v2\/media?parent=8486"}],"wp:term":[{"taxonomy":"category","embeddable":true,"href":"https:\/\/noti-america.com\/site\/mexico\/wp-json\/wp\/v2\/categories?post=8486"},{"taxonomy":"post_tag","embeddable":true,"href":"https:\/\/noti-america.com\/site\/mexico\/wp-json\/wp\/v2\/tags?post=8486"}],"curies":[{"name":"wp","href":"https:\/\/api.w.org\/{rel}","templated":true}]}}