{"id":8470,"date":"2022-10-06T17:48:47","date_gmt":"2022-10-06T17:48:47","guid":{"rendered":"https:\/\/noti-america.com\/site\/mexico\/?p=8470"},"modified":"2022-10-06T17:48:47","modified_gmt":"2022-10-06T17:48:47","slug":"del-8-al-11-de-diciembre-se-realizara-la-expotransporte-internacional-venezuela-2022","status":"publish","type":"post","link":"https:\/\/noti-america.com\/site\/mexico\/2022\/10\/06\/del-8-al-11-de-diciembre-se-realizara-la-expotransporte-internacional-venezuela-2022\/","title":{"rendered":"Del 8 al 11 de diciembre se realizar\u00e1 la ExpoTransporte Internacional Venezuela 2022"},"content":{"rendered":"<p>Del <strong>8 al 11 de diciembre<\/strong> se realizar\u00e1 la <strong>ExpoTransporte Internacional Venezuela 2022<\/strong>, en el <strong>Parque Sim\u00f3n Bol\u00edvar de la Carlota,<\/strong> ubicado en Miranda, una exhibici\u00f3n que contar\u00e1 con m\u00e1s de 20 mil metros cuadrados, con el prop\u00f3sito de mostrar los avances del transporte en Venezuela, adem\u00e1s de servir de espacios de entretenimiento para adultos y ni\u00f1os.<\/p>\n<p>&nbsp;<\/p>\n<p>As\u00ed lo anunci\u00f3 este mi\u00e9rcoles el ministro del Poder Popular para el Transporte, <strong>Ram\u00f3n Vel\u00e1squez Araguay\u00e1n<\/strong>, durante el lanzamiento de la feria. \u201cTendremos m\u00e1s de 6 mil metros cuadrados de carpa aclimatada, donde se van a realizar las jornadas con expertos nacionales e internacionales en diversos temas que abarcan lo acu\u00e1tico, a\u00e9reo y terrestre\u201d.<\/p>\n<p>&nbsp;<\/p>\n<p>Agreg\u00f3 que habr\u00e1 14 mil metros cuadrados de exposici\u00f3n externa y 500 metros para la zona infantil, <strong>\u00abya que nuestros ni\u00f1os tambi\u00e9n merecen tener un espacio donde divertirse\u201d<\/strong>.<\/p>\n<p>&nbsp;<\/p>\n<p>El recinto adem\u00e1s dispondr\u00e1 de 800 metros cuadrados de operativos de atenci\u00f3n al pueblo por parte de todas las instituciones del poder popular para el transporte, entre ellas el<strong> Instituto Nacional de Transporte Terrestre, el Instituto Nacional de Espacios Acu\u00e1ticos y el Instituto Nacional de Aeron\u00e1utica Civil<\/strong>, organismos que facilitar\u00e1n la tramitaci\u00f3n de documentos y permisos en tiempo real.<\/p>\n<p>&nbsp;<\/p>\n<p>Asimismo, el ministro Vel\u00e1squez se refiri\u00f3 a la realizaci\u00f3n de ruedas de negocios con el fin de maximizar las potencialidades de la <strong>Gran Misi\u00f3n Transporte Venezuela<\/strong>. \u201cBuscamos el fortalecimiento del motor transporte que es uno de los m\u00e1s importantes de nuestro desarrollo y \u00a0traer\u00e1 significativos beneficios para el intercambio de experiencia y el intercambio de saberes\u201d.<\/p>\n<p>&nbsp;<\/p>\n<p>La entrada ser\u00e1 gratuita y las \u00e1reas de exposici\u00f3n estar\u00e1n abiertas al p\u00fablico desde las <strong>10:00 de la ma\u00f1ana hasta las 07:00 de la noche<\/strong>, mientras que de 07:00 pm a 10:00 pm efectuar\u00e1n actividades culturales, todo siguiendo estrictas medidas de resguardo y control. \u201cTenemos los mecanismo para evitar situaciones de Covid, para mantener la seguridad, que todo est\u00e9 desplegado de acuerdo a una normativa y para ello contamos con un equipo que est\u00e1 organizado\u201d, asegur\u00f3 <strong>Vel\u00e1squez Araguay\u00e1n<\/strong>.<\/p>\n<p>&nbsp;<\/p>\n<p>Para facilitar el acceso a la informaci\u00f3n relacionada con este importante evento, el titular de la cartera de Transporte inform\u00f3 que han dise\u00f1ado una plataforma tecnol\u00f3gica a trav\u00e9s de un c\u00f3digo QR, que una vez escaneado le permite conocer toda la informaci\u00f3n de la exposici\u00f3n.<\/p>\n<p>&nbsp;<\/p>\n<p>Al ingresar, el usuario podr\u00e1 conocer la ubicaci\u00f3n de los espacios, los diferentes eventos que se van a realizar, charlas informativas, entre otros. \u201cToda esta informaci\u00f3n esta publicada en una plataforma digital, que a partir de este momento, vamos a distribuir por las redes sociales para el conocimiento del p\u00fablico venezolano\u201d, recalc\u00f3.<\/p>\n<p>&nbsp;<\/p>\n<p>*M\u00e1s de 400 empresas ofrecer\u00e1n sus servicios*<\/p>\n<p>&nbsp;<\/p>\n<p>M\u00e1s de 400 empresas p\u00fablicas y privadas de diferentes sectores, dar\u00e1n a conocer y brindar\u00e1n sus servicios al p\u00fablico asistente.<\/p>\n<p>&nbsp;<\/p>\n<p><strong>Ridery<\/strong> empresa de movilidad que tiene 17 a\u00f1os emprendiendo en el mundo digital, \u00a0mostrar\u00e1 sus servicios a los visitantes, su presidente Gerson G\u00f3mez, nos habl\u00f3 sobre su participaci\u00f3n en la ExpoTransporte. \u00abEstoy seguro que van a salir soluciones nuevas que incluso a\u00fan no nos imaginamos, as\u00ed que esta participaci\u00f3n b\u00e1sicamente es una apertura que nos va a poder conectar con instituciones y empresarios de otras partes del pa\u00eds\u201d.<\/p>\n","protected":false},"excerpt":{"rendered":"<p>Del 8 al 11 de diciembre se realizar\u00e1 la ExpoTransporte Internacional Venezuela 2022, en el Parque Sim\u00f3n Bol\u00edvar de la Carlota, ubicado en Miranda, una exhibici\u00f3n que contar\u00e1 con m\u00e1s de 20 mil metros&#46;&#46;&#46;<\/p>\n","protected":false},"author":127,"featured_media":8471,"comment_status":"open","ping_status":"open","sticky":false,"template":"","format":"image","meta":{"_acf_changed":false,"om_disable_all_campaigns":false,"rop_custom_images_group":[],"rop_custom_messages_group":[],"rop_publish_now":"initial","rop_publish_now_accounts":{"twitter_242054905_242054905":""},"rop_publish_now_history":[],"rop_publish_now_status":"pending","_uf_show_specific_survey":0,"_uf_disable_surveys":false,"footnotes":""},"categories":[417],"tags":[],"class_list":["post-8470","post","type-post","status-publish","format-image","has-post-thumbnail","hentry","category-venezuela","post_format-post-format-image"],"acf":[],"aioseo_notices":[],"yoast_head":"<!-- This site is optimized with the Yoast SEO Premium plugin v24.9 (Yoast SEO v27.2) - https:\/\/yoast.com\/product\/yoast-seo-premium-wordpress\/ -->\n<title>Del 8 al 11 de diciembre se realizar\u00e1 la ExpoTransporte Internacional Venezuela 2022 - M\u00e9xico<\/title>\n<meta name=\"robots\" content=\"index, follow, max-snippet:-1, max-image-preview:large, max-video-preview:-1\" \/>\n<link rel=\"canonical\" href=\"https:\/\/noti-america.com\/site\/mexico\/2022\/10\/06\/del-8-al-11-de-diciembre-se-realizara-la-expotransporte-internacional-venezuela-2022\/\" \/>\n<meta property=\"og:locale\" content=\"es_ES\" \/>\n<meta property=\"og:type\" content=\"article\" \/>\n<meta property=\"og:title\" content=\"Del 8 al 11 de diciembre se realizar\u00e1 la ExpoTransporte Internacional Venezuela 2022\" \/>\n<meta property=\"og:description\" content=\"Del 8 al 11 de diciembre se realizar\u00e1 la ExpoTransporte Internacional Venezuela 2022, en el Parque Sim\u00f3n Bol\u00edvar de la Carlota, ubicado en Miranda, una exhibici\u00f3n que contar\u00e1 con m\u00e1s de 20 mil metros&#046;&#046;&#046;\" \/>\n<meta property=\"og:url\" content=\"https:\/\/noti-america.com\/site\/mexico\/2022\/10\/06\/del-8-al-11-de-diciembre-se-realizara-la-expotransporte-internacional-venezuela-2022\/\" \/>\n<meta property=\"og:site_name\" content=\"M\u00e9xico\" \/>\n<meta property=\"article:published_time\" content=\"2022-10-06T17:48:47+00:00\" \/>\n<meta property=\"og:image\" content=\"https:\/\/noti-america.com\/site\/mexico\/wp-content\/uploads\/sites\/13\/2022\/10\/trasporte.jpg\" \/>\n\t<meta property=\"og:image:width\" content=\"960\" \/>\n\t<meta property=\"og:image:height\" content=\"540\" \/>\n\t<meta property=\"og:image:type\" content=\"image\/jpeg\" \/>\n<meta name=\"author\" content=\"Yoelvzla\" \/>\n<meta name=\"twitter:card\" content=\"summary_large_image\" \/>\n<meta name=\"twitter:label1\" content=\"Escrito por\" \/>\n\t<meta name=\"twitter:data1\" content=\"Yoelvzla\" \/>\n\t<meta name=\"twitter:label2\" content=\"Tiempo estimado de lectura\" \/>\n\t<meta name=\"twitter:data2\" content=\"3 minutos\" \/>\n<script type=\"application\/ld+json\" class=\"yoast-schema-graph\">{\"@context\":\"https:\/\/schema.org\",\"@graph\":[{\"@type\":\"Article\",\"@id\":\"https:\/\/noti-america.com\/site\/mexico\/2022\/10\/06\/del-8-al-11-de-diciembre-se-realizara-la-expotransporte-internacional-venezuela-2022\/#article\",\"isPartOf\":{\"@id\":\"https:\/\/noti-america.com\/site\/mexico\/2022\/10\/06\/del-8-al-11-de-diciembre-se-realizara-la-expotransporte-internacional-venezuela-2022\/\"},\"author\":{\"name\":\"Yoelvzla\",\"@id\":\"https:\/\/noti-america.com\/site\/mexico\/#\/schema\/person\/376ccc7b3cc7a8d5a43c3ece07a43857\"},\"headline\":\"Del 8 al 11 de diciembre se realizar\u00e1 la ExpoTransporte Internacional Venezuela 2022\",\"datePublished\":\"2022-10-06T17:48:47+00:00\",\"mainEntityOfPage\":{\"@id\":\"https:\/\/noti-america.com\/site\/mexico\/2022\/10\/06\/del-8-al-11-de-diciembre-se-realizara-la-expotransporte-internacional-venezuela-2022\/\"},\"wordCount\":587,\"commentCount\":0,\"publisher\":{\"@id\":\"https:\/\/noti-america.com\/site\/mexico\/#organization\"},\"image\":{\"@id\":\"https:\/\/noti-america.com\/site\/mexico\/2022\/10\/06\/del-8-al-11-de-diciembre-se-realizara-la-expotransporte-internacional-venezuela-2022\/#primaryimage\"},\"thumbnailUrl\":\"https:\/\/noti-america.com\/site\/mexico\/wp-content\/uploads\/sites\/13\/2022\/10\/trasporte.jpg\",\"articleSection\":[\"Venezuela\"],\"inLanguage\":\"es\",\"potentialAction\":[{\"@type\":\"CommentAction\",\"name\":\"Comment\",\"target\":[\"https:\/\/noti-america.com\/site\/mexico\/2022\/10\/06\/del-8-al-11-de-diciembre-se-realizara-la-expotransporte-internacional-venezuela-2022\/#respond\"]}]},{\"@type\":\"WebPage\",\"@id\":\"https:\/\/noti-america.com\/site\/mexico\/2022\/10\/06\/del-8-al-11-de-diciembre-se-realizara-la-expotransporte-internacional-venezuela-2022\/\",\"url\":\"https:\/\/noti-america.com\/site\/mexico\/2022\/10\/06\/del-8-al-11-de-diciembre-se-realizara-la-expotransporte-internacional-venezuela-2022\/\",\"name\":\"Del 8 al 11 de diciembre se realizar\u00e1 la ExpoTransporte Internacional Venezuela 2022 - M\u00e9xico\",\"isPartOf\":{\"@id\":\"https:\/\/noti-america.com\/site\/mexico\/#website\"},\"primaryImageOfPage\":{\"@id\":\"https:\/\/noti-america.com\/site\/mexico\/2022\/10\/06\/del-8-al-11-de-diciembre-se-realizara-la-expotransporte-internacional-venezuela-2022\/#primaryimage\"},\"image\":{\"@id\":\"https:\/\/noti-america.com\/site\/mexico\/2022\/10\/06\/del-8-al-11-de-diciembre-se-realizara-la-expotransporte-internacional-venezuela-2022\/#primaryimage\"},\"thumbnailUrl\":\"https:\/\/noti-america.com\/site\/mexico\/wp-content\/uploads\/sites\/13\/2022\/10\/trasporte.jpg\",\"datePublished\":\"2022-10-06T17:48:47+00:00\",\"breadcrumb\":{\"@id\":\"https:\/\/noti-america.com\/site\/mexico\/2022\/10\/06\/del-8-al-11-de-diciembre-se-realizara-la-expotransporte-internacional-venezuela-2022\/#breadcrumb\"},\"inLanguage\":\"es\",\"potentialAction\":[{\"@type\":\"ReadAction\",\"target\":[\"https:\/\/noti-america.com\/site\/mexico\/2022\/10\/06\/del-8-al-11-de-diciembre-se-realizara-la-expotransporte-internacional-venezuela-2022\/\"]}]},{\"@type\":\"ImageObject\",\"inLanguage\":\"es\",\"@id\":\"https:\/\/noti-america.com\/site\/mexico\/2022\/10\/06\/del-8-al-11-de-diciembre-se-realizara-la-expotransporte-internacional-venezuela-2022\/#primaryimage\",\"url\":\"https:\/\/noti-america.com\/site\/mexico\/wp-content\/uploads\/sites\/13\/2022\/10\/trasporte.jpg\",\"contentUrl\":\"https:\/\/noti-america.com\/site\/mexico\/wp-content\/uploads\/sites\/13\/2022\/10\/trasporte.jpg\",\"width\":960,\"height\":540},{\"@type\":\"BreadcrumbList\",\"@id\":\"https:\/\/noti-america.com\/site\/mexico\/2022\/10\/06\/del-8-al-11-de-diciembre-se-realizara-la-expotransporte-internacional-venezuela-2022\/#breadcrumb\",\"itemListElement\":[{\"@type\":\"ListItem\",\"position\":1,\"name\":\"Portada\",\"item\":\"https:\/\/noti-america.com\/site\/mexico\/\"},{\"@type\":\"ListItem\",\"position\":2,\"name\":\"Del 8 al 11 de diciembre se realizar\u00e1 la ExpoTransporte Internacional Venezuela 2022\"}]},{\"@type\":\"WebSite\",\"@id\":\"https:\/\/noti-america.com\/site\/mexico\/#website\",\"url\":\"https:\/\/noti-america.com\/site\/mexico\/\",\"name\":\"M\u00e9xico | Noti-America.com\",\"description\":\"\",\"publisher\":{\"@id\":\"https:\/\/noti-america.com\/site\/mexico\/#organization\"},\"potentialAction\":[{\"@type\":\"SearchAction\",\"target\":{\"@type\":\"EntryPoint\",\"urlTemplate\":\"https:\/\/noti-america.com\/site\/mexico\/?s={search_term_string}\"},\"query-input\":{\"@type\":\"PropertyValueSpecification\",\"valueRequired\":true,\"valueName\":\"search_term_string\"}}],\"inLanguage\":\"es\"},{\"@type\":\"Organization\",\"@id\":\"https:\/\/noti-america.com\/site\/mexico\/#organization\",\"name\":\"Noti-America LLC | M\u00e9xico\",\"url\":\"https:\/\/noti-america.com\/site\/mexico\/\",\"logo\":{\"@type\":\"ImageObject\",\"inLanguage\":\"es\",\"@id\":\"https:\/\/noti-america.com\/site\/mexico\/#\/schema\/logo\/image\/\",\"url\":\"https:\/\/noti-america.com\/site\/mexico\/wp-content\/uploads\/sites\/13\/2020\/07\/LogoNA-4x3-1.jpg\",\"contentUrl\":\"https:\/\/noti-america.com\/site\/mexico\/wp-content\/uploads\/sites\/13\/2020\/07\/LogoNA-4x3-1.jpg\",\"width\":1236,\"height\":1080,\"caption\":\"Noti-America LLC | M\u00e9xico\"},\"image\":{\"@id\":\"https:\/\/noti-america.com\/site\/mexico\/#\/schema\/logo\/image\/\"}},{\"@type\":\"Person\",\"@id\":\"https:\/\/noti-america.com\/site\/mexico\/#\/schema\/person\/376ccc7b3cc7a8d5a43c3ece07a43857\",\"name\":\"Yoelvzla\",\"image\":{\"@type\":\"ImageObject\",\"inLanguage\":\"es\",\"@id\":\"https:\/\/secure.gravatar.com\/avatar\/13a96a72123e0e9aa76fe82e8847f726c63a1c5ef6a8d0fadd844c1a5a83b212?s=96&d=mm&r=g\",\"url\":\"https:\/\/secure.gravatar.com\/avatar\/13a96a72123e0e9aa76fe82e8847f726c63a1c5ef6a8d0fadd844c1a5a83b212?s=96&d=mm&r=g\",\"contentUrl\":\"https:\/\/secure.gravatar.com\/avatar\/13a96a72123e0e9aa76fe82e8847f726c63a1c5ef6a8d0fadd844c1a5a83b212?s=96&d=mm&r=g\",\"caption\":\"Yoelvzla\"},\"url\":\"https:\/\/noti-america.com\/site\/mexico\/author\/ydiaz\/\"}]}<\/script>\n<!-- \/ Yoast SEO Premium plugin. -->","yoast_head_json":{"title":"Del 8 al 11 de diciembre se realizar\u00e1 la ExpoTransporte Internacional Venezuela 2022 - M\u00e9xico","robots":{"index":"index","follow":"follow","max-snippet":"max-snippet:-1","max-image-preview":"max-image-preview:large","max-video-preview":"max-video-preview:-1"},"canonical":"https:\/\/noti-america.com\/site\/mexico\/2022\/10\/06\/del-8-al-11-de-diciembre-se-realizara-la-expotransporte-internacional-venezuela-2022\/","og_locale":"es_ES","og_type":"article","og_title":"Del 8 al 11 de diciembre se realizar\u00e1 la ExpoTransporte Internacional Venezuela 2022","og_description":"Del 8 al 11 de diciembre se realizar\u00e1 la ExpoTransporte Internacional Venezuela 2022, en el Parque Sim\u00f3n Bol\u00edvar de la Carlota, ubicado en Miranda, una exhibici\u00f3n que contar\u00e1 con m\u00e1s de 20 mil metros&#46;&#46;&#46;","og_url":"https:\/\/noti-america.com\/site\/mexico\/2022\/10\/06\/del-8-al-11-de-diciembre-se-realizara-la-expotransporte-internacional-venezuela-2022\/","og_site_name":"M\u00e9xico","article_published_time":"2022-10-06T17:48:47+00:00","og_image":[{"width":960,"height":540,"url":"https:\/\/noti-america.com\/site\/mexico\/wp-content\/uploads\/sites\/13\/2022\/10\/trasporte.jpg","type":"image\/jpeg"}],"author":"Yoelvzla","twitter_card":"summary_large_image","twitter_misc":{"Escrito por":"Yoelvzla","Tiempo estimado de lectura":"3 minutos"},"schema":{"@context":"https:\/\/schema.org","@graph":[{"@type":"Article","@id":"https:\/\/noti-america.com\/site\/mexico\/2022\/10\/06\/del-8-al-11-de-diciembre-se-realizara-la-expotransporte-internacional-venezuela-2022\/#article","isPartOf":{"@id":"https:\/\/noti-america.com\/site\/mexico\/2022\/10\/06\/del-8-al-11-de-diciembre-se-realizara-la-expotransporte-internacional-venezuela-2022\/"},"author":{"name":"Yoelvzla","@id":"https:\/\/noti-america.com\/site\/mexico\/#\/schema\/person\/376ccc7b3cc7a8d5a43c3ece07a43857"},"headline":"Del 8 al 11 de diciembre se realizar\u00e1 la ExpoTransporte Internacional Venezuela 2022","datePublished":"2022-10-06T17:48:47+00:00","mainEntityOfPage":{"@id":"https:\/\/noti-america.com\/site\/mexico\/2022\/10\/06\/del-8-al-11-de-diciembre-se-realizara-la-expotransporte-internacional-venezuela-2022\/"},"wordCount":587,"commentCount":0,"publisher":{"@id":"https:\/\/noti-america.com\/site\/mexico\/#organization"},"image":{"@id":"https:\/\/noti-america.com\/site\/mexico\/2022\/10\/06\/del-8-al-11-de-diciembre-se-realizara-la-expotransporte-internacional-venezuela-2022\/#primaryimage"},"thumbnailUrl":"https:\/\/noti-america.com\/site\/mexico\/wp-content\/uploads\/sites\/13\/2022\/10\/trasporte.jpg","articleSection":["Venezuela"],"inLanguage":"es","potentialAction":[{"@type":"CommentAction","name":"Comment","target":["https:\/\/noti-america.com\/site\/mexico\/2022\/10\/06\/del-8-al-11-de-diciembre-se-realizara-la-expotransporte-internacional-venezuela-2022\/#respond"]}]},{"@type":"WebPage","@id":"https:\/\/noti-america.com\/site\/mexico\/2022\/10\/06\/del-8-al-11-de-diciembre-se-realizara-la-expotransporte-internacional-venezuela-2022\/","url":"https:\/\/noti-america.com\/site\/mexico\/2022\/10\/06\/del-8-al-11-de-diciembre-se-realizara-la-expotransporte-internacional-venezuela-2022\/","name":"Del 8 al 11 de diciembre se realizar\u00e1 la ExpoTransporte Internacional Venezuela 2022 - M\u00e9xico","isPartOf":{"@id":"https:\/\/noti-america.com\/site\/mexico\/#website"},"primaryImageOfPage":{"@id":"https:\/\/noti-america.com\/site\/mexico\/2022\/10\/06\/del-8-al-11-de-diciembre-se-realizara-la-expotransporte-internacional-venezuela-2022\/#primaryimage"},"image":{"@id":"https:\/\/noti-america.com\/site\/mexico\/2022\/10\/06\/del-8-al-11-de-diciembre-se-realizara-la-expotransporte-internacional-venezuela-2022\/#primaryimage"},"thumbnailUrl":"https:\/\/noti-america.com\/site\/mexico\/wp-content\/uploads\/sites\/13\/2022\/10\/trasporte.jpg","datePublished":"2022-10-06T17:48:47+00:00","breadcrumb":{"@id":"https:\/\/noti-america.com\/site\/mexico\/2022\/10\/06\/del-8-al-11-de-diciembre-se-realizara-la-expotransporte-internacional-venezuela-2022\/#breadcrumb"},"inLanguage":"es","potentialAction":[{"@type":"ReadAction","target":["https:\/\/noti-america.com\/site\/mexico\/2022\/10\/06\/del-8-al-11-de-diciembre-se-realizara-la-expotransporte-internacional-venezuela-2022\/"]}]},{"@type":"ImageObject","inLanguage":"es","@id":"https:\/\/noti-america.com\/site\/mexico\/2022\/10\/06\/del-8-al-11-de-diciembre-se-realizara-la-expotransporte-internacional-venezuela-2022\/#primaryimage","url":"https:\/\/noti-america.com\/site\/mexico\/wp-content\/uploads\/sites\/13\/2022\/10\/trasporte.jpg","contentUrl":"https:\/\/noti-america.com\/site\/mexico\/wp-content\/uploads\/sites\/13\/2022\/10\/trasporte.jpg","width":960,"height":540},{"@type":"BreadcrumbList","@id":"https:\/\/noti-america.com\/site\/mexico\/2022\/10\/06\/del-8-al-11-de-diciembre-se-realizara-la-expotransporte-internacional-venezuela-2022\/#breadcrumb","itemListElement":[{"@type":"ListItem","position":1,"name":"Portada","item":"https:\/\/noti-america.com\/site\/mexico\/"},{"@type":"ListItem","position":2,"name":"Del 8 al 11 de diciembre se realizar\u00e1 la ExpoTransporte Internacional Venezuela 2022"}]},{"@type":"WebSite","@id":"https:\/\/noti-america.com\/site\/mexico\/#website","url":"https:\/\/noti-america.com\/site\/mexico\/","name":"M\u00e9xico | Noti-America.com","description":"","publisher":{"@id":"https:\/\/noti-america.com\/site\/mexico\/#organization"},"potentialAction":[{"@type":"SearchAction","target":{"@type":"EntryPoint","urlTemplate":"https:\/\/noti-america.com\/site\/mexico\/?s={search_term_string}"},"query-input":{"@type":"PropertyValueSpecification","valueRequired":true,"valueName":"search_term_string"}}],"inLanguage":"es"},{"@type":"Organization","@id":"https:\/\/noti-america.com\/site\/mexico\/#organization","name":"Noti-America LLC | M\u00e9xico","url":"https:\/\/noti-america.com\/site\/mexico\/","logo":{"@type":"ImageObject","inLanguage":"es","@id":"https:\/\/noti-america.com\/site\/mexico\/#\/schema\/logo\/image\/","url":"https:\/\/noti-america.com\/site\/mexico\/wp-content\/uploads\/sites\/13\/2020\/07\/LogoNA-4x3-1.jpg","contentUrl":"https:\/\/noti-america.com\/site\/mexico\/wp-content\/uploads\/sites\/13\/2020\/07\/LogoNA-4x3-1.jpg","width":1236,"height":1080,"caption":"Noti-America LLC | M\u00e9xico"},"image":{"@id":"https:\/\/noti-america.com\/site\/mexico\/#\/schema\/logo\/image\/"}},{"@type":"Person","@id":"https:\/\/noti-america.com\/site\/mexico\/#\/schema\/person\/376ccc7b3cc7a8d5a43c3ece07a43857","name":"Yoelvzla","image":{"@type":"ImageObject","inLanguage":"es","@id":"https:\/\/secure.gravatar.com\/avatar\/13a96a72123e0e9aa76fe82e8847f726c63a1c5ef6a8d0fadd844c1a5a83b212?s=96&d=mm&r=g","url":"https:\/\/secure.gravatar.com\/avatar\/13a96a72123e0e9aa76fe82e8847f726c63a1c5ef6a8d0fadd844c1a5a83b212?s=96&d=mm&r=g","contentUrl":"https:\/\/secure.gravatar.com\/avatar\/13a96a72123e0e9aa76fe82e8847f726c63a1c5ef6a8d0fadd844c1a5a83b212?s=96&d=mm&r=g","caption":"Yoelvzla"},"url":"https:\/\/noti-america.com\/site\/mexico\/author\/ydiaz\/"}]}},"_links":{"self":[{"href":"https:\/\/noti-america.com\/site\/mexico\/wp-json\/wp\/v2\/posts\/8470","targetHints":{"allow":["GET"]}}],"collection":[{"href":"https:\/\/noti-america.com\/site\/mexico\/wp-json\/wp\/v2\/posts"}],"about":[{"href":"https:\/\/noti-america.com\/site\/mexico\/wp-json\/wp\/v2\/types\/post"}],"author":[{"embeddable":true,"href":"https:\/\/noti-america.com\/site\/mexico\/wp-json\/wp\/v2\/users\/127"}],"replies":[{"embeddable":true,"href":"https:\/\/noti-america.com\/site\/mexico\/wp-json\/wp\/v2\/comments?post=8470"}],"version-history":[{"count":1,"href":"https:\/\/noti-america.com\/site\/mexico\/wp-json\/wp\/v2\/posts\/8470\/revisions"}],"predecessor-version":[{"id":8472,"href":"https:\/\/noti-america.com\/site\/mexico\/wp-json\/wp\/v2\/posts\/8470\/revisions\/8472"}],"wp:featuredmedia":[{"embeddable":true,"href":"https:\/\/noti-america.com\/site\/mexico\/wp-json\/wp\/v2\/media\/8471"}],"wp:attachment":[{"href":"https:\/\/noti-america.com\/site\/mexico\/wp-json\/wp\/v2\/media?parent=8470"}],"wp:term":[{"taxonomy":"category","embeddable":true,"href":"https:\/\/noti-america.com\/site\/mexico\/wp-json\/wp\/v2\/categories?post=8470"},{"taxonomy":"post_tag","embeddable":true,"href":"https:\/\/noti-america.com\/site\/mexico\/wp-json\/wp\/v2\/tags?post=8470"}],"curies":[{"name":"wp","href":"https:\/\/api.w.org\/{rel}","templated":true}]}}