{"id":8467,"date":"2022-10-06T17:42:49","date_gmt":"2022-10-06T17:42:49","guid":{"rendered":"https:\/\/noti-america.com\/site\/mexico\/?p=8467"},"modified":"2022-10-06T17:42:49","modified_gmt":"2022-10-06T17:42:49","slug":"entregan-denuncia-por-agresiones-a-las-pilotos-de-conviasa-andrea-palacios-y-jasmin-acosta","status":"publish","type":"post","link":"https:\/\/noti-america.com\/site\/mexico\/2022\/10\/06\/entregan-denuncia-por-agresiones-a-las-pilotos-de-conviasa-andrea-palacios-y-jasmin-acosta\/","title":{"rendered":"Entregan denuncia por agresiones a las pilotos de Conviasa Andrea Palacios y Jasm\u00edn Acosta"},"content":{"rendered":"<p>El ministro del Poder Popular para el Transporte y presidente de Conviasa, <strong>Ram\u00f3n Vel\u00e1squez Araguay\u00e1n<\/strong>, junto al movimiento de mujeres del transporte Manuelita S\u00e1enz y representantes de la Uni\u00f3n Nacional de Mujeres, UNAMUJER, entregaron este mi\u00e9rcoles ante la<strong> Fiscal\u00eda General de la Rep\u00fablica<\/strong>, la denuncia formal por difamaci\u00f3n, injuria, da\u00f1o moral y violencia de g\u00e9nero en contra de las pilotos de <strong>Conviasa<\/strong>, capit\u00e1n Andrea Palacios y primer oficial <strong>Jasm\u00edn Acosta.<\/strong><\/p>\n<p>&nbsp;<\/p>\n<p>Tras marcar un hito en la historia de la aviaci\u00f3n civil venezolana al realizar el primer vuelo al mando de mujeres, estas profesionales del aire fueron agredidas a trav\u00e9s de las redes sociales por el ex piloto <strong>Jos\u00e9 Lu\u00eds Puerta<\/strong>.<\/p>\n<p>&nbsp;<\/p>\n<p>Ante este hecho, el ministro Vel\u00e1squez se\u00f1al\u00f3 \u00abun individuo cometi\u00f3 injuria hablando en contra de la mujer venezolana, en contra de la institucionalidad, ya que argument\u00f3 que dichas pilotos no ten\u00edan las capacidades profesionales para asumir el reto de volar una aeronave tan importante para la aviaci\u00f3n civil internacional\u00bb.<\/p>\n<p>&nbsp;<\/p>\n<p>Explic\u00f3 que entregaron la denuncia acompa\u00f1ada de \u201ctodos los documentos donde se certifica la idoneidad profesional de nuestras mujeres, donde se certifica la capacidad y la voluntad que tienen ellas para seguir ejerciendo una actividad tan espec\u00edfica como lo es ser capit\u00e1n de mando de un avi\u00f3n comercial que lleva a lo interno m\u00e1s de cien pasajeros, m\u00e1s de cien responsabilidades\u00bb.<\/p>\n<p>&nbsp;<\/p>\n<p>El Fiscal General de la Rep\u00fablica, Tarek William Saab, recibi\u00f3 los documentos y detall\u00f3 \u00abinmediatamente que el ciudadano Ministro nos ha entregado esta denuncia con sus soportes en donde un ex piloto, identificado como Jos\u00e9 Lu\u00eds Puerta, adem\u00e1s de ofender obviamente el gentilicio de nuestra mujer, estamos ante la instigaci\u00f3n al odio, una violaci\u00f3n tambi\u00e9n al derecho al trabajo, porque el hecho de ser mujer no las excluye de ser piloto o tripulante\u201d.<\/p>\n<p>&nbsp;<\/p>\n<p>Inform\u00f3 que dar\u00e1n inicio al proceso de investigaci\u00f3n. <strong>\u00abAqu\u00ed yo tengo en la mano las carpetas que certifican el profesionalismo de nuestras mujeres pilotos, en tal sentido, el Ministerio P\u00fablico de forma inmediata ha designado a dos fiscales para que comiencen a hacer la labor respectiva, que trabajan en materia de derechos humanos y defensa tambi\u00e9n del derecho de la mujer\u201d<\/strong>.<\/p>\n<p>&nbsp;<\/p>\n<p>Saab adem\u00e1s recalc\u00f3 \u00abcasos como este no hay que tomarlos de forma aislada, vamos hacer justicia como Ministerio P\u00fablico tal y como hemos hecho en otros casos legales\u00bb.<\/p>\n<p>&nbsp;<\/p>\n<p>El Movimiento Manuelita S\u00e1ez de la Gran Misi\u00f3n Transporte Venezuela tambi\u00e9n repudi\u00f3 este hecho. La presidenta de este frente, Eliana Salazar, expres\u00f3 \u201crechazamos todo este acto de difamaci\u00f3n de esta persona en contra de nuestras pilotos y hoy d\u00eda estamos ac\u00e1 para defender sus derechos\u201d.<\/p>\n<p>&nbsp;<\/p>\n<p>Exalt\u00f3 que el acusado cometi\u00f3 este acto irregular en contra de la moral y coloc\u00f3 en tela de juicio el derecho de las mujeres de ocupar cargos importantes, por lo que defienden el legado del \u00a0Comandante Supremo Hugo Ch\u00e1vez, quien tuvo como ideal mantener el socialismo feminista en todas las instituciones, \u201cy seremos nosotros desde ac\u00e1 que dejaremos este precedente\u201d.<\/p>\n<p>&nbsp;<\/p>\n<p>Por su parte, Andrea Palacios, capit\u00e1n del Embraer-190, alz\u00f3 su voz y mostr\u00f3 su orgullo como mujer venezolana y en defensa del derecho que tienen de ejercer la loable labor de pilotear una aeronave. \u201cSeamos ejemplo con esta denuncia de no permitir m\u00e1s atropellos a nuestro gremio y sepamos que juntas logramos muchas m\u00e1s cosas\u00bb.<\/p>\n<p>&nbsp;<\/p>\n","protected":false},"excerpt":{"rendered":"<p>El ministro del Poder Popular para el Transporte y presidente de Conviasa, Ram\u00f3n Vel\u00e1squez Araguay\u00e1n, junto al movimiento de mujeres del transporte Manuelita S\u00e1enz y representantes de la Uni\u00f3n Nacional de Mujeres, UNAMUJER, entregaron&#46;&#46;&#46;<\/p>\n","protected":false},"author":127,"featured_media":8468,"comment_status":"open","ping_status":"open","sticky":false,"template":"","format":"standard","meta":{"_acf_changed":false,"om_disable_all_campaigns":false,"rop_custom_images_group":[],"rop_custom_messages_group":[],"rop_publish_now":"initial","rop_publish_now_accounts":{"twitter_242054905_242054905":""},"rop_publish_now_history":[],"rop_publish_now_status":"pending","_uf_show_specific_survey":0,"_uf_disable_surveys":false,"footnotes":""},"categories":[417],"tags":[],"class_list":["post-8467","post","type-post","status-publish","format-standard","has-post-thumbnail","hentry","category-venezuela"],"acf":[],"aioseo_notices":[],"yoast_head":"<!-- This site is optimized with the Yoast SEO Premium plugin v24.9 (Yoast SEO v27.2) - https:\/\/yoast.com\/product\/yoast-seo-premium-wordpress\/ -->\n<title>Entregan denuncia por agresiones a las pilotos de Conviasa Andrea Palacios y Jasm\u00edn Acosta - M\u00e9xico<\/title>\n<meta name=\"robots\" content=\"index, follow, max-snippet:-1, max-image-preview:large, max-video-preview:-1\" \/>\n<link rel=\"canonical\" href=\"https:\/\/noti-america.com\/site\/mexico\/2022\/10\/06\/entregan-denuncia-por-agresiones-a-las-pilotos-de-conviasa-andrea-palacios-y-jasmin-acosta\/\" \/>\n<meta property=\"og:locale\" content=\"es_ES\" \/>\n<meta property=\"og:type\" content=\"article\" \/>\n<meta property=\"og:title\" content=\"Entregan denuncia por agresiones a las pilotos de Conviasa Andrea Palacios y Jasm\u00edn Acosta\" \/>\n<meta property=\"og:description\" content=\"El ministro del Poder Popular para el Transporte y presidente de Conviasa, Ram\u00f3n Vel\u00e1squez Araguay\u00e1n, junto al movimiento de mujeres del transporte Manuelita S\u00e1enz y representantes de la Uni\u00f3n Nacional de Mujeres, UNAMUJER, entregaron&#046;&#046;&#046;\" \/>\n<meta property=\"og:url\" content=\"https:\/\/noti-america.com\/site\/mexico\/2022\/10\/06\/entregan-denuncia-por-agresiones-a-las-pilotos-de-conviasa-andrea-palacios-y-jasmin-acosta\/\" \/>\n<meta property=\"og:site_name\" content=\"M\u00e9xico\" \/>\n<meta property=\"article:published_time\" content=\"2022-10-06T17:42:49+00:00\" \/>\n<meta property=\"og:image\" content=\"https:\/\/noti-america.com\/site\/mexico\/wp-content\/uploads\/sites\/13\/2022\/10\/Conviasaff.jpg\" \/>\n\t<meta property=\"og:image:width\" content=\"1280\" \/>\n\t<meta property=\"og:image:height\" content=\"720\" \/>\n\t<meta property=\"og:image:type\" content=\"image\/jpeg\" \/>\n<meta name=\"author\" content=\"Yoelvzla\" \/>\n<meta name=\"twitter:card\" content=\"summary_large_image\" \/>\n<meta name=\"twitter:label1\" content=\"Escrito por\" \/>\n\t<meta name=\"twitter:data1\" content=\"Yoelvzla\" \/>\n\t<meta name=\"twitter:label2\" content=\"Tiempo estimado de lectura\" \/>\n\t<meta name=\"twitter:data2\" content=\"3 minutos\" \/>\n<script type=\"application\/ld+json\" class=\"yoast-schema-graph\">{\"@context\":\"https:\/\/schema.org\",\"@graph\":[{\"@type\":\"Article\",\"@id\":\"https:\/\/noti-america.com\/site\/mexico\/2022\/10\/06\/entregan-denuncia-por-agresiones-a-las-pilotos-de-conviasa-andrea-palacios-y-jasmin-acosta\/#article\",\"isPartOf\":{\"@id\":\"https:\/\/noti-america.com\/site\/mexico\/2022\/10\/06\/entregan-denuncia-por-agresiones-a-las-pilotos-de-conviasa-andrea-palacios-y-jasmin-acosta\/\"},\"author\":{\"name\":\"Yoelvzla\",\"@id\":\"https:\/\/noti-america.com\/site\/mexico\/#\/schema\/person\/376ccc7b3cc7a8d5a43c3ece07a43857\"},\"headline\":\"Entregan denuncia por agresiones a las pilotos de Conviasa Andrea Palacios y Jasm\u00edn Acosta\",\"datePublished\":\"2022-10-06T17:42:49+00:00\",\"mainEntityOfPage\":{\"@id\":\"https:\/\/noti-america.com\/site\/mexico\/2022\/10\/06\/entregan-denuncia-por-agresiones-a-las-pilotos-de-conviasa-andrea-palacios-y-jasmin-acosta\/\"},\"wordCount\":614,\"commentCount\":0,\"publisher\":{\"@id\":\"https:\/\/noti-america.com\/site\/mexico\/#organization\"},\"image\":{\"@id\":\"https:\/\/noti-america.com\/site\/mexico\/2022\/10\/06\/entregan-denuncia-por-agresiones-a-las-pilotos-de-conviasa-andrea-palacios-y-jasmin-acosta\/#primaryimage\"},\"thumbnailUrl\":\"https:\/\/noti-america.com\/site\/mexico\/wp-content\/uploads\/sites\/13\/2022\/10\/Conviasaff.jpg\",\"articleSection\":[\"Venezuela\"],\"inLanguage\":\"es\",\"potentialAction\":[{\"@type\":\"CommentAction\",\"name\":\"Comment\",\"target\":[\"https:\/\/noti-america.com\/site\/mexico\/2022\/10\/06\/entregan-denuncia-por-agresiones-a-las-pilotos-de-conviasa-andrea-palacios-y-jasmin-acosta\/#respond\"]}]},{\"@type\":\"WebPage\",\"@id\":\"https:\/\/noti-america.com\/site\/mexico\/2022\/10\/06\/entregan-denuncia-por-agresiones-a-las-pilotos-de-conviasa-andrea-palacios-y-jasmin-acosta\/\",\"url\":\"https:\/\/noti-america.com\/site\/mexico\/2022\/10\/06\/entregan-denuncia-por-agresiones-a-las-pilotos-de-conviasa-andrea-palacios-y-jasmin-acosta\/\",\"name\":\"Entregan denuncia por agresiones a las pilotos de Conviasa Andrea Palacios y Jasm\u00edn Acosta - M\u00e9xico\",\"isPartOf\":{\"@id\":\"https:\/\/noti-america.com\/site\/mexico\/#website\"},\"primaryImageOfPage\":{\"@id\":\"https:\/\/noti-america.com\/site\/mexico\/2022\/10\/06\/entregan-denuncia-por-agresiones-a-las-pilotos-de-conviasa-andrea-palacios-y-jasmin-acosta\/#primaryimage\"},\"image\":{\"@id\":\"https:\/\/noti-america.com\/site\/mexico\/2022\/10\/06\/entregan-denuncia-por-agresiones-a-las-pilotos-de-conviasa-andrea-palacios-y-jasmin-acosta\/#primaryimage\"},\"thumbnailUrl\":\"https:\/\/noti-america.com\/site\/mexico\/wp-content\/uploads\/sites\/13\/2022\/10\/Conviasaff.jpg\",\"datePublished\":\"2022-10-06T17:42:49+00:00\",\"breadcrumb\":{\"@id\":\"https:\/\/noti-america.com\/site\/mexico\/2022\/10\/06\/entregan-denuncia-por-agresiones-a-las-pilotos-de-conviasa-andrea-palacios-y-jasmin-acosta\/#breadcrumb\"},\"inLanguage\":\"es\",\"potentialAction\":[{\"@type\":\"ReadAction\",\"target\":[\"https:\/\/noti-america.com\/site\/mexico\/2022\/10\/06\/entregan-denuncia-por-agresiones-a-las-pilotos-de-conviasa-andrea-palacios-y-jasmin-acosta\/\"]}]},{\"@type\":\"ImageObject\",\"inLanguage\":\"es\",\"@id\":\"https:\/\/noti-america.com\/site\/mexico\/2022\/10\/06\/entregan-denuncia-por-agresiones-a-las-pilotos-de-conviasa-andrea-palacios-y-jasmin-acosta\/#primaryimage\",\"url\":\"https:\/\/noti-america.com\/site\/mexico\/wp-content\/uploads\/sites\/13\/2022\/10\/Conviasaff.jpg\",\"contentUrl\":\"https:\/\/noti-america.com\/site\/mexico\/wp-content\/uploads\/sites\/13\/2022\/10\/Conviasaff.jpg\",\"width\":1280,\"height\":720},{\"@type\":\"BreadcrumbList\",\"@id\":\"https:\/\/noti-america.com\/site\/mexico\/2022\/10\/06\/entregan-denuncia-por-agresiones-a-las-pilotos-de-conviasa-andrea-palacios-y-jasmin-acosta\/#breadcrumb\",\"itemListElement\":[{\"@type\":\"ListItem\",\"position\":1,\"name\":\"Portada\",\"item\":\"https:\/\/noti-america.com\/site\/mexico\/\"},{\"@type\":\"ListItem\",\"position\":2,\"name\":\"Entregan denuncia por agresiones a las pilotos de Conviasa Andrea Palacios y Jasm\u00edn Acosta\"}]},{\"@type\":\"WebSite\",\"@id\":\"https:\/\/noti-america.com\/site\/mexico\/#website\",\"url\":\"https:\/\/noti-america.com\/site\/mexico\/\",\"name\":\"M\u00e9xico | Noti-America.com\",\"description\":\"\",\"publisher\":{\"@id\":\"https:\/\/noti-america.com\/site\/mexico\/#organization\"},\"potentialAction\":[{\"@type\":\"SearchAction\",\"target\":{\"@type\":\"EntryPoint\",\"urlTemplate\":\"https:\/\/noti-america.com\/site\/mexico\/?s={search_term_string}\"},\"query-input\":{\"@type\":\"PropertyValueSpecification\",\"valueRequired\":true,\"valueName\":\"search_term_string\"}}],\"inLanguage\":\"es\"},{\"@type\":\"Organization\",\"@id\":\"https:\/\/noti-america.com\/site\/mexico\/#organization\",\"name\":\"Noti-America LLC | M\u00e9xico\",\"url\":\"https:\/\/noti-america.com\/site\/mexico\/\",\"logo\":{\"@type\":\"ImageObject\",\"inLanguage\":\"es\",\"@id\":\"https:\/\/noti-america.com\/site\/mexico\/#\/schema\/logo\/image\/\",\"url\":\"https:\/\/noti-america.com\/site\/mexico\/wp-content\/uploads\/sites\/13\/2020\/07\/LogoNA-4x3-1.jpg\",\"contentUrl\":\"https:\/\/noti-america.com\/site\/mexico\/wp-content\/uploads\/sites\/13\/2020\/07\/LogoNA-4x3-1.jpg\",\"width\":1236,\"height\":1080,\"caption\":\"Noti-America LLC | M\u00e9xico\"},\"image\":{\"@id\":\"https:\/\/noti-america.com\/site\/mexico\/#\/schema\/logo\/image\/\"}},{\"@type\":\"Person\",\"@id\":\"https:\/\/noti-america.com\/site\/mexico\/#\/schema\/person\/376ccc7b3cc7a8d5a43c3ece07a43857\",\"name\":\"Yoelvzla\",\"image\":{\"@type\":\"ImageObject\",\"inLanguage\":\"es\",\"@id\":\"https:\/\/secure.gravatar.com\/avatar\/13a96a72123e0e9aa76fe82e8847f726c63a1c5ef6a8d0fadd844c1a5a83b212?s=96&d=mm&r=g\",\"url\":\"https:\/\/secure.gravatar.com\/avatar\/13a96a72123e0e9aa76fe82e8847f726c63a1c5ef6a8d0fadd844c1a5a83b212?s=96&d=mm&r=g\",\"contentUrl\":\"https:\/\/secure.gravatar.com\/avatar\/13a96a72123e0e9aa76fe82e8847f726c63a1c5ef6a8d0fadd844c1a5a83b212?s=96&d=mm&r=g\",\"caption\":\"Yoelvzla\"},\"url\":\"https:\/\/noti-america.com\/site\/mexico\/author\/ydiaz\/\"}]}<\/script>\n<!-- \/ Yoast SEO Premium plugin. -->","yoast_head_json":{"title":"Entregan denuncia por agresiones a las pilotos de Conviasa Andrea Palacios y Jasm\u00edn Acosta - M\u00e9xico","robots":{"index":"index","follow":"follow","max-snippet":"max-snippet:-1","max-image-preview":"max-image-preview:large","max-video-preview":"max-video-preview:-1"},"canonical":"https:\/\/noti-america.com\/site\/mexico\/2022\/10\/06\/entregan-denuncia-por-agresiones-a-las-pilotos-de-conviasa-andrea-palacios-y-jasmin-acosta\/","og_locale":"es_ES","og_type":"article","og_title":"Entregan denuncia por agresiones a las pilotos de Conviasa Andrea Palacios y Jasm\u00edn Acosta","og_description":"El ministro del Poder Popular para el Transporte y presidente de Conviasa, Ram\u00f3n Vel\u00e1squez Araguay\u00e1n, junto al movimiento de mujeres del transporte Manuelita S\u00e1enz y representantes de la Uni\u00f3n Nacional de Mujeres, UNAMUJER, entregaron&#46;&#46;&#46;","og_url":"https:\/\/noti-america.com\/site\/mexico\/2022\/10\/06\/entregan-denuncia-por-agresiones-a-las-pilotos-de-conviasa-andrea-palacios-y-jasmin-acosta\/","og_site_name":"M\u00e9xico","article_published_time":"2022-10-06T17:42:49+00:00","og_image":[{"width":1280,"height":720,"url":"https:\/\/noti-america.com\/site\/mexico\/wp-content\/uploads\/sites\/13\/2022\/10\/Conviasaff.jpg","type":"image\/jpeg"}],"author":"Yoelvzla","twitter_card":"summary_large_image","twitter_misc":{"Escrito por":"Yoelvzla","Tiempo estimado de lectura":"3 minutos"},"schema":{"@context":"https:\/\/schema.org","@graph":[{"@type":"Article","@id":"https:\/\/noti-america.com\/site\/mexico\/2022\/10\/06\/entregan-denuncia-por-agresiones-a-las-pilotos-de-conviasa-andrea-palacios-y-jasmin-acosta\/#article","isPartOf":{"@id":"https:\/\/noti-america.com\/site\/mexico\/2022\/10\/06\/entregan-denuncia-por-agresiones-a-las-pilotos-de-conviasa-andrea-palacios-y-jasmin-acosta\/"},"author":{"name":"Yoelvzla","@id":"https:\/\/noti-america.com\/site\/mexico\/#\/schema\/person\/376ccc7b3cc7a8d5a43c3ece07a43857"},"headline":"Entregan denuncia por agresiones a las pilotos de Conviasa Andrea Palacios y Jasm\u00edn Acosta","datePublished":"2022-10-06T17:42:49+00:00","mainEntityOfPage":{"@id":"https:\/\/noti-america.com\/site\/mexico\/2022\/10\/06\/entregan-denuncia-por-agresiones-a-las-pilotos-de-conviasa-andrea-palacios-y-jasmin-acosta\/"},"wordCount":614,"commentCount":0,"publisher":{"@id":"https:\/\/noti-america.com\/site\/mexico\/#organization"},"image":{"@id":"https:\/\/noti-america.com\/site\/mexico\/2022\/10\/06\/entregan-denuncia-por-agresiones-a-las-pilotos-de-conviasa-andrea-palacios-y-jasmin-acosta\/#primaryimage"},"thumbnailUrl":"https:\/\/noti-america.com\/site\/mexico\/wp-content\/uploads\/sites\/13\/2022\/10\/Conviasaff.jpg","articleSection":["Venezuela"],"inLanguage":"es","potentialAction":[{"@type":"CommentAction","name":"Comment","target":["https:\/\/noti-america.com\/site\/mexico\/2022\/10\/06\/entregan-denuncia-por-agresiones-a-las-pilotos-de-conviasa-andrea-palacios-y-jasmin-acosta\/#respond"]}]},{"@type":"WebPage","@id":"https:\/\/noti-america.com\/site\/mexico\/2022\/10\/06\/entregan-denuncia-por-agresiones-a-las-pilotos-de-conviasa-andrea-palacios-y-jasmin-acosta\/","url":"https:\/\/noti-america.com\/site\/mexico\/2022\/10\/06\/entregan-denuncia-por-agresiones-a-las-pilotos-de-conviasa-andrea-palacios-y-jasmin-acosta\/","name":"Entregan denuncia por agresiones a las pilotos de Conviasa Andrea Palacios y Jasm\u00edn Acosta - M\u00e9xico","isPartOf":{"@id":"https:\/\/noti-america.com\/site\/mexico\/#website"},"primaryImageOfPage":{"@id":"https:\/\/noti-america.com\/site\/mexico\/2022\/10\/06\/entregan-denuncia-por-agresiones-a-las-pilotos-de-conviasa-andrea-palacios-y-jasmin-acosta\/#primaryimage"},"image":{"@id":"https:\/\/noti-america.com\/site\/mexico\/2022\/10\/06\/entregan-denuncia-por-agresiones-a-las-pilotos-de-conviasa-andrea-palacios-y-jasmin-acosta\/#primaryimage"},"thumbnailUrl":"https:\/\/noti-america.com\/site\/mexico\/wp-content\/uploads\/sites\/13\/2022\/10\/Conviasaff.jpg","datePublished":"2022-10-06T17:42:49+00:00","breadcrumb":{"@id":"https:\/\/noti-america.com\/site\/mexico\/2022\/10\/06\/entregan-denuncia-por-agresiones-a-las-pilotos-de-conviasa-andrea-palacios-y-jasmin-acosta\/#breadcrumb"},"inLanguage":"es","potentialAction":[{"@type":"ReadAction","target":["https:\/\/noti-america.com\/site\/mexico\/2022\/10\/06\/entregan-denuncia-por-agresiones-a-las-pilotos-de-conviasa-andrea-palacios-y-jasmin-acosta\/"]}]},{"@type":"ImageObject","inLanguage":"es","@id":"https:\/\/noti-america.com\/site\/mexico\/2022\/10\/06\/entregan-denuncia-por-agresiones-a-las-pilotos-de-conviasa-andrea-palacios-y-jasmin-acosta\/#primaryimage","url":"https:\/\/noti-america.com\/site\/mexico\/wp-content\/uploads\/sites\/13\/2022\/10\/Conviasaff.jpg","contentUrl":"https:\/\/noti-america.com\/site\/mexico\/wp-content\/uploads\/sites\/13\/2022\/10\/Conviasaff.jpg","width":1280,"height":720},{"@type":"BreadcrumbList","@id":"https:\/\/noti-america.com\/site\/mexico\/2022\/10\/06\/entregan-denuncia-por-agresiones-a-las-pilotos-de-conviasa-andrea-palacios-y-jasmin-acosta\/#breadcrumb","itemListElement":[{"@type":"ListItem","position":1,"name":"Portada","item":"https:\/\/noti-america.com\/site\/mexico\/"},{"@type":"ListItem","position":2,"name":"Entregan denuncia por agresiones a las pilotos de Conviasa Andrea Palacios y Jasm\u00edn Acosta"}]},{"@type":"WebSite","@id":"https:\/\/noti-america.com\/site\/mexico\/#website","url":"https:\/\/noti-america.com\/site\/mexico\/","name":"M\u00e9xico | Noti-America.com","description":"","publisher":{"@id":"https:\/\/noti-america.com\/site\/mexico\/#organization"},"potentialAction":[{"@type":"SearchAction","target":{"@type":"EntryPoint","urlTemplate":"https:\/\/noti-america.com\/site\/mexico\/?s={search_term_string}"},"query-input":{"@type":"PropertyValueSpecification","valueRequired":true,"valueName":"search_term_string"}}],"inLanguage":"es"},{"@type":"Organization","@id":"https:\/\/noti-america.com\/site\/mexico\/#organization","name":"Noti-America LLC | M\u00e9xico","url":"https:\/\/noti-america.com\/site\/mexico\/","logo":{"@type":"ImageObject","inLanguage":"es","@id":"https:\/\/noti-america.com\/site\/mexico\/#\/schema\/logo\/image\/","url":"https:\/\/noti-america.com\/site\/mexico\/wp-content\/uploads\/sites\/13\/2020\/07\/LogoNA-4x3-1.jpg","contentUrl":"https:\/\/noti-america.com\/site\/mexico\/wp-content\/uploads\/sites\/13\/2020\/07\/LogoNA-4x3-1.jpg","width":1236,"height":1080,"caption":"Noti-America LLC | M\u00e9xico"},"image":{"@id":"https:\/\/noti-america.com\/site\/mexico\/#\/schema\/logo\/image\/"}},{"@type":"Person","@id":"https:\/\/noti-america.com\/site\/mexico\/#\/schema\/person\/376ccc7b3cc7a8d5a43c3ece07a43857","name":"Yoelvzla","image":{"@type":"ImageObject","inLanguage":"es","@id":"https:\/\/secure.gravatar.com\/avatar\/13a96a72123e0e9aa76fe82e8847f726c63a1c5ef6a8d0fadd844c1a5a83b212?s=96&d=mm&r=g","url":"https:\/\/secure.gravatar.com\/avatar\/13a96a72123e0e9aa76fe82e8847f726c63a1c5ef6a8d0fadd844c1a5a83b212?s=96&d=mm&r=g","contentUrl":"https:\/\/secure.gravatar.com\/avatar\/13a96a72123e0e9aa76fe82e8847f726c63a1c5ef6a8d0fadd844c1a5a83b212?s=96&d=mm&r=g","caption":"Yoelvzla"},"url":"https:\/\/noti-america.com\/site\/mexico\/author\/ydiaz\/"}]}},"_links":{"self":[{"href":"https:\/\/noti-america.com\/site\/mexico\/wp-json\/wp\/v2\/posts\/8467","targetHints":{"allow":["GET"]}}],"collection":[{"href":"https:\/\/noti-america.com\/site\/mexico\/wp-json\/wp\/v2\/posts"}],"about":[{"href":"https:\/\/noti-america.com\/site\/mexico\/wp-json\/wp\/v2\/types\/post"}],"author":[{"embeddable":true,"href":"https:\/\/noti-america.com\/site\/mexico\/wp-json\/wp\/v2\/users\/127"}],"replies":[{"embeddable":true,"href":"https:\/\/noti-america.com\/site\/mexico\/wp-json\/wp\/v2\/comments?post=8467"}],"version-history":[{"count":1,"href":"https:\/\/noti-america.com\/site\/mexico\/wp-json\/wp\/v2\/posts\/8467\/revisions"}],"predecessor-version":[{"id":8469,"href":"https:\/\/noti-america.com\/site\/mexico\/wp-json\/wp\/v2\/posts\/8467\/revisions\/8469"}],"wp:featuredmedia":[{"embeddable":true,"href":"https:\/\/noti-america.com\/site\/mexico\/wp-json\/wp\/v2\/media\/8468"}],"wp:attachment":[{"href":"https:\/\/noti-america.com\/site\/mexico\/wp-json\/wp\/v2\/media?parent=8467"}],"wp:term":[{"taxonomy":"category","embeddable":true,"href":"https:\/\/noti-america.com\/site\/mexico\/wp-json\/wp\/v2\/categories?post=8467"},{"taxonomy":"post_tag","embeddable":true,"href":"https:\/\/noti-america.com\/site\/mexico\/wp-json\/wp\/v2\/tags?post=8467"}],"curies":[{"name":"wp","href":"https:\/\/api.w.org\/{rel}","templated":true}]}}